{"id":3049,"date":"2012-12-24T09:19:00","date_gmt":"2012-12-24T07:19:00","guid":{"rendered":"https:\/\/fiaf.net\/agoradicult\/?p=3049"},"modified":"2012-12-24T09:19:00","modified_gmt":"2012-12-24T07:19:00","slug":"pausa-natalizia-2012","status":"publish","type":"post","link":"https:\/\/fiaf.net\/agoradicult\/2012\/12\/24\/pausa-natalizia-2012\/","title":{"rendered":"Pausa Natalizia 2012"},"content":{"rendered":"<p align=\"center\"><strong>Pausa Natalizia 2012<\/strong><\/p>\n<p align=\"center\"><strong>dal 24\/12\/2012 al 06\/01\/2013<br \/>\n<span style=\"color: #ffffff\">.<\/span><br \/>\n<\/strong><\/p>\n<p style=\"text-align: justify\">L\u2019antico detto che \u201cl\u2019Arte non s\u2019insegna\u201d viene da noi interpretato nel seguente modo: la fotografia \u00e8 inimitabile quando \u00e8 espressione di un\u2019autentica soggettivit\u00e0.<\/p>\n<p style=\"text-align: justify\">Pertanto \u00e8 decisivo dare la pi\u00f9 ampia visibilit\u00e0 alle opere fotografiche del mondo FIAF perch\u00e9 l\u2019espressione soggettiva possa essere pienamente valorizzata e \u00a0trovare i percorsi della propria evoluzione.<\/p>\n<p style=\"text-align: justify\">Quindi l\u2019azione del <strong>Dipartimento Cultura FIAF<\/strong> promuove il riconoscimento dei nuovi modelli dell\u2019espressione fotografica nascenti nella fenomenologia della Fotografia italiana.<\/p>\n<p style=\"text-align: justify\">Esso compie questa missione con gli strumenti che il mondo contemporaneo mette a disposizione: Internet e collaborando nelle attivit\u00e0 gi\u00e0 esistenti promosse dalle Associazioni fotografiche FIAF.<\/p>\n<p style=\"text-align: justify\"><strong>Agor\u00e0 Di Cult <\/strong>&#8211; <strong>https:\/\/fiaf.net\/agoradicult\/ <\/strong>&#8211; \u00e8 il blog che permette a tutti i soci FIAF di condividere i propri progetti e percorsi. In 11 mesi di attivit\u00e0 sul Blog sono stati pubblicati 146 Articoli, 885 Commenti, con la media di visite che varia da 700 a 1500 al giorno che diventano mediamente oltre 30.000 al mese. Gli iscritti al Dipartimento Cultura attualmente sono oltre 100.<\/p>\n<p style=\"text-align: justify\">Attualmente sono in corso di attuazione, sul Blog <strong>Agor\u00e0 Di Cult<\/strong> i seguenti progetti:<\/p>\n<p style=\"text-align: justify\">&#8211; \u00a0 \u00a0 \u00a0\u00a0<strong>Progetti personali degli iscritti<\/strong> secondo il regolamento del <strong>Dipartimento Cultura<\/strong>.<\/p>\n<p style=\"text-align: justify\">&#8211;\u00a0\u00a0\u00a0\u00a0\u00a0\u00a0 <strong>ITAca- Storie d\u2019Italia,<\/strong> elaborazione delle opere partecipanti.<\/p>\n<p style=\"text-align: justify\">&#8211;\u00a0\u00a0\u00a0\u00a0\u00a0\u00a0 <strong>Radici e nuove frontiere della fotografia Regionale italiana,<\/strong> presentazione di opere e autori che hanno segnato nel passato o caratterizzano nel presente la fotografia regionale.<\/p>\n<p style=\"text-align: justify\">&#8211;\u00a0\u00a0\u00a0\u00a0\u00a0\u00a0 <strong>Opere dai tavoli di Portfolio 2012, <\/strong>pubblicazione delle opere lette ai tavoli di portfolio e le altre attivit\u00e0 di lettura della fotografia<strong>.<\/strong><\/p>\n<p style=\"text-align: justify\">&#8211;\u00a0\u00a0\u00a0\u00a0\u00a0\u00a0 <strong>Conosciamo la FIAF, <\/strong>presentazione dei servizi e delle pubblicazioni della FIAF.<\/p>\n<figure style=\"width: 435px\" class=\"wp-caption aligncenter\"><a href=\"https:\/\/fiaf.net\/agoradicult\/wp-content\/uploads\/sites\/23\/2012\/12\/10_IMG_4684c.jpg\"><img loading=\"lazy\" decoding=\"async\" title=\"10_IMG_4684c\" src=\"https:\/\/fiaf.net\/agoradicult\/wp-content\/uploads\/sites\/23\/2012\/12\/10_IMG_4684c-e1356333221529.jpg\" alt=\"\" width=\"435\" height=\"580\" \/><\/a><figcaption class=\"wp-caption-text\">&quot;23\/12\/2012, Pisa&quot; foto di Silvano Bicocchi<\/figcaption><\/figure>\n<p align=\"center\"><strong><em>Le attivit\u00e0 svolte nel 2012<\/em><\/strong><em><\/em><\/p>\n<p><em>\u00a0<\/em><em>&#8211;\u00a0\u00a0\u00a0\u00a0\u00a0\u00a0\u00a0\u00a0 <strong>17\/03\/2012, Forl\u00ec<\/strong> \u2013 presso il \u201cGruppo TANK Sviluppo Immagine\u201d con la conferenza \u201cI linguaggi della fotografia\u201d alla mattina, lettura delle fotografie dei soci nel pomeriggio.<\/em><br \/>\n<em>\u00a0<\/em><em>&#8211;\u00a0\u00a0\u00a0\u00a0\u00a0\u00a0\u00a0\u00a0 <strong>31\/03\/ e 01\/04\/2012, Sestri Levante<\/strong> (GE) \u2013 presso l\u2019 \u201cAssociazione CARPE DIEM\u201d con il 2\u00b0 Photo Happening , durata 2 giornate.<\/em><br \/>\n<em>\u00a0<\/em><em>&#8211;\u00a0\u00a0\u00a0\u00a0\u00a0\u00a0\u00a0\u00a0 <strong>22\/04\/2012,\u00a0 Senigallia<\/strong> (AN) &#8211;\u00a0 Convegno Regionale Marche, Face to Face con Massimo Mazzoli e Silvano Bicocchi.<\/em><br \/>\n<em>\u00a0<\/em><em>&#8211;\u00a0\u00a0\u00a0\u00a0\u00a0\u00a0\u00a0\u00a0 <strong>29\/04\/2012, Ghedi (BS)<\/strong> \u2013 presso il \u201cC.F. LAMBDA\u201d con il 2\u00b0 \u201cPortfolio Tornado Ghedi\u201d con la lettura \u201cFace to Face\u201d con Cinzia B.Thompson e Silvano Bicocchi.<\/em><br \/>\n<em>\u00a0<\/em><em>&#8211;\u00a0\u00a0\u00a0\u00a0\u00a0\u00a0\u00a0\u00a0 <strong>05 e 06\/05\/2012, Garda (VR)<\/strong> \u2013 durante il Congresso Nazionale della FIAF. Lettura di Portfolio e presentazione delle nuove monografie.<\/em><br \/>\n<em>\u00a0<\/em><em>&#8211;\u00a0\u00a0\u00a0\u00a0\u00a0\u00a0\u00a0\u00a0 <strong>09 e 10\/06\/2016, Colorno (PR) <\/strong>\u2013 durante il \u201c ColornoPhotoLife\u201d con lettura di Portfolio con modalit\u00e0 \u201cFace to Face\u201d con Cinzia B.Thompson e Silvano Bicocchi.<\/em><br \/>\n<em>\u00a0<\/em><em>&#8211;\u00a0\u00a0\u00a0\u00a0\u00a0\u00a0\u00a0\u00a0 <strong>16 e 17\/06\/2012, Bibbiena (AR) <\/strong>\u2013 durante la manifestazione \u201cITACA\u201d al CIFA con conferenza \u201cPortfolio istruzioni per l\u2019uso\u201d.<\/em><br \/>\n<em>\u00a0<\/em><em>&#8211;\u00a0\u00a0\u00a0\u00a0\u00a0\u00a0\u00a0\u00a0 <strong>06, 07 e 08\/07\/2012, Sestri Levante <\/strong>\u2013 durante il portfolio \u201cUna penisola di luce\u201d con modalit\u00e0 \u201cFace to Face\u201d con Massimo Mazzoli e Silvano Bicocchi.<\/em><br \/>\n<em>&#8211;\u00a0\u00a0\u00a0\u00a0\u00a0\u00a0\u00a0\u00a0 <strong>31\/08 e 01\/09\/2012, Sassoferrato (AN) <\/strong>\u2013 durante \u201cFacePhotoNews\u201d.<\/em><br \/>\n<em>\u00a0<\/em><em>&#8211;\u00a0\u00a0\u00a0\u00a0\u00a0\u00a0\u00a0\u00a0 <strong>22 e 23\/09\/2012, Bibbiena<\/strong> \u2013 durante \u201cFotoconfronti\u201d.<\/em><br \/>\n<em>\u00a0<\/em><strong><em>&#8211; \u00a0 \u00a0 \u00a0 \u00a0 21\/10 , Romano d\u2019Ezzellino (VI)- <\/em><\/strong><em>Photo Day con conferenza \u201cPortfolio istruzioni per l\u2019uso\u201d e lettura di portfolio dei partecipanti<\/em><em>, \u00a0<\/em><em>durante \u201cAutunno con la fotografia\u201d.<\/em><br \/>\n<em>\u00a0<\/em><em>&#8211; \u00a0 \u00a0 \u00a0 <strong>27 e 28\/10, Brisighella (RA) \u2013 <\/strong>Face to Face con Cristina Paglionico e Silvano Bicocchi, durante il Convegno Regionale FIAF dell\u2019Emilia e Romagna<\/em><br \/>\n<em>\u00a0<\/em><em>&#8211; \u00a0 \u00a0 \u00a0<strong>25\/11, Carpi (MO), Face to Face <\/strong>con Luca Panaro e Silvano Bicocchi, organizzato da G.F. Grandangolo.\u00a0<\/em><br \/>\n<em>\u00a0<\/em><em>&#8211;\u00a0\u00a0\u00a0\u00a0\u00a0\u00a0<strong>08\/12, 9\u00b0 Portfolio Italia \u2013 <\/strong>Gran Premio EPSON Italia \u2013 CIFA di Bibbiena.<\/em><br \/>\n<em>\u00a0<\/em>&#8211;\u00a0\u00a0\u00a0\u00a0\u00a0\u00a0 <strong><em>22\/12 Pisa, Photo Party, <\/em><\/strong><em>Organizzato da Circoli fotografici della Provincia di Pisa<\/em><br \/>\n<em>\u00a0<\/em><br \/>\nAl riavvio delle attivit\u00e0, al 06\/01\/2013, pubblicheremo l\u2019<strong>Agenda Di Cult 2013<\/strong> delle attivit\u00e0 attualmente gi\u00e0 pianificate.<br \/>\n<figure id=\"attachment_3056\" aria-describedby=\"caption-attachment-3056\" style=\"width: 580px\" class=\"wp-caption aligncenter\"><a href=\"https:\/\/fiaf.net\/agoradicult\/wp-content\/uploads\/sites\/23\/2012\/12\/20_IMG_4647cc.jpg\"><img loading=\"lazy\" decoding=\"async\" class=\"size-full wp-image-3056\" title=\"20_IMG_4647cc\" src=\"https:\/\/fiaf.net\/agoradicult\/wp-content\/uploads\/sites\/23\/2012\/12\/20_IMG_4647cc.jpg\" alt=\"\" width=\"580\" height=\"411\" srcset=\"https:\/\/fiaf.net\/agoradicult\/wp-content\/uploads\/sites\/23\/2012\/12\/20_IMG_4647cc.jpg 580w, https:\/\/fiaf.net\/agoradicult\/wp-content\/uploads\/sites\/23\/2012\/12\/20_IMG_4647cc-300x213.jpg 300w\" sizes=\"auto, (max-width: 580px) 100vw, 580px\" \/><\/a><figcaption id=\"caption-attachment-3056\" class=\"wp-caption-text\"> &quot;16\/12\/2012 - Modena&quot; foto Silvano Bicocchi<\/figcaption><\/figure>\n<strong><em>Auguriamo a tutta la Community di Agor\u00e0 Di Cult un sereno S. Natale e un meraviglioso Nuovo Anno fotografico 2013.<\/em><\/strong><br \/>\n<strong><em>\u00a0<\/em><\/strong><br \/>\nSilvano Bicocchi<br \/>\nDirettore del <strong>Dipartimento Cultura FIAF<\/strong><br \/>\n&nbsp;<br \/>\n&nbsp;<\/p>\n\n    <div class=\"xs_social_share_widget xs_share_url after_content \t\tmain_content  wslu-style-1 wslu-share-box-shaped wslu-fill-colored wslu-none wslu-share-horizontal wslu-theme-font-no wslu-main_content\">\n\n\t\t\n        <ul>\n\t\t\t        <\/ul>\n    <\/div> \n","protected":false},"excerpt":{"rendered":"<p>Pausa Natalizia 2012 dal 24\/12\/2012 al 06\/01\/2013 . L\u2019antico detto che \u201cl\u2019Arte non s\u2019insegna\u201d viene da noi interpretato nel seguente &hellip;<\/p>\n","protected":false},"author":3,"featured_media":3050,"comment_status":"open","ping_status":"open","sticky":false,"template":"","format":"standard","meta":{"_acf_changed":false,"footnotes":""},"categories":[11],"tags":[],"class_list":["post-3049","post","type-post","status-publish","format-standard","has-post-thumbnail","hentry","category-comunicazioni-del-dipartimento"],"acf":[],"_links":{"self":[{"href":"https:\/\/fiaf.net\/agoradicult\/wp-json\/wp\/v2\/posts\/3049","targetHints":{"allow":["GET"]}}],"collection":[{"href":"https:\/\/fiaf.net\/agoradicult\/wp-json\/wp\/v2\/posts"}],"about":[{"href":"https:\/\/fiaf.net\/agoradicult\/wp-json\/wp\/v2\/types\/post"}],"author":[{"embeddable":true,"href":"https:\/\/fiaf.net\/agoradicult\/wp-json\/wp\/v2\/users\/3"}],"replies":[{"embeddable":true,"href":"https:\/\/fiaf.net\/agoradicult\/wp-json\/wp\/v2\/comments?post=3049"}],"version-history":[{"count":0,"href":"https:\/\/fiaf.net\/agoradicult\/wp-json\/wp\/v2\/posts\/3049\/revisions"}],"wp:featuredmedia":[{"embeddable":true,"href":"https:\/\/fiaf.net\/agoradicult\/wp-json\/wp\/v2\/media\/3050"}],"wp:attachment":[{"href":"https:\/\/fiaf.net\/agoradicult\/wp-json\/wp\/v2\/media?parent=3049"}],"wp:term":[{"taxonomy":"category","embeddable":true,"href":"https:\/\/fiaf.net\/agoradicult\/wp-json\/wp\/v2\/categories?post=3049"},{"taxonomy":"post_tag","embeddable":true,"href":"https:\/\/fiaf.net\/agoradicult\/wp-json\/wp\/v2\/tags?post=3049"}],"curies":[{"name":"wp","href":"https:\/\/api.w.org\/{rel}","templated":true}]}}