{"id":3064,"date":"2013-01-06T17:49:53","date_gmt":"2013-01-06T15:49:53","guid":{"rendered":"https:\/\/fiaf.net\/agoradicult\/?p=3064"},"modified":"2013-01-06T17:49:53","modified_gmt":"2013-01-06T15:49:53","slug":"michele-annunziata","status":"publish","type":"post","link":"https:\/\/fiaf.net\/agoradicult\/2013\/01\/06\/michele-annunziata\/","title":{"rendered":"Michele Annunziata"},"content":{"rendered":"<p>Tessera Fiaf: 041697<br \/>\nClasse:1955<br \/>\nemail: <a href=\"mailto:info@manunzio.it\">info@manunzio.it<\/a><br \/>\nSito Web: <a href=\"http:\/\/info@manunzio.it\" target=\"_blank\" rel=\"noopener\">www.manunzio.it<\/a><br \/>\nCandidatura : Animatore culturale Fiaf, Tutor fotografico<br \/>\nNote Biografiche:<\/p>\n<p style=\"text-align: justify\">All&#8217;et\u00e0 di otto anni, grazie ad un zio fotografo. E non ho pi\u00f9 smesso, dall&#8217;analogico sviluppo e stampa bianconero, al digitale gi\u00e0 praticato ai tempi (pionieristici) di Amiga Commodore.<br \/>\nNegli anni Ottanta e Novanta quelli che allora erano i Workshop, e con G.B.Gardin, Tazio Secchiaroli, Danilo Cedrone, Giovanni Gastell attuale neo presidente AFIP. <strong><\/strong><\/p>\n<p><strong>\u00a0Manifestazioni e mostre:<\/strong><\/p>\n<p style=\"text-align: justify\">Progetto sponsorizzato dall&#8217;allora AGFA Italia su Carlo Levi (immagini su diapositiva bianconero Scala). Nel circuito mostre dell&#8217;allora Fondazione Italiana per la Fotografia in Torino, la mostra Ab-ove.<\/p>\n<p style=\"text-align: justify\"><strong>Napoli 1982 mostra curata da Lafranco Colombo, Milano 1994 collettiva AFIP<\/strong><\/p>\n<p style=\"text-align: justify\"><strong>Pubblicazioni:<\/strong><\/p>\n<p>Reflex Dicembre 2001, Epson Italia Luglio 2000, Computer foto Gennaio 2004, Picture-editor del periodico Totem magazine di Lucania.<br \/>\nBeta-tester Wnsoft Picture exe. 7.5<br \/>\n<strong><br \/>\n<\/strong><\/p>\n\n    <div class=\"xs_social_share_widget xs_share_url after_content \t\tmain_content  wslu-style-1 wslu-share-box-shaped wslu-fill-colored wslu-none wslu-share-horizontal wslu-theme-font-no wslu-main_content\">\n\n\t\t\n        <ul>\n\t\t\t        <\/ul>\n    <\/div> \n","protected":false},"excerpt":{"rendered":"<p>Tessera Fiaf: 041697 Classe:1955 email: info@manunzio.it Sito Web: www.manunzio.it Candidatura : Animatore culturale Fiaf, Tutor fotografico Note Biografiche: All&#8217;et\u00e0 di &hellip;<\/p>\n","protected":false},"author":15,"featured_media":3065,"comment_status":"open","ping_status":"open","sticky":false,"template":"","format":"standard","meta":{"_acf_changed":false,"footnotes":""},"categories":[26],"tags":[],"class_list":["post-3064","post","type-post","status-publish","format-standard","has-post-thumbnail","hentry","category-iscritti"],"acf":[],"_links":{"self":[{"href":"https:\/\/fiaf.net\/agoradicult\/wp-json\/wp\/v2\/posts\/3064","targetHints":{"allow":["GET"]}}],"collection":[{"href":"https:\/\/fiaf.net\/agoradicult\/wp-json\/wp\/v2\/posts"}],"about":[{"href":"https:\/\/fiaf.net\/agoradicult\/wp-json\/wp\/v2\/types\/post"}],"author":[{"embeddable":true,"href":"https:\/\/fiaf.net\/agoradicult\/wp-json\/wp\/v2\/users\/15"}],"replies":[{"embeddable":true,"href":"https:\/\/fiaf.net\/agoradicult\/wp-json\/wp\/v2\/comments?post=3064"}],"version-history":[{"count":0,"href":"https:\/\/fiaf.net\/agoradicult\/wp-json\/wp\/v2\/posts\/3064\/revisions"}],"wp:featuredmedia":[{"embeddable":true,"href":"https:\/\/fiaf.net\/agoradicult\/wp-json\/wp\/v2\/media\/3065"}],"wp:attachment":[{"href":"https:\/\/fiaf.net\/agoradicult\/wp-json\/wp\/v2\/media?parent=3064"}],"wp:term":[{"taxonomy":"category","embeddable":true,"href":"https:\/\/fiaf.net\/agoradicult\/wp-json\/wp\/v2\/categories?post=3064"},{"taxonomy":"post_tag","embeddable":true,"href":"https:\/\/fiaf.net\/agoradicult\/wp-json\/wp\/v2\/tags?post=3064"}],"curies":[{"name":"wp","href":"https:\/\/api.w.org\/{rel}","templated":true}]}}