{"id":3072,"date":"2013-01-06T18:01:30","date_gmt":"2013-01-06T16:01:30","guid":{"rendered":"https:\/\/fiaf.net\/agoradicult\/?p=3072"},"modified":"2013-01-06T18:01:30","modified_gmt":"2013-01-06T16:01:30","slug":"ernesto-mezzera","status":"publish","type":"post","link":"https:\/\/fiaf.net\/agoradicult\/2013\/01\/06\/ernesto-mezzera\/","title":{"rendered":"Ernesto Mezzera"},"content":{"rendered":"<p>Tessera Fiaf: 8469<br \/>\nClasse:1958<br \/>\nemail: <a href=\"mailto:e.mezzera@alice.it\">e.mezzera@alice.it<\/a><br \/>\nSito Web: <a href=\"http:\/\/www.ernestomezzera.it\" target=\"_blank\" rel=\"noopener\">www.ernestomezzera.it<\/a><br \/>\nCandidatura : Animatore culturale Fiaf, Coordinatore Artistico<br \/>\nNote Biografiche:<\/p>\n<p style=\"text-align: justify\">(Nato a Grumello del Monte (Bg) nel 1958 vi dimora fino al 1987, quindi si trasferisce a Paratico.<br \/>\nNel 1988 inizia a fotografare e fonda il fotoclub \u201cLe Molere\u201d di Sarnico, nel l998 il fotoclub \u201cLa Torretta\u201d di Grumello del Monte dove \u00e8 stato Vicepresidente e Segretario.<br \/>\nIscritto alla FIAF dal 1988 frequenta un corso di base e un corso di camera oscura, sucessivamente partecipa a diversi stage di aggiornamento con Sergio Magni, (responsabile delle attivit\u00e0 culturali della FIAF), e al seminario per giurati FIAF.<br \/>\nDal 1994 al 2005 partecipa ai concorsi locali e nazionali ottenendo prestigiosi premi e molte ammissioni.<br \/>\nHa organizzato diversi concorsi tra i quali nel 2002 il concorso Nazionale \u201cI disabili e lo sport\u201d in collaborazione con la polisportiva disabili Valle Camonica e il Rotaract club Lovere-Iseo-Breno.<br \/>\nOrganizza lo stage \u201cl\u2019oggetto trovato\u201d con la prestigiosa partecipazione di Giorgio Rigon (EFIAP MFI).<br \/>\nSue foto sono state esposte in diverse gallerie fotografiche e in molti circoli fotografici nazionali con il circuito Cirmof.<br \/>\nNel 2001 la sua mostra personale \u201c gli altri siamo noi\u201d ha riscosso notevole successo portando all\u2019attenzione della comunit\u00e0 sociale, sempre pi\u00f9 chiusa nelle sue indifferenze il grande problema della sindrome di down andando oltre il pregiudizio e la stupidit\u00e0, la mostra \u00e8 entrata a far parte del circuito Cirmof della FIAF.<\/p>\n<p style=\"text-align: justify\">E\u2019 stato insignito nel 2000 dell\u2019onorificenza di BFI (benemerito della fotografia italiana) per aver contribuito alla diffusione della fotografia amatoriale, e nel 2008 dell\u2019onorificenza A.F.I (artista della fotografia italiana).<br \/>\nHa collaborato con diversi fotografi professionisti alla realizzazione di foto per matrimoni, predilige il ritratto e la figura ambientata, attualmente si \u00e8 avvicinato alla fotografia creativa con il corso polaroid con Pino Valgimigli e lo stage con Ivano Bolondi.<br \/>\nNel 2010 segue al MIMA di Verona uno stage sul reportage di due giorni con il maestro Francesco Cito.<br \/>\nOggi opera nel settore del foto giornalismo e diverse sue opere sono state pubblicate su numerosi giornali e riviste del settore, \u00e8 stato il delegato FIAF per la Provincia di Bergamo.<\/p>\n<p><strong>Manifestazioni e mostre:<\/strong><br \/>\nPartecipa dal 2002 con proprie opere al CIRMOF, aderisce dal 2005 a numerose Mostre Collettive con stampe analogiche, Polaroid, stampe di file digitali in diverse localit\u00e0 lombarde.<br \/>\n<strong>Pubblicazioni:<\/strong><br \/>\nPartecipa alle Monografie FIAF: \u201c IL PAESAGGIO NEL SUD\u201d e \u201c IL VESTIRE\u201d. Partecipa ai libri fotografici realizzati dal Fotoclub \u201cLa Torretta\u201d: \u201cIMPRONTE DI GRUMELLO\u201d e \u201c DIECI\u201d. Pubblica fotografie su varie riviste: \u201cMADRE\u201d, \u201cQUI BRESCIA\u201d. Realizza numerosi calendari dal 2006 personali o collettivi. Realizza numerosi articoli su temi fotografici per giornali quotidiani.<br \/>\n&nbsp;<\/p>\n\n    <div class=\"xs_social_share_widget xs_share_url after_content \t\tmain_content  wslu-style-1 wslu-share-box-shaped wslu-fill-colored wslu-none wslu-share-horizontal wslu-theme-font-no wslu-main_content\">\n\n\t\t\n        <ul>\n\t\t\t        <\/ul>\n    <\/div> \n","protected":false},"excerpt":{"rendered":"<p>Tessera Fiaf: 8469 Classe:1958 email: e.mezzera@alice.it Sito Web: www.ernestomezzera.it Candidatura : Animatore culturale Fiaf, Coordinatore Artistico Note Biografiche: (Nato a &hellip;<\/p>\n","protected":false},"author":15,"featured_media":3075,"comment_status":"open","ping_status":"open","sticky":false,"template":"","format":"standard","meta":{"_acf_changed":false,"footnotes":""},"categories":[26],"tags":[],"class_list":["post-3072","post","type-post","status-publish","format-standard","has-post-thumbnail","hentry","category-iscritti"],"acf":[],"_links":{"self":[{"href":"https:\/\/fiaf.net\/agoradicult\/wp-json\/wp\/v2\/posts\/3072","targetHints":{"allow":["GET"]}}],"collection":[{"href":"https:\/\/fiaf.net\/agoradicult\/wp-json\/wp\/v2\/posts"}],"about":[{"href":"https:\/\/fiaf.net\/agoradicult\/wp-json\/wp\/v2\/types\/post"}],"author":[{"embeddable":true,"href":"https:\/\/fiaf.net\/agoradicult\/wp-json\/wp\/v2\/users\/15"}],"replies":[{"embeddable":true,"href":"https:\/\/fiaf.net\/agoradicult\/wp-json\/wp\/v2\/comments?post=3072"}],"version-history":[{"count":0,"href":"https:\/\/fiaf.net\/agoradicult\/wp-json\/wp\/v2\/posts\/3072\/revisions"}],"wp:featuredmedia":[{"embeddable":true,"href":"https:\/\/fiaf.net\/agoradicult\/wp-json\/wp\/v2\/media\/3075"}],"wp:attachment":[{"href":"https:\/\/fiaf.net\/agoradicult\/wp-json\/wp\/v2\/media?parent=3072"}],"wp:term":[{"taxonomy":"category","embeddable":true,"href":"https:\/\/fiaf.net\/agoradicult\/wp-json\/wp\/v2\/categories?post=3072"},{"taxonomy":"post_tag","embeddable":true,"href":"https:\/\/fiaf.net\/agoradicult\/wp-json\/wp\/v2\/tags?post=3072"}],"curies":[{"name":"wp","href":"https:\/\/api.w.org\/{rel}","templated":true}]}}