{"id":31317,"date":"2023-04-09T11:30:53","date_gmt":"2023-04-09T09:30:53","guid":{"rendered":"https:\/\/fiaf.net\/agoradicult\/?p=31317"},"modified":"2023-04-09T12:09:12","modified_gmt":"2023-04-09T10:09:12","slug":"pausa-pasquale_2023","status":"publish","type":"post","link":"https:\/\/fiaf.net\/agoradicult\/2023\/04\/09\/pausa-pasquale_2023\/","title":{"rendered":"PAUSA PASQUALE_2023"},"content":{"rendered":"<p>La Pasqua \u00e8 festa religiosa, in particolare per il Cristianesimo essa rappresenta il momento pi\u00f9 alto di riflessione sui valori fondanti applicati alla nostra attuale realt\u00e0, purtroppo tantissime sono le criticit\u00e0 che quotidianamente ci portiamo sulle spalle. Nonostante tutto, vista la mobilit\u00e0 di questi giorni, noi desideriamo che la pausa Pasquale ritorni ad essere un momento di serenit\u00e0.<\/p>\n<p>Quanti milioni di foto saranno scattate oggi in Italia? Ritrarranno persone ambientate nelle mete turistiche e le nostre meraviglie artistiche strapperanno scatti anche ai pi\u00f9 pigri che si sentiranno artisti per un giorno!<\/p>\n<p>Con lo smartphone tutti hanno la fotocamera in tasca ( e che fotocamera) e anche ci scapper\u00e0 pi\u00f9 di un selfie sia al gruppo, sia al single. Ci sar\u00e0 anche qualcuno che riprender\u00e0 la mirrorless o la vecchia reflex e cercher\u00e0 un rapporto intenso con la realt\u00e0 e tra una visione pensata e l&#8217;altra ci scapper\u00e0 anche qualche scatto di streetphotografy fatti d&#8217;impulso attratti dagli incontri casuali. In quegli scatti fatti senza inquadrare state attenti all&#8217;autofocus perch\u00e9 \u00e8 quello il punto debole dell&#8217;automazione (non hanno ancora collegato la messa fuoco col cervello del fotografo).<\/p>\n<p>Anche questo limite pu\u00f2 esser superato prefocalizzando l&#8217;obiettivo e tenere in mente la distanza allo scatto&#8230; insomma con tutti questi problemi ritorniamo a capire che le foto le fanno i fotografi&#8230; le macchine sono obbedienti al loro comando.<\/p>\n<p>&nbsp;<\/p>\n<h1 style=\"text-align: center\"><strong>BUONA PASQUA<\/strong><\/h1>\n<p>&nbsp;<\/p>\n<p>e buona luce!<\/p>\n<p>&nbsp;<\/p>\n<p>Silvano Bicocchi<br \/>\nDirettore del <strong>Dipartimento Cultura FIAF<\/strong><\/p>\n<p>&nbsp;<\/p>\n<p><img loading=\"lazy\" decoding=\"async\" class=\"size-full wp-image-31319 aligncenter\" src=\"https:\/\/fiaf.net\/agoradicult\/wp-content\/uploads\/sites\/23\/2023\/04\/IMG_0108-scaled-e1680968627754.jpeg\" alt=\"\" width=\"580\" height=\"773\" srcset=\"https:\/\/fiaf.net\/agoradicult\/wp-content\/uploads\/sites\/23\/2023\/04\/IMG_0108-scaled-e1680968627754.jpeg 580w, https:\/\/fiaf.net\/agoradicult\/wp-content\/uploads\/sites\/23\/2023\/04\/IMG_0108-scaled-e1680968627754-225x300.jpeg 225w\" sizes=\"auto, (max-width: 580px) 100vw, 580px\" \/><\/p>\n\n    <div class=\"xs_social_share_widget xs_share_url after_content \t\tmain_content  wslu-style-1 wslu-share-box-shaped wslu-fill-colored wslu-none wslu-share-horizontal wslu-theme-font-no wslu-main_content\">\n\n\t\t\n        <ul>\n\t\t\t        <\/ul>\n    <\/div> \n","protected":false},"excerpt":{"rendered":"<p>La Pasqua \u00e8 festa religiosa, in particolare per il Cristianesimo essa rappresenta il momento pi\u00f9 alto di riflessione sui valori &hellip;<\/p>\n","protected":false},"author":80,"featured_media":31321,"comment_status":"open","ping_status":"open","sticky":false,"template":"","format":"standard","meta":{"_acf_changed":false,"footnotes":""},"categories":[11],"tags":[140,141],"class_list":["post-31317","post","type-post","status-publish","format-standard","has-post-thumbnail","hentry","category-comunicazioni-del-dipartimento","tag-pasqua","tag-direttore"],"acf":[],"_links":{"self":[{"href":"https:\/\/fiaf.net\/agoradicult\/wp-json\/wp\/v2\/posts\/31317","targetHints":{"allow":["GET"]}}],"collection":[{"href":"https:\/\/fiaf.net\/agoradicult\/wp-json\/wp\/v2\/posts"}],"about":[{"href":"https:\/\/fiaf.net\/agoradicult\/wp-json\/wp\/v2\/types\/post"}],"author":[{"embeddable":true,"href":"https:\/\/fiaf.net\/agoradicult\/wp-json\/wp\/v2\/users\/80"}],"replies":[{"embeddable":true,"href":"https:\/\/fiaf.net\/agoradicult\/wp-json\/wp\/v2\/comments?post=31317"}],"version-history":[{"count":8,"href":"https:\/\/fiaf.net\/agoradicult\/wp-json\/wp\/v2\/posts\/31317\/revisions"}],"predecessor-version":[{"id":31328,"href":"https:\/\/fiaf.net\/agoradicult\/wp-json\/wp\/v2\/posts\/31317\/revisions\/31328"}],"wp:featuredmedia":[{"embeddable":true,"href":"https:\/\/fiaf.net\/agoradicult\/wp-json\/wp\/v2\/media\/31321"}],"wp:attachment":[{"href":"https:\/\/fiaf.net\/agoradicult\/wp-json\/wp\/v2\/media?parent=31317"}],"wp:term":[{"taxonomy":"category","embeddable":true,"href":"https:\/\/fiaf.net\/agoradicult\/wp-json\/wp\/v2\/categories?post=31317"},{"taxonomy":"post_tag","embeddable":true,"href":"https:\/\/fiaf.net\/agoradicult\/wp-json\/wp\/v2\/tags?post=31317"}],"curies":[{"name":"wp","href":"https:\/\/api.w.org\/{rel}","templated":true}]}}