{"id":3143,"date":"2013-01-13T20:00:52","date_gmt":"2013-01-13T18:00:52","guid":{"rendered":"https:\/\/fiaf.net\/agoradicult\/?p=3143"},"modified":"2013-01-13T20:00:52","modified_gmt":"2013-01-13T18:00:52","slug":"il-tesseramento-2013-alla-fiaf","status":"publish","type":"post","link":"https:\/\/fiaf.net\/agoradicult\/2013\/01\/13\/il-tesseramento-2013-alla-fiaf\/","title":{"rendered":"Il Tesseramento 2013 alla FIAF"},"content":{"rendered":"<p style=\"text-align: justify\">Nello studiare gli \u201cAutori dell\u2019anno FIAF\u201d della stagione Neorealista mi sono sempre trovato di fronte alla confessione delle rinunzie che l\u2019alto costo del fotografare imponeva loro.<\/p>\n<p style=\"text-align: justify\">In questo clima di preoccupante crisi economica parlare di tesseramento FIAF ho l\u2019impressione che siamo di nuovo di fronte a questo \u201cdramma\u201d di scelte prioritarie nel coltivare i propri interessi.<\/p>\n<p style=\"text-align: justify\">Di certo anche per un\u2019associazione come la FIAF, che \u00e8 sostenuta solo dal \u201cVolontariato culturale\u201d, il 2013 sar\u00e0 economicamente un anno difficile!<\/p>\n<p style=\"text-align: justify\">Tutti i responsabili della FIAF in queste settimane sono impegnati nella campagna del Tesseramento 2013, anche il Dipartimento Cultura FIAF contribuisce a questa operazione, a suo modo e con i mezzi che gli sono dati dalla Federazione.<\/p>\n<p><a href=\"https:\/\/fiaf.net\/agoradicult\/wp-content\/uploads\/sites\/23\/2013\/01\/TOTEM-80X200-TR1.jpg\"><img loading=\"lazy\" decoding=\"async\" class=\"aligncenter size-full wp-image-3145\" title=\"TOTEM 80X200 TR\" src=\"https:\/\/fiaf.net\/agoradicult\/wp-content\/uploads\/sites\/23\/2013\/01\/TOTEM-80X200-TR1.jpg\" alt=\"\" width=\"400\" height=\"765\" srcset=\"https:\/\/fiaf.net\/agoradicult\/wp-content\/uploads\/sites\/23\/2013\/01\/TOTEM-80X200-TR1.jpg 400w, https:\/\/fiaf.net\/agoradicult\/wp-content\/uploads\/sites\/23\/2013\/01\/TOTEM-80X200-TR1-157x300.jpg 157w\" sizes=\"auto, (max-width: 400px) 100vw, 400px\" \/><\/a><\/p>\n<p style=\"text-align: justify\">L\u2019azione che esprimiamo con Agor\u00e0 Di Cult \u00e8 tesa al continuo risveglio d\u2019interesse verso il fenomeno fotografico italiano. Mentre la rivista FOTOIT registra ogni mese l\u2019eredit\u00e0 storica della FIAF, il blog Agor\u00e0 Di Cult \u00e8 il \u201cpane quotidiano\u201d che alimenta la crescita della nostra passione.<\/p>\n<p style=\"text-align: justify\">Per questa ragione le pubblicazioni sul nostro blog si dilateranno continuamente verso platee sempre pi\u00f9 ampie, raggiungendo anche i fotografi ancora non iscritti alla FIAF.<\/p>\n<p style=\"text-align: justify\">Nei prossimi mesi le pubblicazioni saranno rivolte a tutti i generi di attivit\u00e0\u00a0fotografiche e di tutti i livelli, conosceremo quindi opere di autori maturi ma anche di esordienti, riaffermando con ci\u00f2 il principio di \u201cPercorso\u201d che \u00e8 il concetto cardine del Dipartimento Cultura FIAF.<\/p>\n<p style=\"text-align: justify\">In questi anni in tanti mi hanno chiesto: come ci si iscrive alla FIAF ?<\/p>\n<p style=\"text-align: justify\">Per chi non \u00e8 iscritto ai Circoli Fotografici, finalmente oggi \u00e8 possibile effettuare il Tesseramento 2013 in modo semplice e diretto al seguente link:<\/p>\n<p style=\"text-align: justify\"><span style=\"color: #0000ff\">http:\/\/shop.fiaf.net\/index.php\/tesseramento-2013.html<\/span><\/p>\n<p style=\"text-align: justify\">L\u2019impegno degli Organi Dirigenti della FIAF \u00e8 di aumentare il valore culturale ed economico della Tessera e continuamente sono in corso di realizzazione nuovi interessanti progetti.<\/p>\n<p style=\"text-align: justify\">Stiamo realizzando la monografia 2013 della collana \u201cGrandi Autori\u201d dedicata a Francesco Zizola, nella quale sar\u00e0 raccolta la produzione pi\u00f9 recente della sua straordinaria carriera fotografica.<\/p>\n<p style=\"text-align: justify\">Attenzione perch\u00e9 questa monografia sar\u00e0 inviata in omaggio solo ai Soci iscritti entro il 31\/01\/2013.<\/p>\n<p style=\"text-align: justify\">La ragione veramente importante per iscriversi alla FIAF \u00e8 che occorre sostenere l\u2019esistenza di una realt\u00e0 dinamica come la nostra, perch\u00e9 se non ci fosse stata migliaia di fotografi non avrebbero avuto le occasioni di crescita e di visibilit\u00e0 che hanno avuto dal 1948 ad oggi.<\/p>\n<p style=\"text-align: justify\">Dobbiamo essere consapevoli e orgogliosi che la nostra FIAF, per quello che ha fatto in passato e per ci\u00f2 che fa oggi, \u00e8 una delle pi\u00f9 importanti associazioni fotografiche del mondo.<\/p>\n<p style=\"text-align: justify\">Silvano Bicocchi<\/p>\n<p style=\"text-align: justify\">Direttore del <strong>Dipartimento Cultura FIAF<\/strong><\/p>\n\n    <div class=\"xs_social_share_widget xs_share_url after_content \t\tmain_content  wslu-style-1 wslu-share-box-shaped wslu-fill-colored wslu-none wslu-share-horizontal wslu-theme-font-no wslu-main_content\">\n\n\t\t\n        <ul>\n\t\t\t        <\/ul>\n    <\/div> \n","protected":false},"excerpt":{"rendered":"<p>Nello studiare gli \u201cAutori dell\u2019anno FIAF\u201d della stagione Neorealista mi sono sempre trovato di fronte alla confessione delle rinunzie che &hellip;<\/p>\n","protected":false},"author":15,"featured_media":3145,"comment_status":"open","ping_status":"open","sticky":false,"template":"","format":"standard","meta":{"_acf_changed":false,"footnotes":""},"categories":[7,11],"tags":[],"class_list":["post-3143","post","type-post","status-publish","format-standard","has-post-thumbnail","hentry","category-archivio","category-comunicazioni-del-dipartimento"],"acf":[],"_links":{"self":[{"href":"https:\/\/fiaf.net\/agoradicult\/wp-json\/wp\/v2\/posts\/3143","targetHints":{"allow":["GET"]}}],"collection":[{"href":"https:\/\/fiaf.net\/agoradicult\/wp-json\/wp\/v2\/posts"}],"about":[{"href":"https:\/\/fiaf.net\/agoradicult\/wp-json\/wp\/v2\/types\/post"}],"author":[{"embeddable":true,"href":"https:\/\/fiaf.net\/agoradicult\/wp-json\/wp\/v2\/users\/15"}],"replies":[{"embeddable":true,"href":"https:\/\/fiaf.net\/agoradicult\/wp-json\/wp\/v2\/comments?post=3143"}],"version-history":[{"count":0,"href":"https:\/\/fiaf.net\/agoradicult\/wp-json\/wp\/v2\/posts\/3143\/revisions"}],"wp:featuredmedia":[{"embeddable":true,"href":"https:\/\/fiaf.net\/agoradicult\/wp-json\/wp\/v2\/media\/3145"}],"wp:attachment":[{"href":"https:\/\/fiaf.net\/agoradicult\/wp-json\/wp\/v2\/media?parent=3143"}],"wp:term":[{"taxonomy":"category","embeddable":true,"href":"https:\/\/fiaf.net\/agoradicult\/wp-json\/wp\/v2\/categories?post=3143"},{"taxonomy":"post_tag","embeddable":true,"href":"https:\/\/fiaf.net\/agoradicult\/wp-json\/wp\/v2\/tags?post=3143"}],"curies":[{"name":"wp","href":"https:\/\/api.w.org\/{rel}","templated":true}]}}