{"id":31430,"date":"2023-04-23T09:20:40","date_gmt":"2023-04-23T07:20:40","guid":{"rendered":"https:\/\/fiaf.net\/agoradicult\/?p=31430"},"modified":"2023-04-23T09:38:25","modified_gmt":"2023-04-23T07:38:25","slug":"il-terzo-paesaggio-di-walter-turcato","status":"publish","type":"post","link":"https:\/\/fiaf.net\/agoradicult\/2023\/04\/23\/il-terzo-paesaggio-di-walter-turcato\/","title":{"rendered":"Il \u201cTerzo Paesaggio\u201d &#8211; di Walter Turcato"},"content":{"rendered":"<p><img loading=\"lazy\" decoding=\"async\" class=\" wp-image-31453 aligncenter\" src=\"https:\/\/fiaf.net\/agoradicult\/wp-content\/uploads\/sites\/23\/2023\/04\/Terzo-Paesaggio_Marche-W.Turcato.jpg\" alt=\"\" width=\"580\" height=\"820\" srcset=\"https:\/\/fiaf.net\/agoradicult\/wp-content\/uploads\/sites\/23\/2023\/04\/Terzo-Paesaggio_Marche-W.Turcato.jpg 595w, https:\/\/fiaf.net\/agoradicult\/wp-content\/uploads\/sites\/23\/2023\/04\/Terzo-Paesaggio_Marche-W.Turcato-212x300.jpg 212w\" sizes=\"auto, (max-width: 580px) 100vw, 580px\" \/><\/p>\n<p>&nbsp;<\/p>\n<p>Mi ritrovo a scrivere questo post nei giorni di fine gennaio 2023, esattamente due anni dopo aver presentato alcune mie riflessioni dal titolo <b>\u201cDal Paesaggio del Cuore al Cuore del Paesaggio\u201d<\/b> al <b>Fotoclub Effeunopuntouno<\/b> di Moie di Maiolati Spontini (An), nell\u2019ambito delle iniziative promosse in supporto del tesseramento FIAF nel difficile periodo regolato dall\u2019emergenza sanitaria dovuta al Covid19.<\/p>\n<p>Spesso fotografiamo un paesaggio istintivamente, perch\u00e9 ci piace, perch\u00e9 \u00e8 in linea con un nostro non ben definito sentimento &#8211; \u00e8 <i>il paesaggio del cuore<\/i> &#8211; che ci colloca \u201cdentro\u201d a quella particolare visione, in cui tutti gli elementi, disposti in un particolare equilibrio, contribuiscono a sollecitare i nostri sensi. Il passaggio successivo, per qualcuno, pu\u00f2 essere proprio un\u2019indagine per arrivare ancora pi\u00f9 in profondit\u00e0, <i>al cuore del paesaggio<\/i> appunto, per capire la ragione intima di queste sensazioni, apprezzandone ancora di pi\u00f9 il valore, e decidendo &#8211; di conseguenza &#8211; di volerlo condividere dandone una possibile giustificazione.<\/p>\n<p>Cos\u00ec, qualche tempo dopo, nell\u2019aprile 2022, su invito dello stesso Fotoclub, e <b>assieme ad<\/b> <b>altri due Circoli del territorio: Circolo Massimo Ferretti Jesi e Circolo Avis Chiaravalle<\/b>, abbiamo iniziato un <b>Laboratorio online<\/b> dedicato sempre al paesaggio ma entrando nello specifico di una tematica ancor pi\u00f9 mirata, cercando di approfondire le peculiarit\u00e0 del <b>\u201cTerzo paesaggio\u201d<\/b>, indagandolo attraverso la ricerca fotografica di vari autori in un ciclo che si \u00e8 sviluppato in 5 incontri a cadenza mensile.<\/p>\n<p>Con l\u2019espressione \u201cTerzo Paesaggio\u201d <i>Gill Clement<\/i> &#8211; ingegnere francese che ha coniato questo termine &#8211; indica <i>\u201ctutti i<span class=\"Apple-converted-space\">\u00a0<\/span><\/i><\/p>\n<p><i>luoghi abbandonati dall\u2019uomo, i parchi e le riserve naturali, le grandi aree disabitate del pianeta, ma anche spazi pi\u00f9 piccoli e diffusi, quasi invisibili: le aree industriali dismesse dove crescono rovi e sterpaglie; le erbacce al centro di un\u2019aiuola spartitraffico\u2026 <span class=\"Apple-converted-space\">\u00a0<\/span><\/i><\/p>\n<p><i>Sono spazi diversi per forma, dimensione e statuto, accomunati solo dall\u2019assenza di ogni attivit\u00e0 umana, ma che presi nel loro insieme sono fondamentali per la conservazione della diversit\u00e0 biologica\u201d.<\/i><\/p>\n<p>Su questa traccia di base, gli autori si sono impegnati realizzando scatti singoli, polittici o piccoli portfoli, in bianco nero oppure a colori, sui quali ci siamo confrontati in un dialogo ricco e approfondito, che ha prodotto oltre che una crescita autoriale anche una piacevolissima occasione di conoscenza personale reciproca, che \u00e8 &#8211; parallelamente &#8211; l\u2019altro risultato che un Laboratorio di Fotografia dovrebbe raggiungere.<\/p>\n<p>Ventitr\u00e9 autori presentano in questa \u201cvetrina\u201d <b>un estratto<\/b> del loro lavoro in cui le fotografie sono accompagnate da un brevissimo testo introduttivo, chiave di lettura del progetto.<span class=\"Apple-converted-space\">\u00a0<\/span><\/p>\n<p>Per una visione completa sono previste occasioni espositive e\/o pubblicazioni nel corso di questo anno 2023.<span class=\"Apple-converted-space\">\u00a0<\/span><\/p>\n<p><i>Ringrazio tutti per la fiducia che mi hanno concesso!<\/i><\/p>\n<p><b><i>Walter Turcato<\/i><\/b> &#8211; <i>Tutor di progetto<\/i><\/p>\n<p>&nbsp;<\/p>\n<div id='gallery-1' class='gallery galleryid-31430 gallery-columns-3 gallery-size-thumbnail'><figure class='gallery-item'>\n\t\t\t<div class='gallery-icon portrait'>\n\t\t\t\t<a href='https:\/\/fiaf.net\/agoradicult\/wp-content\/uploads\/sites\/23\/2023\/04\/Barchiesi-Alberto_Senza-far-rumore.jpg'><img loading=\"lazy\" decoding=\"async\" width=\"150\" height=\"150\" src=\"https:\/\/fiaf.net\/agoradicult\/wp-content\/uploads\/sites\/23\/2023\/04\/Barchiesi-Alberto_Senza-far-rumore-150x150.jpg\" class=\"attachment-thumbnail size-thumbnail\" alt=\"\" \/><\/a>\n\t\t\t<\/div><\/figure><figure class='gallery-item'>\n\t\t\t<div class='gallery-icon landscape'>\n\t\t\t\t<a href='https:\/\/fiaf.net\/agoradicult\/wp-content\/uploads\/sites\/23\/2023\/04\/Alessandro-Gianfelici_La-cura-degli-avi.jpg'><img loading=\"lazy\" decoding=\"async\" width=\"150\" height=\"150\" src=\"https:\/\/fiaf.net\/agoradicult\/wp-content\/uploads\/sites\/23\/2023\/04\/Alessandro-Gianfelici_La-cura-degli-avi-150x150.jpg\" class=\"attachment-thumbnail size-thumbnail\" alt=\"\" srcset=\"https:\/\/fiaf.net\/agoradicult\/wp-content\/uploads\/sites\/23\/2023\/04\/Alessandro-Gianfelici_La-cura-degli-avi-150x150.jpg 150w, https:\/\/fiaf.net\/agoradicult\/wp-content\/uploads\/sites\/23\/2023\/04\/Alessandro-Gianfelici_La-cura-degli-avi-300x300.jpg 300w, https:\/\/fiaf.net\/agoradicult\/wp-content\/uploads\/sites\/23\/2023\/04\/Alessandro-Gianfelici_La-cura-degli-avi.jpg 580w\" sizes=\"auto, (max-width: 150px) 100vw, 150px\" \/><\/a>\n\t\t\t<\/div><\/figure><figure class='gallery-item'>\n\t\t\t<div class='gallery-icon landscape'>\n\t\t\t\t<a href='https:\/\/fiaf.net\/agoradicult\/wp-content\/uploads\/sites\/23\/2023\/04\/Almos-Gaiardi_Spazi.jpg'><img loading=\"lazy\" decoding=\"async\" width=\"150\" height=\"150\" src=\"https:\/\/fiaf.net\/agoradicult\/wp-content\/uploads\/sites\/23\/2023\/04\/Almos-Gaiardi_Spazi-150x150.jpg\" class=\"attachment-thumbnail size-thumbnail\" alt=\"\" \/><\/a>\n\t\t\t<\/div><\/figure><figure class='gallery-item'>\n\t\t\t<div class='gallery-icon portrait'>\n\t\t\t\t<a href='https:\/\/fiaf.net\/agoradicult\/wp-content\/uploads\/sites\/23\/2023\/04\/Luciana-Bartolini_Messaggi.jpg'><img loading=\"lazy\" decoding=\"async\" width=\"150\" height=\"150\" src=\"https:\/\/fiaf.net\/agoradicult\/wp-content\/uploads\/sites\/23\/2023\/04\/Luciana-Bartolini_Messaggi-150x150.jpg\" class=\"attachment-thumbnail size-thumbnail\" alt=\"\" \/><\/a>\n\t\t\t<\/div><\/figure><figure class='gallery-item'>\n\t\t\t<div class='gallery-icon landscape'>\n\t\t\t\t<a href='https:\/\/fiaf.net\/agoradicult\/wp-content\/uploads\/sites\/23\/2023\/04\/Beatrice-Orazi_Finche-luomo-ne-ha-cura.jpg'><img loading=\"lazy\" decoding=\"async\" width=\"150\" height=\"150\" src=\"https:\/\/fiaf.net\/agoradicult\/wp-content\/uploads\/sites\/23\/2023\/04\/Beatrice-Orazi_Finche-luomo-ne-ha-cura-150x150.jpg\" class=\"attachment-thumbnail size-thumbnail\" alt=\"\" \/><\/a>\n\t\t\t<\/div><\/figure><figure class='gallery-item'>\n\t\t\t<div class='gallery-icon landscape'>\n\t\t\t\t<a href='https:\/\/fiaf.net\/agoradicult\/wp-content\/uploads\/sites\/23\/2023\/04\/Benedetta-Pasquinelli_Intersezioni2.jpg'><img loading=\"lazy\" decoding=\"async\" width=\"150\" height=\"150\" src=\"https:\/\/fiaf.net\/agoradicult\/wp-content\/uploads\/sites\/23\/2023\/04\/Benedetta-Pasquinelli_Intersezioni2-150x150.jpg\" class=\"attachment-thumbnail size-thumbnail\" alt=\"\" srcset=\"https:\/\/fiaf.net\/agoradicult\/wp-content\/uploads\/sites\/23\/2023\/04\/Benedetta-Pasquinelli_Intersezioni2-150x150.jpg 150w, https:\/\/fiaf.net\/agoradicult\/wp-content\/uploads\/sites\/23\/2023\/04\/Benedetta-Pasquinelli_Intersezioni2-300x300.jpg 300w, https:\/\/fiaf.net\/agoradicult\/wp-content\/uploads\/sites\/23\/2023\/04\/Benedetta-Pasquinelli_Intersezioni2.jpg 580w\" sizes=\"auto, (max-width: 150px) 100vw, 150px\" \/><\/a>\n\t\t\t<\/div><\/figure><figure class='gallery-item'>\n\t\t\t<div class='gallery-icon landscape'>\n\t\t\t\t<a href='https:\/\/fiaf.net\/agoradicult\/wp-content\/uploads\/sites\/23\/2023\/04\/Catia-Montesi_Terzo-Paesaggio.jpg'><img loading=\"lazy\" decoding=\"async\" width=\"150\" height=\"150\" src=\"https:\/\/fiaf.net\/agoradicult\/wp-content\/uploads\/sites\/23\/2023\/04\/Catia-Montesi_Terzo-Paesaggio-150x150.jpg\" class=\"attachment-thumbnail size-thumbnail\" alt=\"\" \/><\/a>\n\t\t\t<\/div><\/figure><figure class='gallery-item'>\n\t\t\t<div class='gallery-icon landscape'>\n\t\t\t\t<a href='https:\/\/fiaf.net\/agoradicult\/wp-content\/uploads\/sites\/23\/2023\/04\/Davide-Marollo_La-linea-gialla.jpg'><img loading=\"lazy\" decoding=\"async\" width=\"150\" height=\"150\" src=\"https:\/\/fiaf.net\/agoradicult\/wp-content\/uploads\/sites\/23\/2023\/04\/Davide-Marollo_La-linea-gialla-150x150.jpg\" class=\"attachment-thumbnail size-thumbnail\" alt=\"\" \/><\/a>\n\t\t\t<\/div><\/figure><figure class='gallery-item'>\n\t\t\t<div class='gallery-icon landscape'>\n\t\t\t\t<a href='https:\/\/fiaf.net\/agoradicult\/wp-content\/uploads\/sites\/23\/2023\/04\/Emanuele-Berno_Oltre-le-barriere-delluomo.jpg'><img loading=\"lazy\" decoding=\"async\" width=\"150\" height=\"150\" src=\"https:\/\/fiaf.net\/agoradicult\/wp-content\/uploads\/sites\/23\/2023\/04\/Emanuele-Berno_Oltre-le-barriere-delluomo-150x150.jpg\" class=\"attachment-thumbnail size-thumbnail\" alt=\"\" \/><\/a>\n\t\t\t<\/div><\/figure><figure class='gallery-item'>\n\t\t\t<div class='gallery-icon landscape'>\n\t\t\t\t<a href='https:\/\/fiaf.net\/agoradicult\/wp-content\/uploads\/sites\/23\/2023\/04\/Emanuele-Giuliani_La-natura-e-la-sua-voglia-di-vita.jpg'><img loading=\"lazy\" decoding=\"async\" width=\"150\" height=\"150\" src=\"https:\/\/fiaf.net\/agoradicult\/wp-content\/uploads\/sites\/23\/2023\/04\/Emanuele-Giuliani_La-natura-e-la-sua-voglia-di-vita-150x150.jpg\" class=\"attachment-thumbnail size-thumbnail\" alt=\"\" \/><\/a>\n\t\t\t<\/div><\/figure><figure class='gallery-item'>\n\t\t\t<div class='gallery-icon landscape'>\n\t\t\t\t<a href='https:\/\/fiaf.net\/agoradicult\/wp-content\/uploads\/sites\/23\/2023\/04\/Emanuele-Paccamiccio_Dimorare-nel-luogo-dellaltrove.jpg'><img loading=\"lazy\" decoding=\"async\" width=\"150\" height=\"150\" src=\"https:\/\/fiaf.net\/agoradicult\/wp-content\/uploads\/sites\/23\/2023\/04\/Emanuele-Paccamiccio_Dimorare-nel-luogo-dellaltrove-150x150.jpg\" class=\"attachment-thumbnail size-thumbnail\" alt=\"\" \/><\/a>\n\t\t\t<\/div><\/figure><figure class='gallery-item'>\n\t\t\t<div class='gallery-icon landscape'>\n\t\t\t\t<a href='https:\/\/fiaf.net\/agoradicult\/wp-content\/uploads\/sites\/23\/2023\/04\/Gabriele-Mase_La-natura-non-ha-fretta.jpg'><img loading=\"lazy\" decoding=\"async\" width=\"150\" height=\"150\" src=\"https:\/\/fiaf.net\/agoradicult\/wp-content\/uploads\/sites\/23\/2023\/04\/Gabriele-Mase_La-natura-non-ha-fretta-150x150.jpg\" class=\"attachment-thumbnail size-thumbnail\" alt=\"\" \/><\/a>\n\t\t\t<\/div><\/figure><figure class='gallery-item'>\n\t\t\t<div class='gallery-icon landscape'>\n\t\t\t\t<a href='https:\/\/fiaf.net\/agoradicult\/wp-content\/uploads\/sites\/23\/2023\/04\/Gianluca-Zepponi_Micro-macromondo.jpg'><img loading=\"lazy\" decoding=\"async\" width=\"150\" height=\"150\" src=\"https:\/\/fiaf.net\/agoradicult\/wp-content\/uploads\/sites\/23\/2023\/04\/Gianluca-Zepponi_Micro-macromondo-150x150.jpg\" class=\"attachment-thumbnail size-thumbnail\" alt=\"\" \/><\/a>\n\t\t\t<\/div><\/figure><figure class='gallery-item'>\n\t\t\t<div class='gallery-icon landscape'>\n\t\t\t\t<a href='https:\/\/fiaf.net\/agoradicult\/wp-content\/uploads\/sites\/23\/2023\/04\/Gioacchino-Castellani_Paesaggio-informale.jpg'><img loading=\"lazy\" decoding=\"async\" width=\"150\" height=\"150\" src=\"https:\/\/fiaf.net\/agoradicult\/wp-content\/uploads\/sites\/23\/2023\/04\/Gioacchino-Castellani_Paesaggio-informale-150x150.jpg\" class=\"attachment-thumbnail size-thumbnail\" alt=\"\" \/><\/a>\n\t\t\t<\/div><\/figure><figure class='gallery-item'>\n\t\t\t<div class='gallery-icon landscape'>\n\t\t\t\t<a href='https:\/\/fiaf.net\/agoradicult\/wp-content\/uploads\/sites\/23\/2023\/04\/Giovanni-Goretti_Ombre-nel-terzo-paesaggio.jpg'><img loading=\"lazy\" decoding=\"async\" width=\"150\" height=\"150\" src=\"https:\/\/fiaf.net\/agoradicult\/wp-content\/uploads\/sites\/23\/2023\/04\/Giovanni-Goretti_Ombre-nel-terzo-paesaggio-150x150.jpg\" class=\"attachment-thumbnail size-thumbnail\" alt=\"\" \/><\/a>\n\t\t\t<\/div><\/figure><figure class='gallery-item'>\n\t\t\t<div class='gallery-icon landscape'>\n\t\t\t\t<a href='https:\/\/fiaf.net\/agoradicult\/wp-content\/uploads\/sites\/23\/2023\/04\/Marco-Priori_Nuova-appartenenza.jpg'><img loading=\"lazy\" decoding=\"async\" width=\"150\" height=\"150\" src=\"https:\/\/fiaf.net\/agoradicult\/wp-content\/uploads\/sites\/23\/2023\/04\/Marco-Priori_Nuova-appartenenza-150x150.jpg\" class=\"attachment-thumbnail size-thumbnail\" alt=\"\" \/><\/a>\n\t\t\t<\/div><\/figure><figure class='gallery-item'>\n\t\t\t<div class='gallery-icon landscape'>\n\t\t\t\t<a href='https:\/\/fiaf.net\/agoradicult\/wp-content\/uploads\/sites\/23\/2023\/04\/Michele-Carrano_Verical-Landscape-e1682177669121.jpg'><img loading=\"lazy\" decoding=\"async\" width=\"150\" height=\"150\" src=\"https:\/\/fiaf.net\/agoradicult\/wp-content\/uploads\/sites\/23\/2023\/04\/Michele-Carrano_Verical-Landscape-e1682177669121-150x150.jpg\" class=\"attachment-thumbnail size-thumbnail\" alt=\"\" \/><\/a>\n\t\t\t<\/div><\/figure><figure class='gallery-item'>\n\t\t\t<div class='gallery-icon landscape'>\n\t\t\t\t<a href='https:\/\/fiaf.net\/agoradicult\/wp-content\/uploads\/sites\/23\/2023\/04\/Orietta-Ragni_Tra-i-ruderi-la-vita-di-ieri-e-\u2026il-cielo.jpg'><img loading=\"lazy\" decoding=\"async\" width=\"150\" height=\"150\" src=\"https:\/\/fiaf.net\/agoradicult\/wp-content\/uploads\/sites\/23\/2023\/04\/Orietta-Ragni_Tra-i-ruderi-la-vita-di-ieri-e-\u2026il-cielo-150x150.jpg\" class=\"attachment-thumbnail size-thumbnail\" alt=\"\" \/><\/a>\n\t\t\t<\/div><\/figure><figure class='gallery-item'>\n\t\t\t<div class='gallery-icon landscape'>\n\t\t\t\t<a href='https:\/\/fiaf.net\/agoradicult\/wp-content\/uploads\/sites\/23\/2023\/04\/Romina-Aguzzi_Paesaggi-effimeri.jpg'><img loading=\"lazy\" decoding=\"async\" width=\"150\" height=\"150\" src=\"https:\/\/fiaf.net\/agoradicult\/wp-content\/uploads\/sites\/23\/2023\/04\/Romina-Aguzzi_Paesaggi-effimeri-150x150.jpg\" class=\"attachment-thumbnail size-thumbnail\" alt=\"\" \/><\/a>\n\t\t\t<\/div><\/figure><figure class='gallery-item'>\n\t\t\t<div class='gallery-icon portrait'>\n\t\t\t\t<a href='https:\/\/fiaf.net\/agoradicult\/wp-content\/uploads\/sites\/23\/2023\/04\/Sara-Fratoni_La-natura-e.jpg'><img loading=\"lazy\" decoding=\"async\" width=\"150\" height=\"150\" src=\"https:\/\/fiaf.net\/agoradicult\/wp-content\/uploads\/sites\/23\/2023\/04\/Sara-Fratoni_La-natura-e-150x150.jpg\" class=\"attachment-thumbnail size-thumbnail\" alt=\"\" \/><\/a>\n\t\t\t<\/div><\/figure><figure class='gallery-item'>\n\t\t\t<div class='gallery-icon landscape'>\n\t\t\t\t<a href='https:\/\/fiaf.net\/agoradicult\/wp-content\/uploads\/sites\/23\/2023\/04\/Silvano-Corinaldesi_Dimore.jpg'><img loading=\"lazy\" decoding=\"async\" width=\"150\" height=\"150\" src=\"https:\/\/fiaf.net\/agoradicult\/wp-content\/uploads\/sites\/23\/2023\/04\/Silvano-Corinaldesi_Dimore-150x150.jpg\" class=\"attachment-thumbnail size-thumbnail\" alt=\"\" \/><\/a>\n\t\t\t<\/div><\/figure><figure class='gallery-item'>\n\t\t\t<div class='gallery-icon landscape'>\n\t\t\t\t<a href='https:\/\/fiaf.net\/agoradicult\/wp-content\/uploads\/sites\/23\/2023\/04\/Silvia-Barei_Omnia-Vincit-Natura.jpg'><img loading=\"lazy\" decoding=\"async\" width=\"150\" height=\"150\" src=\"https:\/\/fiaf.net\/agoradicult\/wp-content\/uploads\/sites\/23\/2023\/04\/Silvia-Barei_Omnia-Vincit-Natura-150x150.jpg\" class=\"attachment-thumbnail size-thumbnail\" alt=\"\" \/><\/a>\n\t\t\t<\/div><\/figure><figure class='gallery-item'>\n\t\t\t<div class='gallery-icon landscape'>\n\t\t\t\t<a href='https:\/\/fiaf.net\/agoradicult\/wp-content\/uploads\/sites\/23\/2023\/04\/Simone-Ricci_Proteggere.jpg'><img loading=\"lazy\" decoding=\"async\" width=\"150\" height=\"150\" src=\"https:\/\/fiaf.net\/agoradicult\/wp-content\/uploads\/sites\/23\/2023\/04\/Simone-Ricci_Proteggere-150x150.jpg\" class=\"attachment-thumbnail size-thumbnail\" alt=\"\" \/><\/a>\n\t\t\t<\/div><\/figure>\n\t\t<\/div>\n\n<p>&nbsp;<\/p>\n<p><strong>Catalogo formato pdf scaricabile<\/strong>: <a href=\"https:\/\/fiaf.net\/agoradicult\/wp-content\/uploads\/sites\/23\/2023\/04\/Terzo-Paesaggio_Marche-W.Turcato.pdf\">Terzo Paesaggio_Marche-W.Turcato<\/a><\/p>\n<p>&nbsp;<\/p>\n\n    <div class=\"xs_social_share_widget xs_share_url after_content \t\tmain_content  wslu-style-1 wslu-share-box-shaped wslu-fill-colored wslu-none wslu-share-horizontal wslu-theme-font-no wslu-main_content\">\n\n\t\t\n        <ul>\n\t\t\t        <\/ul>\n    <\/div> \n","protected":false},"excerpt":{"rendered":"<p>&nbsp; Mi ritrovo a scrivere questo post nei giorni di fine gennaio 2023, esattamente due anni dopo aver presentato alcune &hellip;<\/p>\n","protected":false},"author":80,"featured_media":31446,"comment_status":"open","ping_status":"open","sticky":false,"template":"","format":"standard","meta":{"_acf_changed":false,"footnotes":""},"categories":[16],"tags":[58],"class_list":["post-31430","post","type-post","status-publish","format-standard","has-post-thumbnail","hentry","category-cronache","tag-laboratorio"],"acf":[],"_links":{"self":[{"href":"https:\/\/fiaf.net\/agoradicult\/wp-json\/wp\/v2\/posts\/31430","targetHints":{"allow":["GET"]}}],"collection":[{"href":"https:\/\/fiaf.net\/agoradicult\/wp-json\/wp\/v2\/posts"}],"about":[{"href":"https:\/\/fiaf.net\/agoradicult\/wp-json\/wp\/v2\/types\/post"}],"author":[{"embeddable":true,"href":"https:\/\/fiaf.net\/agoradicult\/wp-json\/wp\/v2\/users\/80"}],"replies":[{"embeddable":true,"href":"https:\/\/fiaf.net\/agoradicult\/wp-json\/wp\/v2\/comments?post=31430"}],"version-history":[{"count":4,"href":"https:\/\/fiaf.net\/agoradicult\/wp-json\/wp\/v2\/posts\/31430\/revisions"}],"predecessor-version":[{"id":31459,"href":"https:\/\/fiaf.net\/agoradicult\/wp-json\/wp\/v2\/posts\/31430\/revisions\/31459"}],"wp:featuredmedia":[{"embeddable":true,"href":"https:\/\/fiaf.net\/agoradicult\/wp-json\/wp\/v2\/media\/31446"}],"wp:attachment":[{"href":"https:\/\/fiaf.net\/agoradicult\/wp-json\/wp\/v2\/media?parent=31430"}],"wp:term":[{"taxonomy":"category","embeddable":true,"href":"https:\/\/fiaf.net\/agoradicult\/wp-json\/wp\/v2\/categories?post=31430"},{"taxonomy":"post_tag","embeddable":true,"href":"https:\/\/fiaf.net\/agoradicult\/wp-json\/wp\/v2\/tags?post=31430"}],"curies":[{"name":"wp","href":"https:\/\/api.w.org\/{rel}","templated":true}]}}