{"id":31698,"date":"2023-06-04T14:51:28","date_gmt":"2023-06-04T12:51:28","guid":{"rendered":"https:\/\/fiaf.net\/agoradicult\/?p=31698"},"modified":"2023-06-04T19:26:01","modified_gmt":"2023-06-04T17:26:01","slug":"ann-margareth-rosa-brusin-talent-scout_giovani","status":"publish","type":"post","link":"https:\/\/fiaf.net\/agoradicult\/2023\/06\/04\/ann-margareth-rosa-brusin-talent-scout_giovani\/","title":{"rendered":"Ann Margareth Rosa Brusin &#8211; Talent Scout_Giovani"},"content":{"rendered":"<h2 style=\"font-weight: 400;text-align: center\"><strong>TALENT SCOUT<\/strong><\/h2>\n<p style=\"font-weight: 400\">Agor\u00e0 Di Cult sar\u00e0 il percorso di visibilit\u00e0 dei 5 Autori della Sezione Senior e 1 Autore della Sezione Giovani \u201cSegnalati\u201d dalla Commissione selezionatrice del Progetto FIAF \u201cTalent Scout\u201d 2023.<\/p>\n<p style=\"font-weight: 400\">Le finalit\u00e0 di questo Progetto sono quelle di dare ai Presidenti di Circolo Affiliato FIAF l\u2019occasione di far conoscere il lavoro di quei soci che, pur distinguendosi per capacit\u00e0 e passione, non hanno mai provato a confrontarsi con la platea nazionale della fotografia italiana. Ogni Presidente ha avuto la possibilit\u00e0 di proporre un socio della categoria GIOVANI (di et\u00e0 inferiore a 30 anni) e un socio della categoria SENIOR (di et\u00e0 superiore a 30 anni).<\/p>\n<h3 style=\"font-weight: 400\"><strong>Ann Margareth Rosa Brusin, Socio (Senior) del Circ. Fot. IL MASCHERONE, Giaveno (To)<\/strong><\/h3>\n<p style=\"font-weight: 400\">Autore segnalato al progetto Talent Scout della FIAF.<\/p>\n<p style=\"font-weight: 400\"><img loading=\"lazy\" decoding=\"async\" class=\"size-full wp-image-31699 aligncenter\" src=\"https:\/\/fiaf.net\/agoradicult\/wp-content\/uploads\/sites\/23\/2023\/06\/Logo_Talent_Scout_1c05.jpg\" alt=\"\" width=\"580\" height=\"357\" srcset=\"https:\/\/fiaf.net\/agoradicult\/wp-content\/uploads\/sites\/23\/2023\/06\/Logo_Talent_Scout_1c05.jpg 580w, https:\/\/fiaf.net\/agoradicult\/wp-content\/uploads\/sites\/23\/2023\/06\/Logo_Talent_Scout_1c05-300x185.jpg 300w\" sizes=\"auto, (max-width: 580px) 100vw, 580px\" \/><\/p>\n<p style=\"font-weight: 400\">Mi \u00e8 sempre piaciuto scattare fotografie durante le mie vacanze e i miei viaggi, con lo scopo di fissare meglio i ricordi e le emozioni che quelle esperienze mi hanno lasciato. Ma solo di recente mi sono avvicinata alla fotografia in maniera pi\u00f9 seria.<\/p>\n<p style=\"font-weight: 400\">Tutto \u00e9 partito con la volont\u00e0 di migliorare negli scatti che avrei fatto in vacanza, cos\u00ec, dopo essermi comprata una &#8220;vera&#8221; macchina fotografica, nell&#8217;autunno del 2021 ho seguito li corso di fotografia al circolo fotografico &#8220;Il Mascherone&#8221; di Giaveno.<\/p>\n<p style=\"font-weight: 400\">Grazie a quel corso mi si \u00e8 aperto un mondo, non solo dal punto di vista tecnico, ma soprattutto sulla potenza della fotografia come linguaggio di comunicazione per trasmettere messaggi.<\/p>\n<p style=\"font-weight: 400\">Adoro molto viaggiare e scoprire nuovi posti, e quando scatto, mi piace cogliere gli attimi della quotidianit\u00e0 caratteristici del luogo in cui mi trovo, con una predilezione per gli spazi aperti.<\/p>\n<p style=\"font-weight: 400\">Un aspetto che mi affascina molto consiste nel rappresentare l&#8217;essere umano nella sua piccolezza rispetto al mondo che lo circonda.<\/p>\n<p style=\"font-weight: 400\">Da quando ho iniziato a frequentare li circolo fotografico di Giaveno, ho trovato molto stimolante il mettermi in gioco e il dare sfogo alla creativit\u00e0 per sviluppare un determinato tema in mini-concorsi interni e per l&#8217;annuale mostra del circolo. La partecipazione attiva a queste attivit\u00e0 mi ha permesso di uscire dalla mia comfort zone, portandomi a scattare fotografie che probabilmente non avrei scattato se non avessi avuto un tema da sviluppare.<\/p>\n<p style=\"font-weight: 400\">Non ho particolari preferenze tra lo scattare a colori e in bianco e nero, ma scelgo in base alle circostanze e al messaggio che voglio trasmettere.<\/p>\n<p style=\"font-weight: 400\">Dal momento che ho una mentalit\u00e0 schematica e che faccio un lavoro molto tecnico, per me la fotografia rappresenta una valvola di sfogo per esprimere il mio lato artistico e la mia creativit\u00e0.<\/p>\n<h2><\/h2>\n<h2 style=\"font-weight: 400;text-align: center\"><strong>Le Opere<\/strong><\/h2>\n<p style=\"font-weight: 400\"><strong>\u00a0<\/strong><\/p>\n<p style=\"font-weight: 400\"><strong>Foto singole.<\/strong><\/p>\n<p><a href=\"https:\/\/fiaf.net\/agoradicult\/wp-content\/uploads\/sites\/23\/2023\/06\/Descrizione_opere.pdf\">Descrizione_opere<\/a> (pdf scaricabile)<\/p>\n<p>&nbsp;<\/p>\n<div id='gallery-1' class='gallery galleryid-31698 gallery-columns-3 gallery-size-thumbnail'><figure class='gallery-item'>\n\t\t\t<div class='gallery-icon portrait'>\n\t\t\t\t<a href='https:\/\/fiaf.net\/agoradicult\/wp-content\/uploads\/sites\/23\/2023\/06\/AMRosaBrusin-Attraverso-larco-1.jpg'><img loading=\"lazy\" decoding=\"async\" width=\"150\" height=\"150\" src=\"https:\/\/fiaf.net\/agoradicult\/wp-content\/uploads\/sites\/23\/2023\/06\/AMRosaBrusin-Attraverso-larco-1-150x150.jpg\" class=\"attachment-thumbnail size-thumbnail\" alt=\"\" aria-describedby=\"gallery-1-31702\" \/><\/a>\n\t\t\t<\/div>\n\t\t\t\t<figcaption class='wp-caption-text gallery-caption' id='gallery-1-31702'>\n\t\t\t\tAttraverso l&#8217;arco-1\n\t\t\t\t<\/figcaption><\/figure><figure class='gallery-item'>\n\t\t\t<div class='gallery-icon portrait'>\n\t\t\t\t<a href='https:\/\/fiaf.net\/agoradicult\/wp-content\/uploads\/sites\/23\/2023\/06\/AMRosaBrusin-Direzioni-2.jpg'><img loading=\"lazy\" decoding=\"async\" width=\"150\" height=\"150\" src=\"https:\/\/fiaf.net\/agoradicult\/wp-content\/uploads\/sites\/23\/2023\/06\/AMRosaBrusin-Direzioni-2-150x150.jpg\" class=\"attachment-thumbnail size-thumbnail\" alt=\"\" aria-describedby=\"gallery-1-31703\" \/><\/a>\n\t\t\t<\/div>\n\t\t\t\t<figcaption class='wp-caption-text gallery-caption' id='gallery-1-31703'>\n\t\t\t\tDirezioni-2\n\t\t\t\t<\/figcaption><\/figure><figure class='gallery-item'>\n\t\t\t<div class='gallery-icon portrait'>\n\t\t\t\t<a href='https:\/\/fiaf.net\/agoradicult\/wp-content\/uploads\/sites\/23\/2023\/06\/AMRosaBrusin-Erice-solitaria-3.jpg'><img loading=\"lazy\" decoding=\"async\" width=\"150\" height=\"150\" src=\"https:\/\/fiaf.net\/agoradicult\/wp-content\/uploads\/sites\/23\/2023\/06\/AMRosaBrusin-Erice-solitaria-3-150x150.jpg\" class=\"attachment-thumbnail size-thumbnail\" alt=\"\" aria-describedby=\"gallery-1-31704\" \/><\/a>\n\t\t\t<\/div>\n\t\t\t\t<figcaption class='wp-caption-text gallery-caption' id='gallery-1-31704'>\n\t\t\t\tErice solitaria-3\n\t\t\t\t<\/figcaption><\/figure><figure class='gallery-item'>\n\t\t\t<div class='gallery-icon landscape'>\n\t\t\t\t<a href='https:\/\/fiaf.net\/agoradicult\/wp-content\/uploads\/sites\/23\/2023\/06\/AMRosaBrusin-Gita-in-barca-4.jpg'><img loading=\"lazy\" decoding=\"async\" width=\"150\" height=\"150\" src=\"https:\/\/fiaf.net\/agoradicult\/wp-content\/uploads\/sites\/23\/2023\/06\/AMRosaBrusin-Gita-in-barca-4-150x150.jpg\" class=\"attachment-thumbnail size-thumbnail\" alt=\"\" aria-describedby=\"gallery-1-31705\" \/><\/a>\n\t\t\t<\/div>\n\t\t\t\t<figcaption class='wp-caption-text gallery-caption' id='gallery-1-31705'>\n\t\t\t\tGita in barca-4\n\t\t\t\t<\/figcaption><\/figure><figure class='gallery-item'>\n\t\t\t<div class='gallery-icon landscape'>\n\t\t\t\t<a href='https:\/\/fiaf.net\/agoradicult\/wp-content\/uploads\/sites\/23\/2023\/06\/AMRosaBrusin-Gran-Balon-5.jpg'><img loading=\"lazy\" decoding=\"async\" width=\"150\" height=\"150\" src=\"https:\/\/fiaf.net\/agoradicult\/wp-content\/uploads\/sites\/23\/2023\/06\/AMRosaBrusin-Gran-Balon-5-150x150.jpg\" class=\"attachment-thumbnail size-thumbnail\" alt=\"\" aria-describedby=\"gallery-1-31706\" \/><\/a>\n\t\t\t<\/div>\n\t\t\t\t<figcaption class='wp-caption-text gallery-caption' id='gallery-1-31706'>\n\t\t\t\tGran Balon-5\n\t\t\t\t<\/figcaption><\/figure><figure class='gallery-item'>\n\t\t\t<div class='gallery-icon portrait'>\n\t\t\t\t<a href='https:\/\/fiaf.net\/agoradicult\/wp-content\/uploads\/sites\/23\/2023\/06\/AMRosaBrusin-Guardami-6.jpg'><img loading=\"lazy\" decoding=\"async\" width=\"150\" height=\"150\" src=\"https:\/\/fiaf.net\/agoradicult\/wp-content\/uploads\/sites\/23\/2023\/06\/AMRosaBrusin-Guardami-6-150x150.jpg\" class=\"attachment-thumbnail size-thumbnail\" alt=\"\" aria-describedby=\"gallery-1-31707\" \/><\/a>\n\t\t\t<\/div>\n\t\t\t\t<figcaption class='wp-caption-text gallery-caption' id='gallery-1-31707'>\n\t\t\t\tGuardami!-6\n\t\t\t\t<\/figcaption><\/figure><figure class='gallery-item'>\n\t\t\t<div class='gallery-icon portrait'>\n\t\t\t\t<a href='https:\/\/fiaf.net\/agoradicult\/wp-content\/uploads\/sites\/23\/2023\/06\/AMRosaBrusin-Guinnes-Storehouse-7.jpg'><img loading=\"lazy\" decoding=\"async\" width=\"150\" height=\"150\" src=\"https:\/\/fiaf.net\/agoradicult\/wp-content\/uploads\/sites\/23\/2023\/06\/AMRosaBrusin-Guinnes-Storehouse-7-150x150.jpg\" class=\"attachment-thumbnail size-thumbnail\" alt=\"\" aria-describedby=\"gallery-1-31708\" \/><\/a>\n\t\t\t<\/div>\n\t\t\t\t<figcaption class='wp-caption-text gallery-caption' id='gallery-1-31708'>\n\t\t\t\tGuinnes Storehouse-7\n\t\t\t\t<\/figcaption><\/figure><figure class='gallery-item'>\n\t\t\t<div class='gallery-icon portrait'>\n\t\t\t\t<a href='https:\/\/fiaf.net\/agoradicult\/wp-content\/uploads\/sites\/23\/2023\/06\/AMRosaBrusin-Il-percorso-8.jpg'><img loading=\"lazy\" decoding=\"async\" width=\"150\" height=\"150\" src=\"https:\/\/fiaf.net\/agoradicult\/wp-content\/uploads\/sites\/23\/2023\/06\/AMRosaBrusin-Il-percorso-8-150x150.jpg\" class=\"attachment-thumbnail size-thumbnail\" alt=\"\" aria-describedby=\"gallery-1-31709\" \/><\/a>\n\t\t\t<\/div>\n\t\t\t\t<figcaption class='wp-caption-text gallery-caption' id='gallery-1-31709'>\n\t\t\t\tIl percorso-8\n\t\t\t\t<\/figcaption><\/figure><figure class='gallery-item'>\n\t\t\t<div class='gallery-icon landscape'>\n\t\t\t\t<a href='https:\/\/fiaf.net\/agoradicult\/wp-content\/uploads\/sites\/23\/2023\/06\/AMRosaBrusin-Irish-Pub-9.jpg'><img loading=\"lazy\" decoding=\"async\" width=\"150\" height=\"150\" src=\"https:\/\/fiaf.net\/agoradicult\/wp-content\/uploads\/sites\/23\/2023\/06\/AMRosaBrusin-Irish-Pub-9-150x150.jpg\" class=\"attachment-thumbnail size-thumbnail\" alt=\"\" aria-describedby=\"gallery-1-31710\" \/><\/a>\n\t\t\t<\/div>\n\t\t\t\t<figcaption class='wp-caption-text gallery-caption' id='gallery-1-31710'>\n\t\t\t\tIrish Pub-9\n\t\t\t\t<\/figcaption><\/figure><figure class='gallery-item'>\n\t\t\t<div class='gallery-icon landscape'>\n\t\t\t\t<a href='https:\/\/fiaf.net\/agoradicult\/wp-content\/uploads\/sites\/23\/2023\/06\/AMRosaBrusin-La-nave-e-la-bagnante-10.jpg'><img loading=\"lazy\" decoding=\"async\" width=\"150\" height=\"150\" src=\"https:\/\/fiaf.net\/agoradicult\/wp-content\/uploads\/sites\/23\/2023\/06\/AMRosaBrusin-La-nave-e-la-bagnante-10-150x150.jpg\" class=\"attachment-thumbnail size-thumbnail\" alt=\"\" aria-describedby=\"gallery-1-31711\" \/><\/a>\n\t\t\t<\/div>\n\t\t\t\t<figcaption class='wp-caption-text gallery-caption' id='gallery-1-31711'>\n\t\t\t\tLa nave e la bagnante-10\n\t\t\t\t<\/figcaption><\/figure><figure class='gallery-item'>\n\t\t\t<div class='gallery-icon landscape'>\n\t\t\t\t<a href='https:\/\/fiaf.net\/agoradicult\/wp-content\/uploads\/sites\/23\/2023\/06\/AMRosaBrusin-La-storia-di-Peter-Coniglio-11.jpg'><img loading=\"lazy\" decoding=\"async\" width=\"150\" height=\"150\" src=\"https:\/\/fiaf.net\/agoradicult\/wp-content\/uploads\/sites\/23\/2023\/06\/AMRosaBrusin-La-storia-di-Peter-Coniglio-11-150x150.jpg\" class=\"attachment-thumbnail size-thumbnail\" alt=\"\" aria-describedby=\"gallery-1-31712\" \/><\/a>\n\t\t\t<\/div>\n\t\t\t\t<figcaption class='wp-caption-text gallery-caption' id='gallery-1-31712'>\n\t\t\t\tLa storia di Peter Coniglio-11\n\t\t\t\t<\/figcaption><\/figure><figure class='gallery-item'>\n\t\t\t<div class='gallery-icon landscape'>\n\t\t\t\t<a href='https:\/\/fiaf.net\/agoradicult\/wp-content\/uploads\/sites\/23\/2023\/06\/AMRosaBrusin-Palme-al-tramonto-12.jpg'><img loading=\"lazy\" decoding=\"async\" width=\"150\" height=\"150\" src=\"https:\/\/fiaf.net\/agoradicult\/wp-content\/uploads\/sites\/23\/2023\/06\/AMRosaBrusin-Palme-al-tramonto-12-150x150.jpg\" class=\"attachment-thumbnail size-thumbnail\" alt=\"\" aria-describedby=\"gallery-1-31713\" \/><\/a>\n\t\t\t<\/div>\n\t\t\t\t<figcaption class='wp-caption-text gallery-caption' id='gallery-1-31713'>\n\t\t\t\tPalme al tramonto-12\n\t\t\t\t<\/figcaption><\/figure><figure class='gallery-item'>\n\t\t\t<div class='gallery-icon landscape'>\n\t\t\t\t<a href='https:\/\/fiaf.net\/agoradicult\/wp-content\/uploads\/sites\/23\/2023\/06\/AMRosaBrusin-Porta-Palazzo-13-copia.jpg'><img loading=\"lazy\" decoding=\"async\" width=\"150\" height=\"150\" src=\"https:\/\/fiaf.net\/agoradicult\/wp-content\/uploads\/sites\/23\/2023\/06\/AMRosaBrusin-Porta-Palazzo-13-copia-150x150.jpg\" class=\"attachment-thumbnail size-thumbnail\" alt=\"\" aria-describedby=\"gallery-1-31714\" \/><\/a>\n\t\t\t<\/div>\n\t\t\t\t<figcaption class='wp-caption-text gallery-caption' id='gallery-1-31714'>\n\t\t\t\tPorta Palazzo-13\n\t\t\t\t<\/figcaption><\/figure><figure class='gallery-item'>\n\t\t\t<div class='gallery-icon portrait'>\n\t\t\t\t<a href='https:\/\/fiaf.net\/agoradicult\/wp-content\/uploads\/sites\/23\/2023\/06\/AMRosaBrusin-Prima-del-tuffo-14.jpg'><img loading=\"lazy\" decoding=\"async\" width=\"150\" height=\"150\" src=\"https:\/\/fiaf.net\/agoradicult\/wp-content\/uploads\/sites\/23\/2023\/06\/AMRosaBrusin-Prima-del-tuffo-14-150x150.jpg\" class=\"attachment-thumbnail size-thumbnail\" alt=\"\" aria-describedby=\"gallery-1-31715\" \/><\/a>\n\t\t\t<\/div>\n\t\t\t\t<figcaption class='wp-caption-text gallery-caption' id='gallery-1-31715'>\n\t\t\t\tPrima del tuffo-14\n\t\t\t\t<\/figcaption><\/figure><figure class='gallery-item'>\n\t\t\t<div class='gallery-icon landscape'>\n\t\t\t\t<a href='https:\/\/fiaf.net\/agoradicult\/wp-content\/uploads\/sites\/23\/2023\/06\/AMRosaBrusin-Rovine-romane-15.jpg'><img loading=\"lazy\" decoding=\"async\" width=\"150\" height=\"150\" src=\"https:\/\/fiaf.net\/agoradicult\/wp-content\/uploads\/sites\/23\/2023\/06\/AMRosaBrusin-Rovine-romane-15-150x150.jpg\" class=\"attachment-thumbnail size-thumbnail\" alt=\"\" aria-describedby=\"gallery-1-31716\" \/><\/a>\n\t\t\t<\/div>\n\t\t\t\t<figcaption class='wp-caption-text gallery-caption' id='gallery-1-31716'>\n\t\t\t\tRovine romane-15\n\t\t\t\t<\/figcaption><\/figure><figure class='gallery-item'>\n\t\t\t<div class='gallery-icon portrait'>\n\t\t\t\t<a href='https:\/\/fiaf.net\/agoradicult\/wp-content\/uploads\/sites\/23\/2023\/06\/AMRosaBrusin-Simmetrie-e-schemi-16.jpg'><img loading=\"lazy\" decoding=\"async\" width=\"150\" height=\"150\" src=\"https:\/\/fiaf.net\/agoradicult\/wp-content\/uploads\/sites\/23\/2023\/06\/AMRosaBrusin-Simmetrie-e-schemi-16-150x150.jpg\" class=\"attachment-thumbnail size-thumbnail\" alt=\"\" aria-describedby=\"gallery-1-31717\" \/><\/a>\n\t\t\t<\/div>\n\t\t\t\t<figcaption class='wp-caption-text gallery-caption' id='gallery-1-31717'>\n\t\t\t\tSimmetrie e schemi-16\n\t\t\t\t<\/figcaption><\/figure><figure class='gallery-item'>\n\t\t\t<div class='gallery-icon portrait'>\n\t\t\t\t<a href='https:\/\/fiaf.net\/agoradicult\/wp-content\/uploads\/sites\/23\/2023\/06\/AMRosaBrusin-Trinity-College-library-17.jpg'><img loading=\"lazy\" decoding=\"async\" width=\"150\" height=\"150\" src=\"https:\/\/fiaf.net\/agoradicult\/wp-content\/uploads\/sites\/23\/2023\/06\/AMRosaBrusin-Trinity-College-library-17-150x150.jpg\" class=\"attachment-thumbnail size-thumbnail\" alt=\"\" aria-describedby=\"gallery-1-31718\" \/><\/a>\n\t\t\t<\/div>\n\t\t\t\t<figcaption class='wp-caption-text gallery-caption' id='gallery-1-31718'>\n\t\t\t\tTrinity College library-17\n\t\t\t\t<\/figcaption><\/figure><figure class='gallery-item'>\n\t\t\t<div class='gallery-icon landscape'>\n\t\t\t\t<a href='https:\/\/fiaf.net\/agoradicult\/wp-content\/uploads\/sites\/23\/2023\/06\/AMRosaBrusin-Trinity-College-library-18.jpg'><img loading=\"lazy\" decoding=\"async\" width=\"150\" height=\"150\" src=\"https:\/\/fiaf.net\/agoradicult\/wp-content\/uploads\/sites\/23\/2023\/06\/AMRosaBrusin-Trinity-College-library-18-150x150.jpg\" class=\"attachment-thumbnail size-thumbnail\" alt=\"\" aria-describedby=\"gallery-1-31719\" \/><\/a>\n\t\t\t<\/div>\n\t\t\t\t<figcaption class='wp-caption-text gallery-caption' id='gallery-1-31719'>\n\t\t\t\tTrinity College library-18\n\t\t\t\t<\/figcaption><\/figure><figure class='gallery-item'>\n\t\t\t<div class='gallery-icon landscape'>\n\t\t\t\t<a href='https:\/\/fiaf.net\/agoradicult\/wp-content\/uploads\/sites\/23\/2023\/06\/AMRosaBrusin-Upside-down-19.jpg'><img loading=\"lazy\" decoding=\"async\" width=\"150\" height=\"150\" src=\"https:\/\/fiaf.net\/agoradicult\/wp-content\/uploads\/sites\/23\/2023\/06\/AMRosaBrusin-Upside-down-19-150x150.jpg\" class=\"attachment-thumbnail size-thumbnail\" alt=\"\" aria-describedby=\"gallery-1-31720\" \/><\/a>\n\t\t\t<\/div>\n\t\t\t\t<figcaption class='wp-caption-text gallery-caption' id='gallery-1-31720'>\n\t\t\t\tUpside down-19\n\t\t\t\t<\/figcaption><\/figure>\n\t\t<\/div>\n\n\n    <div class=\"xs_social_share_widget xs_share_url after_content \t\tmain_content  wslu-style-1 wslu-share-box-shaped wslu-fill-colored wslu-none wslu-share-horizontal wslu-theme-font-no wslu-main_content\">\n\n\t\t\n        <ul>\n\t\t\t        <\/ul>\n    <\/div> \n","protected":false},"excerpt":{"rendered":"<p>TALENT SCOUT Agor\u00e0 Di Cult sar\u00e0 il percorso di visibilit\u00e0 dei 5 Autori della Sezione Senior e 1 Autore della &hellip;<\/p>\n","protected":false},"author":80,"featured_media":31713,"comment_status":"open","ping_status":"open","sticky":false,"template":"","format":"standard","meta":{"_acf_changed":false,"footnotes":""},"categories":[10],"tags":[72],"class_list":["post-31698","post","type-post","status-publish","format-standard","has-post-thumbnail","hentry","category-comunicazioni-dai-dipartimenti","tag-talent"],"acf":[],"_links":{"self":[{"href":"https:\/\/fiaf.net\/agoradicult\/wp-json\/wp\/v2\/posts\/31698","targetHints":{"allow":["GET"]}}],"collection":[{"href":"https:\/\/fiaf.net\/agoradicult\/wp-json\/wp\/v2\/posts"}],"about":[{"href":"https:\/\/fiaf.net\/agoradicult\/wp-json\/wp\/v2\/types\/post"}],"author":[{"embeddable":true,"href":"https:\/\/fiaf.net\/agoradicult\/wp-json\/wp\/v2\/users\/80"}],"replies":[{"embeddable":true,"href":"https:\/\/fiaf.net\/agoradicult\/wp-json\/wp\/v2\/comments?post=31698"}],"version-history":[{"count":6,"href":"https:\/\/fiaf.net\/agoradicult\/wp-json\/wp\/v2\/posts\/31698\/revisions"}],"predecessor-version":[{"id":31725,"href":"https:\/\/fiaf.net\/agoradicult\/wp-json\/wp\/v2\/posts\/31698\/revisions\/31725"}],"wp:featuredmedia":[{"embeddable":true,"href":"https:\/\/fiaf.net\/agoradicult\/wp-json\/wp\/v2\/media\/31713"}],"wp:attachment":[{"href":"https:\/\/fiaf.net\/agoradicult\/wp-json\/wp\/v2\/media?parent=31698"}],"wp:term":[{"taxonomy":"category","embeddable":true,"href":"https:\/\/fiaf.net\/agoradicult\/wp-json\/wp\/v2\/categories?post=31698"},{"taxonomy":"post_tag","embeddable":true,"href":"https:\/\/fiaf.net\/agoradicult\/wp-json\/wp\/v2\/tags?post=31698"}],"curies":[{"name":"wp","href":"https:\/\/api.w.org\/{rel}","templated":true}]}}