{"id":3221,"date":"2013-01-24T20:00:46","date_gmt":"2013-01-24T18:00:46","guid":{"rendered":"https:\/\/fiaf.net\/agoradicult\/?p=3221"},"modified":"2013-01-24T20:00:46","modified_gmt":"2013-01-24T18:00:46","slug":"hotel-margherita-gregorio-patane","status":"publish","type":"post","link":"https:\/\/fiaf.net\/agoradicult\/2013\/01\/24\/hotel-margherita-gregorio-patane\/","title":{"rendered":"Hotel Margherita &#8211; Gregorio Patan\u00e8"},"content":{"rendered":"<p style=\"text-align: center\"><strong>Hotel Margherita<\/strong><\/p>\n<p style=\"text-align: center\"><strong>Fotografie di Gregorio Patan\u00e9 &#8211;\u00a0\u00a0FIAF Regione Calabria, dal progetto del Dipartimento Cultura FIAF: &#8220;<strong>Radici e nuove frontiere della fotografia regionale italiana<\/strong>\u201c<\/strong><\/p>\n<p style=\"text-align: justify\">Se mi trascino sempre dietro una macchina fotografica, non \u00e8 perche sono sempre alla ricerca di fotografie, ma \u00e8 perch\u00e9 sono sempre alla ricerca di incontri, dai quali a volte nasce il bisogno di raccontare e raccontarmi.<\/p>\n<p style=\"text-align: justify\">Perch\u00e9 con le fotografie? Probabilmente perch\u00e9, ricordando ancora Lewis Hine, non sono in grado di farlo con le parole.<\/p>\n<p style=\"text-align: justify\">\u201cHotel Margherita\u201d \u00e8 uno dei miei incontri.<\/p>\n<p style=\"text-align: justify\">E\u2019 l\u2019incontro con un gruppo di ragazzi afgani richiedenti asilo, \u201caccampati\u201d in ripari di fortuna nella villetta di viale Regina Margherita, storico viale di Crotone. Ragazzi che scappano dalla propria terra d\u2019origine nella speranza di un futuro dignitoso nel nostro opulento occidente.<\/p>\n<p style=\"text-align: justify\">Sono riuscito a realizzare queste immagini grazie al loro \u201caiuto\u201d, al loro estremo bisogno di urlare al mondo il loro dramma mettendo in mostra sofferenza e speranza.<\/p>\n<p style=\"text-align: justify\">Niente di organizzato, tutto di getto in una mezza giornata trascorsa a cercare, insieme ad altri amici volontari, una soluzione.<\/p>\n<p style=\"text-align: justify\">Ho fotografato e continuo a fotografare con in testa il dilemma se sia giusto tirar fuori la macchina fotografica \u201cDavanti al dolore degli altri\u201d.<\/p>\n<p style=\"text-align: right\">\u00a0Gregorio Patan\u00e9<\/p>\n\n&nbsp;<\/p>\n\n    <div class=\"xs_social_share_widget xs_share_url after_content \t\tmain_content  wslu-style-1 wslu-share-box-shaped wslu-fill-colored wslu-none wslu-share-horizontal wslu-theme-font-no wslu-main_content\">\n\n\t\t\n        <ul>\n\t\t\t        <\/ul>\n    <\/div> \n","protected":false},"excerpt":{"rendered":"<p>Hotel Margherita Fotografie di Gregorio Patan\u00e9 &#8211;\u00a0\u00a0FIAF Regione Calabria, dal progetto del Dipartimento Cultura FIAF: &#8220;Radici e nuove frontiere della &hellip;<\/p>\n","protected":false},"author":15,"featured_media":3244,"comment_status":"open","ping_status":"open","sticky":false,"template":"","format":"standard","meta":{"_acf_changed":false,"footnotes":""},"categories":[7,21],"tags":[],"class_list":["post-3221","post","type-post","status-publish","format-standard","has-post-thumbnail","hentry","category-archivio","category-fotografia-regionale"],"acf":[],"_links":{"self":[{"href":"https:\/\/fiaf.net\/agoradicult\/wp-json\/wp\/v2\/posts\/3221","targetHints":{"allow":["GET"]}}],"collection":[{"href":"https:\/\/fiaf.net\/agoradicult\/wp-json\/wp\/v2\/posts"}],"about":[{"href":"https:\/\/fiaf.net\/agoradicult\/wp-json\/wp\/v2\/types\/post"}],"author":[{"embeddable":true,"href":"https:\/\/fiaf.net\/agoradicult\/wp-json\/wp\/v2\/users\/15"}],"replies":[{"embeddable":true,"href":"https:\/\/fiaf.net\/agoradicult\/wp-json\/wp\/v2\/comments?post=3221"}],"version-history":[{"count":0,"href":"https:\/\/fiaf.net\/agoradicult\/wp-json\/wp\/v2\/posts\/3221\/revisions"}],"wp:featuredmedia":[{"embeddable":true,"href":"https:\/\/fiaf.net\/agoradicult\/wp-json\/wp\/v2\/media\/3244"}],"wp:attachment":[{"href":"https:\/\/fiaf.net\/agoradicult\/wp-json\/wp\/v2\/media?parent=3221"}],"wp:term":[{"taxonomy":"category","embeddable":true,"href":"https:\/\/fiaf.net\/agoradicult\/wp-json\/wp\/v2\/categories?post=3221"},{"taxonomy":"post_tag","embeddable":true,"href":"https:\/\/fiaf.net\/agoradicult\/wp-json\/wp\/v2\/tags?post=3221"}],"curies":[{"name":"wp","href":"https:\/\/api.w.org\/{rel}","templated":true}]}}