{"id":33348,"date":"2023-12-30T19:34:58","date_gmt":"2023-12-30T18:34:58","guid":{"rendered":"https:\/\/fiaf.net\/agoradicult\/?p=33348"},"modified":"2024-01-11T16:09:34","modified_gmt":"2024-01-11T15:09:34","slug":"totem-e-tabu-la-squadra-dei-tutor-e-i-lab-di-cult-on-line","status":"publish","type":"post","link":"https:\/\/fiaf.net\/agoradicult\/2023\/12\/30\/totem-e-tabu-la-squadra-dei-tutor-e-i-lab-di-cult-on-line\/","title":{"rendered":"TOTEM e TABU&#8217; &#8211; La proposta dei Tutor e i LAB Di Cult on line."},"content":{"rendered":"<p>&nbsp;<\/p>\n<h3 style=\"text-align: center\">Finalit\u00e0 e metodo del Tutoraggio.<\/h3>\n<p>&nbsp;<\/p>\n<p style=\"font-weight: 400\">La finalit\u00e0 del Tutoraggio \u00e8 quella aiutare il fotografo a realizzare l\u2019opera che ha in mente, rispettando il livello del suo percorso autoriale di esordiente o esperto che sia. Ogni Tutor presenta un proprio percorso di pratica fotografica e quindi \u00e8 in grado di dare un contributo personale diverso dagli altri. Tutto il processo di elaborazione che avviene nel Laboratorio deve condurre a far s\u00ec che l\u2019opera finale sia autenticamente del fotografo e costituisca per lui una conquista di libert\u00e0 espressiva.<\/p>\n<p><img loading=\"lazy\" decoding=\"async\" class=\"wp-image-33399 aligncenter\" src=\"https:\/\/fiaf.net\/agoradicult\/wp-content\/uploads\/sites\/23\/2023\/12\/IMG_0723.jpg\" alt=\"\" width=\"580\" height=\"435\" srcset=\"https:\/\/fiaf.net\/agoradicult\/wp-content\/uploads\/sites\/23\/2023\/12\/IMG_0723.jpg 580w, https:\/\/fiaf.net\/agoradicult\/wp-content\/uploads\/sites\/23\/2023\/12\/IMG_0723-300x225.jpg 300w\" sizes=\"auto, (max-width: 580px) 100vw, 580px\" \/><\/p>\n<p>&nbsp;<\/p>\n<p style=\"font-weight: 400\">Metodo:<\/p>\n<ul>\n<li>Nel rapporto con i fotografi \u00e8 fondamentale il concetto di percorso, perch\u00e9 un percorso ha l\u2019inizio quando si \u00e8 esordienti e negli anni con l\u2019esercizio e con la maturazione si diventa esperti. La fine del percorso pu\u00f2 anche non esistere, perch\u00e9 nell\u2019atto creativo ci pu\u00f2 sempre essere un nuovo passo da compiere.<\/li>\n<\/ul>\n<ul>\n<li>Il metodo si avvia con la presentazione del tema che consiste nel dare elementi di un possibile percorso mentale da compiere da parte del fotografo, per passare dal \u201ctema dato\u201d alla scelta del \u201ctema personale\u201d.<\/li>\n<\/ul>\n<ul>\n<li>Lettura dei primi scatti di ogni autore per analizzare l\u2019orientamento tematico e il concept dell\u2019opera in fase di realizzazione.<\/li>\n<\/ul>\n<ul>\n<li>Con l\u2019opera gi\u00e0 in stato avanzato di realizzazione verificare:<br \/>\n&#8211; La coerenza del messaggio e dello stile.<br \/>\n&#8211; La compiutezza.<\/li>\n<\/ul>\n<ul>\n<li>Il Tutor nelle diverse fasi deve suggerire possibili sviluppi dell\u2019opera che vede abbozzata, ma spetta all\u2019autore di cogliere o meno quegli stimoli e compiere le scelte che lo porteranno a realizzare la sua opera.<\/li>\n<\/ul>\n<p style=\"font-weight: 400\">Silvano Bicocchi<br \/>\nDr. Di Cult FIAF<\/p>\n<p>&nbsp;<\/p>\n<h2 style=\"text-align: center\">La proposta dei Tutor<\/h2>\n<p>&nbsp;<\/p>\n<h3>\u00a0<img loading=\"lazy\" decoding=\"async\" class=\"alignnone wp-image-33378\" src=\"https:\/\/fiaf.net\/agoradicult\/wp-content\/uploads\/sites\/23\/2023\/12\/Massimo-Agus-Foto-di-Stefano-Landini-2019.jpeg\" alt=\"\" width=\"300\" height=\"398\" srcset=\"https:\/\/fiaf.net\/agoradicult\/wp-content\/uploads\/sites\/23\/2023\/12\/Massimo-Agus-Foto-di-Stefano-Landini-2019.jpeg 481w, https:\/\/fiaf.net\/agoradicult\/wp-content\/uploads\/sites\/23\/2023\/12\/Massimo-Agus-Foto-di-Stefano-Landini-2019-226x300.jpeg 226w\" sizes=\"auto, (max-width: 300px) 100vw, 300px\" \/> \u00a0 \u00a0 Massimo Agus<\/h3>\n<p><a href=\"https:\/\/fiaf.net\/agoradicult\/wp-content\/uploads\/sites\/23\/2023\/12\/Massimo-Agus_-Note-biografiche.pdf\">Massimo Agus_ Note biografiche<\/a> (pdf scaricabile)<\/p>\n<p>&nbsp;<\/p>\n<h3><img loading=\"lazy\" decoding=\"async\" class=\"alignnone wp-image-33379\" src=\"https:\/\/fiaf.net\/agoradicult\/wp-content\/uploads\/sites\/23\/2023\/12\/Monica-Benassi_IMG_0923.jpg\" alt=\"\" width=\"300\" height=\"300\" srcset=\"https:\/\/fiaf.net\/agoradicult\/wp-content\/uploads\/sites\/23\/2023\/12\/Monica-Benassi_IMG_0923.jpg 500w, https:\/\/fiaf.net\/agoradicult\/wp-content\/uploads\/sites\/23\/2023\/12\/Monica-Benassi_IMG_0923-300x300.jpg 300w, https:\/\/fiaf.net\/agoradicult\/wp-content\/uploads\/sites\/23\/2023\/12\/Monica-Benassi_IMG_0923-150x150.jpg 150w\" sizes=\"auto, (max-width: 300px) 100vw, 300px\" \/>\u00a0 \u00a0 \u00a0 Monica Benassi<\/h3>\n<p><a href=\"https:\/\/fiaf.net\/agoradicult\/wp-content\/uploads\/sites\/23\/2023\/12\/Maonica-Benassi_-Note-biografiche.pdf\">Monica Benassi_ Note biografiche <\/a><\/p>\n<p>&nbsp;<\/p>\n<h3><img loading=\"lazy\" decoding=\"async\" class=\"alignnone wp-image-33381\" src=\"https:\/\/fiaf.net\/agoradicult\/wp-content\/uploads\/sites\/23\/2023\/12\/Ritratto-Silvano_2.jpg\" alt=\"\" width=\"300\" height=\"336\" srcset=\"https:\/\/fiaf.net\/agoradicult\/wp-content\/uploads\/sites\/23\/2023\/12\/Ritratto-Silvano_2.jpg 893w, https:\/\/fiaf.net\/agoradicult\/wp-content\/uploads\/sites\/23\/2023\/12\/Ritratto-Silvano_2-268x300.jpg 268w, https:\/\/fiaf.net\/agoradicult\/wp-content\/uploads\/sites\/23\/2023\/12\/Ritratto-Silvano_2-768x860.jpg 768w\" sizes=\"auto, (max-width: 300px) 100vw, 300px\" \/>\u00a0 \u00a0 \u00a0 Silvano Bicocchi<\/h3>\n<p><a href=\"https:\/\/fiaf.net\/agoradicult\/wp-content\/uploads\/sites\/23\/2023\/12\/Silvano-Bicocchi_Note-biografiche.pdf\">Silvano Bicocchi_Note biografiche<\/a><\/p>\n<p>&nbsp;<\/p>\n<h3><img loading=\"lazy\" decoding=\"async\" class=\"alignnone wp-image-33405\" src=\"https:\/\/fiaf.net\/agoradicult\/wp-content\/uploads\/sites\/23\/2023\/12\/foto-bio-scaled.jpg\" alt=\"\" width=\"300\" height=\"536\" srcset=\"https:\/\/fiaf.net\/agoradicult\/wp-content\/uploads\/sites\/23\/2023\/12\/foto-bio-scaled.jpg 1433w, https:\/\/fiaf.net\/agoradicult\/wp-content\/uploads\/sites\/23\/2023\/12\/foto-bio-168x300.jpg 168w, https:\/\/fiaf.net\/agoradicult\/wp-content\/uploads\/sites\/23\/2023\/12\/foto-bio-573x1024.jpg 573w, https:\/\/fiaf.net\/agoradicult\/wp-content\/uploads\/sites\/23\/2023\/12\/foto-bio-768x1372.jpg 768w, https:\/\/fiaf.net\/agoradicult\/wp-content\/uploads\/sites\/23\/2023\/12\/foto-bio-860x1536.jpg 860w, https:\/\/fiaf.net\/agoradicult\/wp-content\/uploads\/sites\/23\/2023\/12\/foto-bio-1147x2048.jpg 1147w\" sizes=\"auto, (max-width: 300px) 100vw, 300px\" \/>\u00a0 \u00a0 \u00a0 Piera Cavalieri<\/h3>\n<p><a href=\"https:\/\/fiaf.net\/agoradicult\/wp-content\/uploads\/sites\/23\/2023\/12\/Piera-Cavalieri_-Note-biografiche.pdf\">Piera Cavalieri_ Note biografiche<\/a><\/p>\n<p>&nbsp;<\/p>\n<h3><img loading=\"lazy\" decoding=\"async\" class=\"alignnone wp-image-33349\" src=\"https:\/\/fiaf.net\/agoradicult\/wp-content\/uploads\/sites\/23\/2023\/12\/Marco-Fantechi.jpg\" alt=\"\" width=\"300\" height=\"300\" srcset=\"https:\/\/fiaf.net\/agoradicult\/wp-content\/uploads\/sites\/23\/2023\/12\/Marco-Fantechi.jpg 580w, https:\/\/fiaf.net\/agoradicult\/wp-content\/uploads\/sites\/23\/2023\/12\/Marco-Fantechi-300x300.jpg 300w, https:\/\/fiaf.net\/agoradicult\/wp-content\/uploads\/sites\/23\/2023\/12\/Marco-Fantechi-150x150.jpg 150w\" sizes=\"auto, (max-width: 300px) 100vw, 300px\" \/>\u00a0 \u00a0 \u00a0Marco Fantechi<\/h3>\n<p><a href=\"https:\/\/fiaf.net\/agoradicult\/wp-content\/uploads\/sites\/23\/2023\/12\/Marco-Fantechi_-Note-biografiche.pdf\">Marco Fantechi_ Note biografiche<\/a><\/p>\n<p>&nbsp;<\/p>\n<h3><img loading=\"lazy\" decoding=\"async\" class=\"alignnone wp-image-33353\" src=\"https:\/\/fiaf.net\/agoradicult\/wp-content\/uploads\/sites\/23\/2023\/12\/Vincenzo-Gerbasi.jpg\" alt=\"\" width=\"300\" height=\"300\" srcset=\"https:\/\/fiaf.net\/agoradicult\/wp-content\/uploads\/sites\/23\/2023\/12\/Vincenzo-Gerbasi.jpg 478w, https:\/\/fiaf.net\/agoradicult\/wp-content\/uploads\/sites\/23\/2023\/12\/Vincenzo-Gerbasi-300x300.jpg 300w, https:\/\/fiaf.net\/agoradicult\/wp-content\/uploads\/sites\/23\/2023\/12\/Vincenzo-Gerbasi-150x150.jpg 150w\" sizes=\"auto, (max-width: 300px) 100vw, 300px\" \/>\u00a0 \u00a0 Vincenzo Gerbasi<\/h3>\n<p><a href=\"https:\/\/fiaf.net\/agoradicult\/wp-content\/uploads\/sites\/23\/2023\/12\/Vincenzo-Gerbasi_-Note-biografiche.pdf\">Vincenzo Gerbasi_ Note biografiche<\/a><\/p>\n<p>&nbsp;<\/p>\n<h3><img loading=\"lazy\" decoding=\"async\" class=\" wp-image-33417\" style=\"font-weight: bold;color: #767676\" src=\"https:\/\/fiaf.net\/agoradicult\/wp-content\/uploads\/sites\/23\/2023\/12\/Renza-Grossi.jpg\" alt=\"\" width=\"300\" height=\"400\" srcset=\"https:\/\/fiaf.net\/agoradicult\/wp-content\/uploads\/sites\/23\/2023\/12\/Renza-Grossi.jpg 500w, https:\/\/fiaf.net\/agoradicult\/wp-content\/uploads\/sites\/23\/2023\/12\/Renza-Grossi-225x300.jpg 225w\" sizes=\"auto, (max-width: 300px) 100vw, 300px\" \/>\u00a0 \u00a0 \u00a0Renza Grossi<\/h3>\n<p><a style=\"font-size: 16px\" href=\"https:\/\/fiaf.net\/agoradicult\/wp-content\/uploads\/sites\/23\/2023\/12\/Renza-Grossi-breve-curriculum.pdf\">Renza Grossi breve curriculum<\/a><\/p>\n<h3><img loading=\"lazy\" decoding=\"async\" class=\"alignnone wp-image-33354\" src=\"https:\/\/fiaf.net\/agoradicult\/wp-content\/uploads\/sites\/23\/2023\/12\/Claudia-Ioan.jpg\" alt=\"\" width=\"302\" height=\"302\" srcset=\"https:\/\/fiaf.net\/agoradicult\/wp-content\/uploads\/sites\/23\/2023\/12\/Claudia-Ioan.jpg 240w, https:\/\/fiaf.net\/agoradicult\/wp-content\/uploads\/sites\/23\/2023\/12\/Claudia-Ioan-150x150.jpg 150w\" sizes=\"auto, (max-width: 302px) 100vw, 302px\" \/>\u00a0 \u00a0Claudia Ioan<\/h3>\n<p><a href=\"https:\/\/fiaf.net\/agoradicult\/wp-content\/uploads\/sites\/23\/2023\/12\/Claudia-Ioan_-Note-biografiche.pdf\">Claudia Ioan_ Note biografiche<\/a><\/p>\n<p>&nbsp;<\/p>\n<h3><img loading=\"lazy\" decoding=\"async\" class=\"alignnone wp-image-33355\" src=\"https:\/\/fiaf.net\/agoradicult\/wp-content\/uploads\/sites\/23\/2023\/12\/Stefania_Lasagni.jpg\" alt=\"\" width=\"300\" height=\"357\" srcset=\"https:\/\/fiaf.net\/agoradicult\/wp-content\/uploads\/sites\/23\/2023\/12\/Stefania_Lasagni.jpg 580w, https:\/\/fiaf.net\/agoradicult\/wp-content\/uploads\/sites\/23\/2023\/12\/Stefania_Lasagni-252x300.jpg 252w\" sizes=\"auto, (max-width: 300px) 100vw, 300px\" \/>\u00a0 \u00a0 \u00a0Stefania Lasagni<\/h3>\n<p><a href=\"https:\/\/fiaf.net\/agoradicult\/wp-content\/uploads\/sites\/23\/2023\/12\/Stefania-Lasagni_-Note-biografiche.pdf\">Stefania Lasagni_ Note biografiche<\/a><\/p>\n<p>&nbsp;<\/p>\n<h3><img loading=\"lazy\" decoding=\"async\" class=\"alignnone wp-image-33356\" src=\"https:\/\/fiaf.net\/agoradicult\/wp-content\/uploads\/sites\/23\/2023\/12\/Massimo-Mazzoli.jpg\" alt=\"\" width=\"300\" height=\"300\" srcset=\"https:\/\/fiaf.net\/agoradicult\/wp-content\/uploads\/sites\/23\/2023\/12\/Massimo-Mazzoli.jpg 580w, https:\/\/fiaf.net\/agoradicult\/wp-content\/uploads\/sites\/23\/2023\/12\/Massimo-Mazzoli-300x300.jpg 300w, https:\/\/fiaf.net\/agoradicult\/wp-content\/uploads\/sites\/23\/2023\/12\/Massimo-Mazzoli-150x150.jpg 150w\" sizes=\"auto, (max-width: 300px) 100vw, 300px\" \/>\u00a0 \u00a0 \u00a0Massimo Mazzoli<\/h3>\n<p><a href=\"https:\/\/fiaf.net\/agoradicult\/wp-content\/uploads\/sites\/23\/2023\/12\/Massimo-Mazzoli_-Note-biografiche.pdf\">Massimo Mazzoli_ Note biografiche<\/a><\/p>\n<p>&nbsp;<\/p>\n<h3><img loading=\"lazy\" decoding=\"async\" class=\"alignnone wp-image-33357\" src=\"https:\/\/fiaf.net\/agoradicult\/wp-content\/uploads\/sites\/23\/2023\/12\/Image00001.jpg\" alt=\"\" width=\"300\" height=\"300\" srcset=\"https:\/\/fiaf.net\/agoradicult\/wp-content\/uploads\/sites\/23\/2023\/12\/Image00001.jpg 580w, https:\/\/fiaf.net\/agoradicult\/wp-content\/uploads\/sites\/23\/2023\/12\/Image00001-300x300.jpg 300w, https:\/\/fiaf.net\/agoradicult\/wp-content\/uploads\/sites\/23\/2023\/12\/Image00001-150x150.jpg 150w\" sizes=\"auto, (max-width: 300px) 100vw, 300px\" \/>\u00a0 \u00a0 \u00a0 Monica Pelizzetti<\/h3>\n<p><a href=\"https:\/\/fiaf.net\/agoradicult\/wp-content\/uploads\/sites\/23\/2023\/12\/Monica-Pelizzetti_-Note-biografiche.pdf\">Monica Pelizzetti_ Note biografiche<\/a><\/p>\n<p>&nbsp;<\/p>\n<h3><img loading=\"lazy\" decoding=\"async\" class=\"alignnone wp-image-33424\" src=\"https:\/\/fiaf.net\/agoradicult\/wp-content\/uploads\/sites\/23\/2023\/12\/Giacomo-Ritratto-1-scaled.jpg\" alt=\"\" width=\"299\" height=\"399\" srcset=\"https:\/\/fiaf.net\/agoradicult\/wp-content\/uploads\/sites\/23\/2023\/12\/Giacomo-Ritratto-1-scaled.jpg 1920w, https:\/\/fiaf.net\/agoradicult\/wp-content\/uploads\/sites\/23\/2023\/12\/Giacomo-Ritratto-1-225x300.jpg 225w, https:\/\/fiaf.net\/agoradicult\/wp-content\/uploads\/sites\/23\/2023\/12\/Giacomo-Ritratto-1-768x1024.jpg 768w, https:\/\/fiaf.net\/agoradicult\/wp-content\/uploads\/sites\/23\/2023\/12\/Giacomo-Ritratto-1-1152x1536.jpg 1152w, https:\/\/fiaf.net\/agoradicult\/wp-content\/uploads\/sites\/23\/2023\/12\/Giacomo-Ritratto-1-1536x2048.jpg 1536w\" sizes=\"auto, (max-width: 299px) 100vw, 299px\" \/>\u00a0 \u00a0 \u00a0 Giacomo Sinibaldi<\/h3>\n<p><a href=\"https:\/\/fiaf.net\/agoradicult\/wp-content\/uploads\/sites\/23\/2023\/12\/Giacomo-Sinibaldi-note-biografiche.pdf\">Giacomo Sinibaldi &#8211; note biografiche<\/a><\/p>\n<p>&nbsp;<\/p>\n<h3><img loading=\"lazy\" decoding=\"async\" class=\"alignnone wp-image-33358\" src=\"https:\/\/fiaf.net\/agoradicult\/wp-content\/uploads\/sites\/23\/2023\/12\/369717600_6850573501671093_1870038371360273142_n.jpg\" alt=\"\" width=\"300\" height=\"299\" srcset=\"https:\/\/fiaf.net\/agoradicult\/wp-content\/uploads\/sites\/23\/2023\/12\/369717600_6850573501671093_1870038371360273142_n.jpg 580w, https:\/\/fiaf.net\/agoradicult\/wp-content\/uploads\/sites\/23\/2023\/12\/369717600_6850573501671093_1870038371360273142_n-300x300.jpg 300w, https:\/\/fiaf.net\/agoradicult\/wp-content\/uploads\/sites\/23\/2023\/12\/369717600_6850573501671093_1870038371360273142_n-150x150.jpg 150w\" sizes=\"auto, (max-width: 300px) 100vw, 300px\" \/>\u00a0 \u00a0 \u00a0 Silvia Tampucci<\/h3>\n<p><a href=\"https:\/\/fiaf.net\/agoradicult\/wp-content\/uploads\/sites\/23\/2023\/12\/Silvia-Tampucci_-Note-biografiche.pdf\">Silvia Tampucci_ Note biografiche<\/a><\/p>\n<p>&nbsp;<\/p>\n<h3><img loading=\"lazy\" decoding=\"async\" class=\"alignnone wp-image-33359\" src=\"https:\/\/fiaf.net\/agoradicult\/wp-content\/uploads\/sites\/23\/2023\/12\/Foto-Isabella.jpg\" alt=\"\" width=\"300\" height=\"224\" srcset=\"https:\/\/fiaf.net\/agoradicult\/wp-content\/uploads\/sites\/23\/2023\/12\/Foto-Isabella.jpg 802w, https:\/\/fiaf.net\/agoradicult\/wp-content\/uploads\/sites\/23\/2023\/12\/Foto-Isabella-300x224.jpg 300w, https:\/\/fiaf.net\/agoradicult\/wp-content\/uploads\/sites\/23\/2023\/12\/Foto-Isabella-768x575.jpg 768w\" sizes=\"auto, (max-width: 300px) 100vw, 300px\" \/>\u00a0 \u00a0 \u00a0<strong> Isabella Tholozan<\/strong><\/h3>\n<p><a href=\"https:\/\/fiaf.net\/agoradicult\/wp-content\/uploads\/sites\/23\/2023\/12\/Isabella-Tholozan_-Note-biografiche.pdf\">Isabella Tholozan_ Note biografiche<\/a><\/p>\n<p>&nbsp;<\/p>\n<h3><img loading=\"lazy\" decoding=\"async\" class=\"alignnone wp-image-33360\" src=\"https:\/\/fiaf.net\/agoradicult\/wp-content\/uploads\/sites\/23\/2023\/12\/W.Turcato.jpg\" alt=\"\" width=\"300\" height=\"300\" srcset=\"https:\/\/fiaf.net\/agoradicult\/wp-content\/uploads\/sites\/23\/2023\/12\/W.Turcato.jpg 580w, https:\/\/fiaf.net\/agoradicult\/wp-content\/uploads\/sites\/23\/2023\/12\/W.Turcato-300x300.jpg 300w, https:\/\/fiaf.net\/agoradicult\/wp-content\/uploads\/sites\/23\/2023\/12\/W.Turcato-150x150.jpg 150w\" sizes=\"auto, (max-width: 300px) 100vw, 300px\" \/>\u00a0 \u00a0 \u00a0 Walter Turcato<\/h3>\n<p><a href=\"https:\/\/fiaf.net\/agoradicult\/wp-content\/uploads\/sites\/23\/2023\/12\/Walter-Turcato_-Note-biografiche.pdf\">Walter Turcato_ Note biografiche<\/a><\/p>\n<p>&nbsp;<\/p>\n<h3><img loading=\"lazy\" decoding=\"async\" class=\"alignnone wp-image-33361\" src=\"https:\/\/fiaf.net\/agoradicult\/wp-content\/uploads\/sites\/23\/2023\/12\/Massimiliano-Tuveri-foto-profilo-e1703794621605.jpg\" alt=\"\" width=\"300\" height=\"301\" \/>\u00a0 \u00a0 \u00a0 Massimiliano Tuveri<\/h3>\n<p style=\"font-weight: 400\"><a href=\"https:\/\/fiaf.net\/agoradicult\/wp-content\/uploads\/sites\/23\/2023\/12\/Massimiliano-Tuveri_-Note-biografiche.pdf\">Massimiliano Tuveri_ Note biografiche<\/a><\/p>\n<p>&nbsp;<\/p>\n<p><em><strong>L&#8217;elenco dei Tutor \u00e8 aperto sia agli esperti che ai praticanti, pertanto se avete le competenze e desiderate proporvi potete lasciare un commento sul post e verrete contattati.<\/strong><\/em><\/p>\n<p><a href=\"https:\/\/fiaf.net\/agoradicult\/wp-content\/uploads\/sites\/23\/2023\/12\/Dati-per-contattare-i-Tutor.pdf\">Dati per contattare i Tutor<\/a>\u00a0( pdf scaricabile)<\/p>\n<p>&nbsp;<\/p>\n<h3 style=\"text-align: center\">Elenco dei Laboratori Di Cult<br \/>\nche praticano la partecipazione on line<\/h3>\n<p>&nbsp;<\/p>\n<p>E&#8217; possibile partecipare in modalit\u00e0 on line ai seguenti LAB Di Cult \u00a0FIAF:<\/p>\n<ul>\n<li><strong>LAB Di Cult 153AV FIAF<\/strong>, tema: \u201dTotem e Tab\u00f9\u201d\n<ul>\n<li>Coordinatore: Roberto Puato (Torino)<\/li>\n<li>Collaboratori:<\/li>\n<\/ul>\n<\/li>\n<\/ul>\n<ul>\n<li><strong>LAB Di Cult 158 FIAF<\/strong>, tema: \u201dTotem e Tab\u00f9\u201d\n<ul>\n<li>Coordinatore: Massimo Pascutti, Monica Pelizzetti. (TO)<\/li>\n<li>Collaboratori:<\/li>\n<\/ul>\n<\/li>\n<\/ul>\n<ul>\n<li><strong>LAB Di Cult 160 FIAF<\/strong>, tema: \u201dTotem e Tab\u00f9\u201d\n<ul>\n<li>Coordinatore: Claudia Ioan, Massimiliano Tuveri (Umbria)<\/li>\n<li>Collaboratori:<\/li>\n<\/ul>\n<\/li>\n<\/ul>\n<ul>\n<li><strong>LAB Di Cult 165 FIAF<\/strong>, tema: \u201dTotem e Tab\u00f9\u201d\n<ul>\n<li>Coordinatore: Mario Pasquali, Vincenza Iannelli (Prato)<\/li>\n<li>Collaboratori:<\/li>\n<\/ul>\n<\/li>\n<\/ul>\n<ul>\n<li><strong>LAB Di Cult 168 FIAF<\/strong>, tema: \u201dTotem e Tab\u00f9\u201d\n<ul>\n<li>Coordinatore: Vincenzo Gerbasi (Crotone)<\/li>\n<li>Collaboratori:<\/li>\n<\/ul>\n<\/li>\n<\/ul>\n<ul>\n<li><strong>LAB Di Cult 180 FIAF<\/strong>, tema: \u201dTotem e Tab\u00f9\u201d\n<ul>\n<li>Coordinatore: Walter Turcato, Rho (MI)<\/li>\n<li>Collaboratori:<\/li>\n<\/ul>\n<\/li>\n<\/ul>\n<ul>\n<li><strong>LAB Di Cult 182 FIAF<\/strong>, tema: \u201dTotem e Tab\u00f9\u201d\n<ul>\n<li>Coordinatore: Andrea Marcuz, Elisabetta Gamberini (BO) _ S. Pietro in Casale (BO)<\/li>\n<li>Collaboratori:<\/li>\n<\/ul>\n<\/li>\n<\/ul>\n<p><a href=\"https:\/\/fiaf.net\/agoradicult\/wp-content\/uploads\/sites\/23\/2023\/12\/LAB-on-line.pdf\">LAB on line<\/a>. \u00a0(pdf scaricabile dei dati per contattare i LAB)<\/p>\n<p>&nbsp;<\/p>\n<p><img loading=\"lazy\" decoding=\"async\" class=\"size-full wp-image-33402 aligncenter\" src=\"https:\/\/fiaf.net\/agoradicult\/wp-content\/uploads\/sites\/23\/2023\/12\/Lab00000009.jpg\" alt=\"\" width=\"580\" height=\"434\" srcset=\"https:\/\/fiaf.net\/agoradicult\/wp-content\/uploads\/sites\/23\/2023\/12\/Lab00000009.jpg 580w, https:\/\/fiaf.net\/agoradicult\/wp-content\/uploads\/sites\/23\/2023\/12\/Lab00000009-300x224.jpg 300w\" sizes=\"auto, (max-width: 580px) 100vw, 580px\" \/><\/p>\n<p>&nbsp;<\/p>\n<p>&nbsp;<\/p>\n<p>&nbsp;<\/p>\n<p>&nbsp;<\/p>\n\n    <div class=\"xs_social_share_widget xs_share_url after_content \t\tmain_content  wslu-style-1 wslu-share-box-shaped wslu-fill-colored wslu-none wslu-share-horizontal wslu-theme-font-no wslu-main_content\">\n\n\t\t\n        <ul>\n\t\t\t        <\/ul>\n    <\/div> \n","protected":false},"excerpt":{"rendered":"<p>&nbsp; Finalit\u00e0 e metodo del Tutoraggio. &nbsp; La finalit\u00e0 del Tutoraggio \u00e8 quella aiutare il fotografo a realizzare l\u2019opera che &hellip;<\/p>\n","protected":false},"author":80,"featured_media":33401,"comment_status":"open","ping_status":"open","sticky":false,"template":"","format":"standard","meta":{"_acf_changed":false,"footnotes":""},"categories":[121],"tags":[101,153,166],"class_list":["post-33348","post","type-post","status-publish","format-standard","has-post-thumbnail","hentry","category-laboratori-di-cult","tag-lab-di-cult","tag-totem-e-tabu","tag-tutor"],"acf":[],"_links":{"self":[{"href":"https:\/\/fiaf.net\/agoradicult\/wp-json\/wp\/v2\/posts\/33348","targetHints":{"allow":["GET"]}}],"collection":[{"href":"https:\/\/fiaf.net\/agoradicult\/wp-json\/wp\/v2\/posts"}],"about":[{"href":"https:\/\/fiaf.net\/agoradicult\/wp-json\/wp\/v2\/types\/post"}],"author":[{"embeddable":true,"href":"https:\/\/fiaf.net\/agoradicult\/wp-json\/wp\/v2\/users\/80"}],"replies":[{"embeddable":true,"href":"https:\/\/fiaf.net\/agoradicult\/wp-json\/wp\/v2\/comments?post=33348"}],"version-history":[{"count":35,"href":"https:\/\/fiaf.net\/agoradicult\/wp-json\/wp\/v2\/posts\/33348\/revisions"}],"predecessor-version":[{"id":33535,"href":"https:\/\/fiaf.net\/agoradicult\/wp-json\/wp\/v2\/posts\/33348\/revisions\/33535"}],"wp:featuredmedia":[{"embeddable":true,"href":"https:\/\/fiaf.net\/agoradicult\/wp-json\/wp\/v2\/media\/33401"}],"wp:attachment":[{"href":"https:\/\/fiaf.net\/agoradicult\/wp-json\/wp\/v2\/media?parent=33348"}],"wp:term":[{"taxonomy":"category","embeddable":true,"href":"https:\/\/fiaf.net\/agoradicult\/wp-json\/wp\/v2\/categories?post=33348"},{"taxonomy":"post_tag","embeddable":true,"href":"https:\/\/fiaf.net\/agoradicult\/wp-json\/wp\/v2\/tags?post=33348"}],"curies":[{"name":"wp","href":"https:\/\/api.w.org\/{rel}","templated":true}]}}