{"id":33676,"date":"2024-02-05T15:23:43","date_gmt":"2024-02-05T14:23:43","guid":{"rendered":"https:\/\/fiaf.net\/agoradicult\/?p=33676"},"modified":"2024-02-05T15:53:42","modified_gmt":"2024-02-05T14:53:42","slug":"totem-e-tabu-3-elenco-dei-laboratori-lab-di-cult-fiaf-a-cura-del-direttore","status":"publish","type":"post","link":"https:\/\/fiaf.net\/agoradicult\/2024\/02\/05\/totem-e-tabu-3-elenco-dei-laboratori-lab-di-cult-fiaf-a-cura-del-direttore\/","title":{"rendered":"TOTEM e TABU\u2019 \u2013 3\u00b0 Elenco dei Laboratori LAB Di Cult FIAF \u2013 a cura del Direttore"},"content":{"rendered":"<h2><\/h2>\n<h2 style=\"text-align: center\"><strong>Progetto tematico TOTEM e TABU\u2019<\/strong><\/h2>\n<p>&nbsp;<\/p>\n<p>I LAB Di Cult FIAF assegnati per affrontare il tema <strong>TOTEM e TABU\u2019 <\/strong>sono attualmente 42, distribuiti nelle provincie che trovate indicate per ognuno.<\/p>\n<p>Sono state formate due nuove tipologie di LAB, identificate con un acronimo specifico posto subito dopo il numero:<br \/>\n\u2013 Laboratorio orientato alla creazione di Audiovisivi che si distingue con un <strong>AV<\/strong> (audio visivi).<br \/>\n\u2013 Laboratorio i cui partecipanti sono gli studenti di una classe scolastica che si distingue con <strong>ED<\/strong> (education), vi ricordo che in questi laboratori creati nell\u2019ambito di un istituto scolastico la partecipazione \u00e8 gratuita.<\/p>\n<ul>\n<li><strong>LAB Di Cult 153AV FIAF<\/strong>, tema: \u201dTotem e Tab\u00f9\u201d\n<ul>\n<li>Coordinatore: Roberto Puato (Torino)<\/li>\n<li>Collaboratori:<\/li>\n<\/ul>\n<\/li>\n<li><strong>LAB Di Cult 154 FIAF<\/strong>, tema: \u201dTotem e Tab\u00f9\u201d\n<ul>\n<li>Coordinatore: Massimo Bardelli (Fabriano, AN)<\/li>\n<li>Collaboratori:<\/li>\n<\/ul>\n<\/li>\n<\/ul>\n<ul>\n<li><strong>LAB Di Cult 155 FIAF<\/strong>, tema: \u201dTotem e Tab\u00f9\u201d\n<ul>\n<li>Coordinatore: Danilo Baraldi. (Carpi , Modena)<\/li>\n<li>Collaboratori:<\/li>\n<\/ul>\n<\/li>\n<\/ul>\n<ul>\n<li><strong>LAB Di Cult 156 FIAF<\/strong>, tema: \u201dTotem e Tab\u00f9\u201d\n<ul>\n<li>Coordinatore: Luca Sorbo. (Napoli)<\/li>\n<li>Collaboratori:<\/li>\n<\/ul>\n<\/li>\n<\/ul>\n<ul>\n<li><strong>LAB Di Cult 157 FIAF<\/strong>, tema: \u201dTotem e Tab\u00f9\u201d\n<ul>\n<li>Coordinatore: Luca Monelli. (San Felice, Modena)<\/li>\n<li>Collaboratori:<\/li>\n<\/ul>\n<\/li>\n<\/ul>\n<ul>\n<li><strong>LAB Di Cult 158 FIAF<\/strong>, tema: \u201dTotem e Tab\u00f9\u201d\n<ul>\n<li>Coordinatore: Massimo Pascutti, Monica Pelizzetti. (TO)<\/li>\n<li>Collaboratori:<\/li>\n<\/ul>\n<\/li>\n<\/ul>\n<ul>\n<li><strong>LAB Di Cult 159 FIAF<\/strong>, tema: \u201dTotem e Tab\u00f9\u201d\n<ul>\n<li>Coordinatore: Carlo Cirmi, Enzo Rocca. (Milano)<\/li>\n<li>Collaboratori:<\/li>\n<\/ul>\n<\/li>\n<\/ul>\n<ul>\n<li><strong>LAB Di Cult 160 FIAF<\/strong>, tema: \u201dTotem e Tab\u00f9\u201d\n<ul>\n<li>Coordinatore: Claudia Ioan, Massimiliano Tuveri (Umbria)<\/li>\n<li>Collaboratori:<\/li>\n<\/ul>\n<\/li>\n<\/ul>\n<ul>\n<li><strong>LAB Di Cult 161 FIAF<\/strong>, tema: \u201dTotem e Tab\u00f9\u201d\n<ul>\n<li>Coordinatore: Claudia Ioan, Massimiliano Tuveri (Lazio)<\/li>\n<li>Collaboratori:<\/li>\n<\/ul>\n<\/li>\n<\/ul>\n<ul>\n<li><strong>LAB Di Cult 162 FIAF<\/strong>, tema: \u201dTotem e Tab\u00f9\u201d\n<ul>\n<li>Coordinatore: Enrico Di Prinzio, Giuseppe Di Padova, Luigi Bucco (Chieti)<\/li>\n<li>Collaboratori:<\/li>\n<\/ul>\n<\/li>\n<\/ul>\n<ul>\n<li><strong>LAB Di Cult 163 FIAF<\/strong>, tema: \u201dTotem e Tab\u00f9\u201d\n<ul>\n<li>Coordinatore: Francesca Sciarra e Anna Serrato (Napoli)<\/li>\n<li>Collaboratori:<\/li>\n<\/ul>\n<\/li>\n<\/ul>\n<ul>\n<li><strong>LAB Di Cult 164 FIAF<\/strong>, tema: \u201dTotem e Tab\u00f9\u201d\n<ul>\n<li>Coordinatore: Marco Fantechi. (Firenze)<\/li>\n<li>Collaboratori: Lia Mucciarini, Bruno Simini<\/li>\n<\/ul>\n<\/li>\n<\/ul>\n<ul>\n<li><strong>LAB Di Cult 165 FIAF<\/strong>, tema: \u201dTotem e Tab\u00f9\u201d\n<ul>\n<li>Coordinatore: Mario Pasquali, Vincenza Iannelli (Prato)<\/li>\n<li>Collaboratori:<\/li>\n<\/ul>\n<\/li>\n<\/ul>\n<ul>\n<li><strong>LAB Di Cult 166 FIAF<\/strong>, tema: \u201dTotem e Tab\u00f9\u201d\n<ul>\n<li>Coordinatore: Valentino Petrosino (Salerno)<\/li>\n<li>Collaboratori: Luigi Cipriano (Avellino)<\/li>\n<\/ul>\n<\/li>\n<\/ul>\n<ul>\n<li><strong>LAB Di Cult 167 FIAF<\/strong>, tema: \u201dTotem e Tab\u00f9\u201d\n<ul>\n<li>Coordinatore: Andrea Fornaro, Giacomo Sinibaldi (Pescara)<\/li>\n<li>Collaboratori:<\/li>\n<\/ul>\n<\/li>\n<\/ul>\n<ul>\n<li><strong>LAB Di Cult 168 FIAF<\/strong>, tema: \u201dTotem e Tab\u00f9\u201d\n<ul>\n<li>Coordinatore: Vincenzo Gerbasi (Crotone)<\/li>\n<li>Collaboratori:<\/li>\n<\/ul>\n<\/li>\n<\/ul>\n<ul>\n<li><strong>LAB Di Cult 169 FIAF<\/strong>, tema: \u201dTotem e Tab\u00f9\u201d\n<ul>\n<li>Coordinatore: Francesco Miressi (Pordenone)<\/li>\n<li>Collaboratori:<\/li>\n<\/ul>\n<\/li>\n<\/ul>\n<ul>\n<li><strong>LAB Di Cult 170 FIAF<\/strong>, tema: \u201dTotem e Tab\u00f9\u201d\n<ul>\n<li>Coordinatore: Silvia Tampucci<\/li>\n<li>Collaboratori: Elena Bacchi, Paolo Bini. (LI, PI, LU, MS)<\/li>\n<\/ul>\n<\/li>\n<\/ul>\n<ul>\n<li><strong>LAB Di Cult 171 FIAF<\/strong>, tema: \u201dTotem e Tab\u00f9\u201d\n<ul>\n<li>Coordinatore: Sauro Strappato (AN)<\/li>\n<li>Collaboratori: Alessandro Gianfelici, Michele Carrano<\/li>\n<\/ul>\n<\/li>\n<\/ul>\n<ul>\n<li><strong>LAB Di Cult 172 FIAF<\/strong>, tema: \u201dTotem e Tab\u00f9\u201d\n<ul>\n<li>Coordinatore: Tiziana Mastropasqua (NA)<\/li>\n<li>Collaboratori: Paolo Caivano<\/li>\n<\/ul>\n<\/li>\n<\/ul>\n<ul>\n<li><strong>LAB Di Cult 173 FIAF<\/strong>, tema: \u201dTotem e Tab\u00f9\u201d\n<ul>\n<li>Coordinatore: Gianfranco Irlanda (NA)<\/li>\n<li>Collaboratori: Fabiana Privitera<\/li>\n<\/ul>\n<\/li>\n<\/ul>\n<ul>\n<li><strong>LAB Di Cult 174 FIAF<\/strong>, tema: \u201dTotem e Tab\u00f9\u201d\n<ul>\n<li>Coordinatore: Ivano Quintavalle (Macerata)<\/li>\n<li>Collaboratori:<\/li>\n<\/ul>\n<\/li>\n<\/ul>\n<ul>\n<li><strong>LAB Di Cult 175 FIAF<\/strong>, tema: \u201dTotem e Tab\u00f9\u201d\n<ul>\n<li>Coordinatore: Barbara Domenis (Udine)<\/li>\n<li>Collaboratori:<\/li>\n<\/ul>\n<\/li>\n<\/ul>\n<ul>\n<li><strong>LAB Di Cult 176ED FIAF<\/strong>, tema: \u201dTotem e Tab\u00f9\u201d\n<ul>\n<li>Coordinatore: Giancarla Lorenzini (AN)<\/li>\n<li>Collaboratori:<\/li>\n<\/ul>\n<\/li>\n<\/ul>\n<ul>\n<li><strong>LAB Di Cult 177 FIAF<\/strong>, tema: \u201dTotem e Tab\u00f9\u201d\n<ul>\n<li>Coordinatore: Maurizio Tieghi (FE)<\/li>\n<li>Collaboratori:<\/li>\n<\/ul>\n<\/li>\n<\/ul>\n<ul>\n<li><strong>LAB Di Cult 178 FIAF<\/strong>, tema: \u201dTotem e Tab\u00f9\u201d\n<ul>\n<li>Coordinatore: Federica Maninfior (Parma)<\/li>\n<li>Collaboratori: Massimo Marazzini, Emiliana Sozzi.<\/li>\n<\/ul>\n<\/li>\n<\/ul>\n<ul>\n<li><strong>LAB Di Cult 179 FIAF<\/strong>, tema: \u201dTotem e Tab\u00f9\u201d\n<ul>\n<li>Coordinatore: Emanuele Carnaroli (Marche)<\/li>\n<li>Collaboratori:<\/li>\n<\/ul>\n<\/li>\n<\/ul>\n<ul>\n<li><strong>LAB Di Cult 180 FIAF<\/strong>, tema: \u201dTotem e Tab\u00f9\u201d\n<ul>\n<li>Coordinatore: Walter Turcato, Rho (MI)<\/li>\n<li>Collaboratori:<\/li>\n<\/ul>\n<\/li>\n<\/ul>\n<ul>\n<li><strong>LAB Di Cult 181 FIAF<\/strong>, tema: \u201dTotem e Tab\u00f9\u201d\n<ul>\n<li>Coordinatore: Paolo Tavaroli, Albenga (IM)<\/li>\n<li>Collaboratori:<\/li>\n<\/ul>\n<\/li>\n<\/ul>\n<ul>\n<li><strong>LAB Di Cult 182 FIAF<\/strong>, tema: \u201dTotem e Tab\u00f9\u201d\n<ul>\n<li>Coordinatore: Andrea Marcuz, Elisabetta Gamberini (BO) _ S. Pietro in Casale (BO)<\/li>\n<li>Collaboratori:<\/li>\n<\/ul>\n<\/li>\n<\/ul>\n<ul>\n<li><strong>LAB Di Cult 183 FIAF<\/strong>, tema: \u201dTotem e Tab\u00f9\u201d\n<ul>\n<li>Coordinatore: Donatella Vasi. (Ravenna)<\/li>\n<li>Collaboratori:<\/li>\n<\/ul>\n<\/li>\n<\/ul>\n<ul>\n<li><strong>LAB Di Cult 184 FIAF<\/strong>, tema: \u201dTotem e Tab\u00f9\u201d\n<ul>\n<li>Coordinatore: Alma Schianchi. Arcola (SP)<\/li>\n<li>Collaboratori:<\/li>\n<\/ul>\n<\/li>\n<\/ul>\n<ul>\n<li><strong>LAB Di Cult 185 FIAF<\/strong>, tema: \u201dTotem e Tab\u00f9\u201d\n<ul>\n<li>Coordinatore: Francesca Artoni<\/li>\n<li>Collaboratori: Marica Artoni<\/li>\n<\/ul>\n<\/li>\n<\/ul>\n<ul>\n<li><strong>LAB Di Cult 186 FIAF<\/strong>, tema: \u201dTotem e Tab\u00f9\u201d\n<ul>\n<li>Coordinatore: Germano Nardini. (FE)<\/li>\n<li>Collaboratori:<\/li>\n<\/ul>\n<\/li>\n<\/ul>\n<ul>\n<li><strong>LAB Di Cult 187ED FIAF, <\/strong>tema: \u201dTotem e Tab\u00f9\u201d\n<ul>\n<li>Coordinatore: Tiziana Mastropasqua<\/li>\n<li>Collaboratori:<\/li>\n<\/ul>\n<\/li>\n<\/ul>\n<ul>\n<li><strong>LAB Di Cult 188 FIAF<\/strong>, tema: \u201dTotem e Tab\u00f9\u201d\n<ul>\n<li>Coordinatore: Antonello Ferrara<\/li>\n<li>Collaboratori:<\/li>\n<\/ul>\n<\/li>\n<\/ul>\n<ul>\n<li><strong>LAB Di Cult 189 FIAF<\/strong>, tema: \u201dTotem e Tab\u00f9\u201d\n<ul>\n<li>Coordinatore: Doretta Gerevini (MN)<\/li>\n<li>Collaboratori: Ambra Mariani e Lorenzo Castegnero (BS)<\/li>\n<\/ul>\n<\/li>\n<\/ul>\n<ul>\n<li><strong>LAB Di Cult 190 FIAF<\/strong>, tema: \u201dTotem e Tab\u00f9\u201d\n<ul>\n<li>Coordinatore: Antonio La Montanara (Casalmaggiore (CR))<\/li>\n<li>Collaboratori:<\/li>\n<\/ul>\n<\/li>\n<\/ul>\n<ul>\n<li><strong>LAB Di Cult 191 AV FIAF<\/strong>, tema: \u201dTotem e Tab\u00f9\u201d\n<ul>\n<li>Coordinatore: Franca Cauti (Pescara)<\/li>\n<li>Collaboratori:<\/li>\n<\/ul>\n<\/li>\n<\/ul>\n<ul>\n<li><strong>LAB Di Cult 192 FIAF<\/strong>, tema: \u201dTotem e Tab\u00f9\u201d\n<ul>\n<li>Coordinatore: Paolo Cappellini (Piombino)<\/li>\n<li>Collaboratori:<\/li>\n<\/ul>\n<\/li>\n<\/ul>\n<ul>\n<li><strong>LAB Di Cult 193 FIAF<\/strong>, tema: \u201dTotem e Tab\u00f9\u201d\n<ul>\n<li>Coordinatore: Barbara Armani. (Sestri Levante)<\/li>\n<li>Collaboratori:<\/li>\n<\/ul>\n<\/li>\n<\/ul>\n<ul>\n<li><strong>LAB Di Cult 194 FIAF<\/strong>, tema: \u201dTotem e Tab\u00f9\u201d\n<ul>\n<li>Coordinatore: Gigi Montali<\/li>\n<li>Collaboratori:<\/li>\n<\/ul>\n<\/li>\n<\/ul>\n<p>Cercate tra i Laboratori quello che \u00e8 pi\u00f9 vicino alla vostra abitazione e partecipate in presenza, oppure scegliete tra quelli gestiti on line quello che pi\u00f9 vi attrae.<\/p>\n<p>Vi ricordo che il LAB Di Cult viene assegnato al tesserato FIAF che pensa di poter Coordinare un laboratorio secondo il regolamento che pongo in allegato:<\/p>\n<p><a href=\"https:\/\/fiaf.net\/agoradicult\/wp-content\/uploads\/sites\/23\/2023\/12\/Regolamento-dei-LAB-Di-Cult_04.pdf\">Regolamento dei LAB Di Cult_04<\/a>. \u00a0(formato pdf scaricabile)<\/p>\n<p>&nbsp;<\/p>\n<p><img loading=\"lazy\" decoding=\"async\" class=\"size-full wp-image-33665 aligncenter\" src=\"https:\/\/fiaf.net\/agoradicult\/wp-content\/uploads\/sites\/23\/2024\/02\/Fornasier-D.jpg\" alt=\"\" width=\"570\" height=\"380\" srcset=\"https:\/\/fiaf.net\/agoradicult\/wp-content\/uploads\/sites\/23\/2024\/02\/Fornasier-D.jpg 570w, https:\/\/fiaf.net\/agoradicult\/wp-content\/uploads\/sites\/23\/2024\/02\/Fornasier-D-300x200.jpg 300w\" sizes=\"auto, (max-width: 570px) 100vw, 570px\" \/><\/p>\n<p>&nbsp;<\/p>\n<p><strong>Ecco l&#8217;aggiornamento di un percorso di approfondimento tematico che invita a scoprire i TOTEM e i TABU\u2019 di oggi, attraverso gli spazi tematici:<\/strong><\/p>\n<p><a href=\"https:\/\/fiaf.net\/agoradicult\/wp-content\/uploads\/sites\/23\/2024\/02\/TT-presentazione_04.1.pdf\">T&amp;T presentazione_04.1<\/a>\u00a0 \u00a0(pdf scaricabile<\/p>\n<p>Un cordialissimo saluto<\/p>\n<p>Silvano Bicocchi<br \/>\nDirettore del <strong>Dipartimento Cultura FIAF<\/strong><\/p>\n<p>&nbsp;<\/p>\n\n    <div class=\"xs_social_share_widget xs_share_url after_content \t\tmain_content  wslu-style-1 wslu-share-box-shaped wslu-fill-colored wslu-none wslu-share-horizontal wslu-theme-font-no wslu-main_content\">\n\n\t\t\n        <ul>\n\t\t\t        <\/ul>\n    <\/div> \n","protected":false},"excerpt":{"rendered":"<p>Progetto tematico TOTEM e TABU\u2019 &nbsp; I LAB Di Cult FIAF assegnati per affrontare il tema TOTEM e TABU\u2019 sono &hellip;<\/p>\n","protected":false},"author":80,"featured_media":33180,"comment_status":"open","ping_status":"open","sticky":false,"template":"","format":"standard","meta":{"_acf_changed":false,"footnotes":""},"categories":[121],"tags":[131,153],"class_list":["post-33676","post","type-post","status-publish","format-standard","has-post-thumbnail","hentry","category-laboratori-di-cult","tag-laboratori-di-cult","tag-totem-e-tabu"],"acf":[],"_links":{"self":[{"href":"https:\/\/fiaf.net\/agoradicult\/wp-json\/wp\/v2\/posts\/33676","targetHints":{"allow":["GET"]}}],"collection":[{"href":"https:\/\/fiaf.net\/agoradicult\/wp-json\/wp\/v2\/posts"}],"about":[{"href":"https:\/\/fiaf.net\/agoradicult\/wp-json\/wp\/v2\/types\/post"}],"author":[{"embeddable":true,"href":"https:\/\/fiaf.net\/agoradicult\/wp-json\/wp\/v2\/users\/80"}],"replies":[{"embeddable":true,"href":"https:\/\/fiaf.net\/agoradicult\/wp-json\/wp\/v2\/comments?post=33676"}],"version-history":[{"count":5,"href":"https:\/\/fiaf.net\/agoradicult\/wp-json\/wp\/v2\/posts\/33676\/revisions"}],"predecessor-version":[{"id":33682,"href":"https:\/\/fiaf.net\/agoradicult\/wp-json\/wp\/v2\/posts\/33676\/revisions\/33682"}],"wp:featuredmedia":[{"embeddable":true,"href":"https:\/\/fiaf.net\/agoradicult\/wp-json\/wp\/v2\/media\/33180"}],"wp:attachment":[{"href":"https:\/\/fiaf.net\/agoradicult\/wp-json\/wp\/v2\/media?parent=33676"}],"wp:term":[{"taxonomy":"category","embeddable":true,"href":"https:\/\/fiaf.net\/agoradicult\/wp-json\/wp\/v2\/categories?post=33676"},{"taxonomy":"post_tag","embeddable":true,"href":"https:\/\/fiaf.net\/agoradicult\/wp-json\/wp\/v2\/tags?post=33676"}],"curies":[{"name":"wp","href":"https:\/\/api.w.org\/{rel}","templated":true}]}}