{"id":33855,"date":"2024-03-10T16:00:13","date_gmt":"2024-03-10T15:00:13","guid":{"rendered":"https:\/\/fiaf.net\/agoradicult\/?p=33855"},"modified":"2024-03-10T16:48:45","modified_gmt":"2024-03-10T15:48:45","slug":"totem-e-tabu_elaborazione-del-concept_15-a-cura-di-monica-pelizzetti-lab-di-cult-158-fiaf","status":"publish","type":"post","link":"https:\/\/fiaf.net\/agoradicult\/2024\/03\/10\/totem-e-tabu_elaborazione-del-concept_15-a-cura-di-monica-pelizzetti-lab-di-cult-158-fiaf\/","title":{"rendered":"TOTEM e TABU\u2019_Elaborazione del Concept_15 \u2013 a cura di Monica Pelizzetti, LAB Di Cult 158  FIAF"},"content":{"rendered":"<h3><\/h3>\n<h3 style=\"text-align: center\"><strong>AD IMPERITURA MEMORIA<\/strong><\/h3>\n<p>&nbsp;<\/p>\n<p>Mi sono incamminata quel giorno, lungo la ripida scalinata che saliva sul fianco della collina, seguendo il cartello che indicava \u201cvecchio cimitero\u201d convinta di vedere il classico cimitero di un tempo. Invece mi sono ritrovata davanti ad un cancello facile da aprire, che immetteva in uno spazio vuoto circondato da un alto muro. Nessuna tomba: solo una cappella diroccata, qualche croce di pietra conficcata nel prato, lapidi in memoria di defunti cementate sul muro. La pi\u00f9 recente aveva scolpita la data 1891. Si leggevano ancora i nomi e le date di nascita e morte, ma non c\u2019erano pi\u00f9 le tombe, il vecchio cimitero ormai sconsacrato e abbandonato conservava solamente la memoria di quelle persone, eppure mani pietose avevano lasciato dei fiori di plastica ormai scoloriti ed un lumino a pila acceso &#8220;AD IMPERITURA MEMORIA&#8221; degli avi che avevano\u00a0\u00a0 abitato la piccola frazione.<\/p>\n<p><img loading=\"lazy\" decoding=\"async\" class=\"aligncenter size-full wp-image-33857\" src=\"https:\/\/fiaf.net\/agoradicult\/wp-content\/uploads\/sites\/23\/2024\/03\/01-1.jpg\" alt=\"\" width=\"238\" height=\"318\" srcset=\"https:\/\/fiaf.net\/agoradicult\/wp-content\/uploads\/sites\/23\/2024\/03\/01-1.jpg 238w, https:\/\/fiaf.net\/agoradicult\/wp-content\/uploads\/sites\/23\/2024\/03\/01-1-225x300.jpg 225w\" sizes=\"auto, (max-width: 238px) 100vw, 238px\" \/><\/p>\n<p><img loading=\"lazy\" decoding=\"async\" class=\"aligncenter size-full wp-image-33858\" src=\"https:\/\/fiaf.net\/agoradicult\/wp-content\/uploads\/sites\/23\/2024\/03\/02-1.jpg\" alt=\"\" width=\"241\" height=\"321\" srcset=\"https:\/\/fiaf.net\/agoradicult\/wp-content\/uploads\/sites\/23\/2024\/03\/02-1.jpg 241w, https:\/\/fiaf.net\/agoradicult\/wp-content\/uploads\/sites\/23\/2024\/03\/02-1-225x300.jpg 225w\" sizes=\"auto, (max-width: 241px) 100vw, 241px\" \/><\/p>\n<p><img loading=\"lazy\" decoding=\"async\" class=\"aligncenter size-full wp-image-33859\" src=\"https:\/\/fiaf.net\/agoradicult\/wp-content\/uploads\/sites\/23\/2024\/03\/03-1.jpg\" alt=\"\" width=\"238\" height=\"318\" srcset=\"https:\/\/fiaf.net\/agoradicult\/wp-content\/uploads\/sites\/23\/2024\/03\/03-1.jpg 238w, https:\/\/fiaf.net\/agoradicult\/wp-content\/uploads\/sites\/23\/2024\/03\/03-1-225x300.jpg 225w\" sizes=\"auto, (max-width: 238px) 100vw, 238px\" \/><\/p>\n<p><img loading=\"lazy\" decoding=\"async\" class=\"aligncenter size-full wp-image-33860\" src=\"https:\/\/fiaf.net\/agoradicult\/wp-content\/uploads\/sites\/23\/2024\/03\/04-1.jpg\" alt=\"\" width=\"238\" height=\"318\" srcset=\"https:\/\/fiaf.net\/agoradicult\/wp-content\/uploads\/sites\/23\/2024\/03\/04-1.jpg 238w, https:\/\/fiaf.net\/agoradicult\/wp-content\/uploads\/sites\/23\/2024\/03\/04-1-225x300.jpg 225w\" sizes=\"auto, (max-width: 238px) 100vw, 238px\" \/><\/p>\n<p><img loading=\"lazy\" decoding=\"async\" class=\"aligncenter size-full wp-image-33861\" src=\"https:\/\/fiaf.net\/agoradicult\/wp-content\/uploads\/sites\/23\/2024\/03\/05-1.jpg\" alt=\"\" width=\"240\" height=\"320\" srcset=\"https:\/\/fiaf.net\/agoradicult\/wp-content\/uploads\/sites\/23\/2024\/03\/05-1.jpg 240w, https:\/\/fiaf.net\/agoradicult\/wp-content\/uploads\/sites\/23\/2024\/03\/05-1-225x300.jpg 225w\" sizes=\"auto, (max-width: 240px) 100vw, 240px\" \/><\/p>\n<p><img loading=\"lazy\" decoding=\"async\" class=\"aligncenter size-full wp-image-33862\" src=\"https:\/\/fiaf.net\/agoradicult\/wp-content\/uploads\/sites\/23\/2024\/03\/06-1.jpg\" alt=\"\" width=\"240\" height=\"320\" srcset=\"https:\/\/fiaf.net\/agoradicult\/wp-content\/uploads\/sites\/23\/2024\/03\/06-1.jpg 240w, https:\/\/fiaf.net\/agoradicult\/wp-content\/uploads\/sites\/23\/2024\/03\/06-1-225x300.jpg 225w\" sizes=\"auto, (max-width: 240px) 100vw, 240px\" \/><\/p>\n<p><img loading=\"lazy\" decoding=\"async\" class=\"aligncenter size-full wp-image-33863\" src=\"https:\/\/fiaf.net\/agoradicult\/wp-content\/uploads\/sites\/23\/2024\/03\/07-1.jpg\" alt=\"\" width=\"239\" height=\"319\" srcset=\"https:\/\/fiaf.net\/agoradicult\/wp-content\/uploads\/sites\/23\/2024\/03\/07-1.jpg 239w, https:\/\/fiaf.net\/agoradicult\/wp-content\/uploads\/sites\/23\/2024\/03\/07-1-225x300.jpg 225w\" sizes=\"auto, (max-width: 239px) 100vw, 239px\" \/><\/p>\n<figure id=\"attachment_33864\" aria-describedby=\"caption-attachment-33864\" style=\"width: 240px\" class=\"wp-caption aligncenter\"><img loading=\"lazy\" decoding=\"async\" class=\"wp-image-33864 size-full\" src=\"https:\/\/fiaf.net\/agoradicult\/wp-content\/uploads\/sites\/23\/2024\/03\/08-1.jpg\" alt=\"\" width=\"240\" height=\"320\" srcset=\"https:\/\/fiaf.net\/agoradicult\/wp-content\/uploads\/sites\/23\/2024\/03\/08-1.jpg 240w, https:\/\/fiaf.net\/agoradicult\/wp-content\/uploads\/sites\/23\/2024\/03\/08-1-225x300.jpg 225w\" sizes=\"auto, (max-width: 240px) 100vw, 240px\" \/><figcaption id=\"caption-attachment-33864\" class=\"wp-caption-text\">Vecchio cimitero sconsacrato di Fondotoce (foto Monica Pelizzetti)<\/figcaption><\/figure>\n<p>Ecco un modo per rendere pi\u00f9 accettabile il tabu\u2019 della morte che da sempre spaventa l\u2019essere umano pi\u00f9 di ogni altra cosa: raggiungere una sorta di immortalit\u00e0 sulla terra attraverso la memoria, lasciando tracce tangibili che durino il pi\u00f9 a lungo possibile concedendo ci\u00f2 che la natura e la materia negano. Probabilmente non basta la dimensione spirituale e l\u2019aspettativa di una vita eterna, la natura umana evidentemente necessita di concretezza. Se il corpo scompare pu\u00f2 rimanere qualcosa che ci ricordi ai posteri: una fotografia, un ritratto, uno scritto, una targa, un\u2019effige o un epitaffio a maggior ragione se la persona che viene a mancare \u00e8 od \u00e8 stata famosa. In quale citt\u00e0 italiana non esiste un monumento, una via, una piazza dedicata a Garibaldi oppure a qualche eroe risorgimentale , ad un poeta , un artista, uno scienziato, un politico, un navigatore. Ogni monumento, toponimo, museo o quant\u2019altro dedicato ad un personaggio che ha avuto rilevanza nella storia nella cultura e nella societ\u00e0 (nostra e di qualunque altra nazione) \u00e8 un concreto tentativo di sconfiggere la morte e l\u2019oblio che ne pu\u00f2 derivare.<\/p>\n<p><img loading=\"lazy\" decoding=\"async\" class=\"aligncenter size-full wp-image-33865\" src=\"https:\/\/fiaf.net\/agoradicult\/wp-content\/uploads\/sites\/23\/2024\/03\/09-1.jpg\" alt=\"\" width=\"327\" height=\"218\" srcset=\"https:\/\/fiaf.net\/agoradicult\/wp-content\/uploads\/sites\/23\/2024\/03\/09-1.jpg 327w, https:\/\/fiaf.net\/agoradicult\/wp-content\/uploads\/sites\/23\/2024\/03\/09-1-300x200.jpg 300w\" sizes=\"auto, (max-width: 327px) 100vw, 327px\" \/><\/p>\n<figure id=\"attachment_33866\" aria-describedby=\"caption-attachment-33866\" style=\"width: 165px\" class=\"wp-caption aligncenter\"><img loading=\"lazy\" decoding=\"async\" class=\"wp-image-33866 size-full\" src=\"https:\/\/fiaf.net\/agoradicult\/wp-content\/uploads\/sites\/23\/2024\/03\/10-1.jpg\" alt=\"\" width=\"165\" height=\"269\" \/><figcaption id=\"caption-attachment-33866\" class=\"wp-caption-text\">Monumento a Vittorio Emanuele II Roma Vittoriale Lapide commemorativa Milano<\/figcaption><\/figure>\n<figure id=\"attachment_33867\" aria-describedby=\"caption-attachment-33867\" style=\"width: 263px\" class=\"wp-caption aligncenter\"><img loading=\"lazy\" decoding=\"async\" class=\"wp-image-33867 size-full\" src=\"https:\/\/fiaf.net\/agoradicult\/wp-content\/uploads\/sites\/23\/2024\/03\/11-1.jpg\" alt=\"\" width=\"263\" height=\"350\" srcset=\"https:\/\/fiaf.net\/agoradicult\/wp-content\/uploads\/sites\/23\/2024\/03\/11-1.jpg 263w, https:\/\/fiaf.net\/agoradicult\/wp-content\/uploads\/sites\/23\/2024\/03\/11-1-225x300.jpg 225w\" sizes=\"auto, (max-width: 263px) 100vw, 263px\" \/><figcaption id=\"caption-attachment-33867\" class=\"wp-caption-text\">Monumento a Leonardo da Vinci Milano<\/figcaption><\/figure>\n<p>Il pensiero va immediatamente a Foscolo che nella sua ode I SEPOLCRI canta la grandezza di Santa Croce in Firenze, luogo che \u00a0perpetua \u00a0una tradizione con i<em>\u00a0<\/em><em>monumenti a Michelangelo<\/em><em>,\u00a0<\/em><em>Galileo<\/em><em>,\u00a0<\/em><em>Machiavelli<\/em> e molte \u201cglorie fiorentine\u201d per le MEMORIE che conserva. Egli addita la chiesa come luogo da consacrare ai grandi, dalle cui virt\u00f9 si deve trarre ispirazione, e proprio in Santa Croce (anche se solo dal 1938), gli \u00e8 stato dedicato un monumento. Molti sono i luoghi sacri chiese abbazie cattedrali che al loro interno conservano le tombe di personaggi storicamente importanti; oggi come nei tempi antichi mausolei sono ed erano edificati per conservare la tomba oppure il solo ricordo dell\u2019insigne personaggio in questione. L\u2019esempio pi\u00f9 antico e rilevante sono le piramidi di Giza che hanno un nome ben preciso Cheope, Chefren e Micerino in riferimento ai relativi faraoni, e personaggi noti contemporanei e scomparsi da pochi anni restano nella memoria collettiva anche perch\u00e9 le loro abitazioni sono state trasformate in luoghi della memoria o musei<\/p>\n<p><img loading=\"lazy\" decoding=\"async\" class=\"aligncenter size-full wp-image-33868\" src=\"https:\/\/fiaf.net\/agoradicult\/wp-content\/uploads\/sites\/23\/2024\/03\/12-1.jpg\" alt=\"\" width=\"379\" height=\"288\" srcset=\"https:\/\/fiaf.net\/agoradicult\/wp-content\/uploads\/sites\/23\/2024\/03\/12-1.jpg 379w, https:\/\/fiaf.net\/agoradicult\/wp-content\/uploads\/sites\/23\/2024\/03\/12-1-300x228.jpg 300w\" sizes=\"auto, (max-width: 379px) 100vw, 379px\" \/><\/p>\n<p><img loading=\"lazy\" decoding=\"async\" class=\"aligncenter size-full wp-image-33869\" src=\"https:\/\/fiaf.net\/agoradicult\/wp-content\/uploads\/sites\/23\/2024\/03\/13-1.jpg\" alt=\"\" width=\"267\" height=\"369\" srcset=\"https:\/\/fiaf.net\/agoradicult\/wp-content\/uploads\/sites\/23\/2024\/03\/13-1.jpg 267w, https:\/\/fiaf.net\/agoradicult\/wp-content\/uploads\/sites\/23\/2024\/03\/13-1-217x300.jpg 217w\" sizes=\"auto, (max-width: 267px) 100vw, 267px\" \/><\/p>\n<p><img loading=\"lazy\" decoding=\"async\" class=\"aligncenter size-full wp-image-33870\" src=\"https:\/\/fiaf.net\/agoradicult\/wp-content\/uploads\/sites\/23\/2024\/03\/14-1.jpg\" alt=\"\" width=\"271\" height=\"369\" srcset=\"https:\/\/fiaf.net\/agoradicult\/wp-content\/uploads\/sites\/23\/2024\/03\/14-1.jpg 271w, https:\/\/fiaf.net\/agoradicult\/wp-content\/uploads\/sites\/23\/2024\/03\/14-1-220x300.jpg 220w\" sizes=\"auto, (max-width: 271px) 100vw, 271px\" \/><\/p>\n<figure id=\"attachment_33871\" aria-describedby=\"caption-attachment-33871\" style=\"width: 245px\" class=\"wp-caption aligncenter\"><img loading=\"lazy\" decoding=\"async\" class=\"wp-image-33871 size-full\" src=\"https:\/\/fiaf.net\/agoradicult\/wp-content\/uploads\/sites\/23\/2024\/03\/15-1.jpg\" alt=\"\" width=\"245\" height=\"348\" srcset=\"https:\/\/fiaf.net\/agoradicult\/wp-content\/uploads\/sites\/23\/2024\/03\/15-1.jpg 245w, https:\/\/fiaf.net\/agoradicult\/wp-content\/uploads\/sites\/23\/2024\/03\/15-1-211x300.jpg 211w\" sizes=\"auto, (max-width: 245px) 100vw, 245px\" \/><figcaption id=\"caption-attachment-33871\" class=\"wp-caption-text\">Santa Croce Firenze tombe e statua di Dante Alighieri (web)<\/figcaption><\/figure>\n<figure id=\"attachment_33872\" aria-describedby=\"caption-attachment-33872\" style=\"width: 382px\" class=\"wp-caption aligncenter\"><img loading=\"lazy\" decoding=\"async\" class=\"size-full wp-image-33872\" src=\"https:\/\/fiaf.net\/agoradicult\/wp-content\/uploads\/sites\/23\/2024\/03\/16.jpg\" alt=\"\" width=\"382\" height=\"255\" srcset=\"https:\/\/fiaf.net\/agoradicult\/wp-content\/uploads\/sites\/23\/2024\/03\/16.jpg 382w, https:\/\/fiaf.net\/agoradicult\/wp-content\/uploads\/sites\/23\/2024\/03\/16-300x200.jpg 300w\" sizes=\"auto, (max-width: 382px) 100vw, 382px\" \/><figcaption id=\"caption-attachment-33872\" class=\"wp-caption-text\">Tempio voltiano Como (web)<\/figcaption><\/figure>\n<figure id=\"attachment_33873\" aria-describedby=\"caption-attachment-33873\" style=\"width: 292px\" class=\"wp-caption aligncenter\"><img loading=\"lazy\" decoding=\"async\" class=\"wp-image-33873 size-full\" src=\"https:\/\/fiaf.net\/agoradicult\/wp-content\/uploads\/sites\/23\/2024\/03\/17.jpg\" alt=\"\" width=\"292\" height=\"219\" \/><figcaption id=\"caption-attachment-33873\" class=\"wp-caption-text\">Taj Mahal (web)<\/figcaption><\/figure>\n<figure id=\"attachment_33874\" aria-describedby=\"caption-attachment-33874\" style=\"width: 327px\" class=\"wp-caption aligncenter\"><img loading=\"lazy\" decoding=\"async\" class=\"size-full wp-image-33874\" src=\"https:\/\/fiaf.net\/agoradicult\/wp-content\/uploads\/sites\/23\/2024\/03\/18.jpg\" alt=\"\" width=\"327\" height=\"218\" srcset=\"https:\/\/fiaf.net\/agoradicult\/wp-content\/uploads\/sites\/23\/2024\/03\/18.jpg 327w, https:\/\/fiaf.net\/agoradicult\/wp-content\/uploads\/sites\/23\/2024\/03\/18-300x200.jpg 300w\" sizes=\"auto, (max-width: 327px) 100vw, 327px\" \/><figcaption id=\"caption-attachment-33874\" class=\"wp-caption-text\">Tomba di Napoleone Les Invalides Parigi (web)<\/figcaption><\/figure>\n<p>Ma tornando ai comuni mortali, non celebri per meriti o qualit\u00e0 particolari, tutti siamo pi\u00f9 o meno contagiati da questo bisogno di rimanere nella memoria e nel ricordo almeno di chi ci \u00e8 caro e non solo nel futuro quando il ciclo della nostra vita si sar\u00e0 compiuto. Scattiamo ritratti e foto di famiglia, autoritratti e selfie componiamo album di ricordi per consegnare momenti della nostra esistenza alla memoria di altri ma anche alla nostra, per non dimenticare come eravamo e come siamo perch\u00e9 il passare del tempo \u00e8 inesorabile e costituisce un altro tab\u00f9 che non vorremmo subire.<\/p>\n<p>Monica Pelizzetti<br \/>\nTutor Fotografico FIAF<\/p>\n\n    <div class=\"xs_social_share_widget xs_share_url after_content \t\tmain_content  wslu-style-1 wslu-share-box-shaped wslu-fill-colored wslu-none wslu-share-horizontal wslu-theme-font-no wslu-main_content\">\n\n\t\t\n        <ul>\n\t\t\t        <\/ul>\n    <\/div> \n","protected":false},"excerpt":{"rendered":"<p>AD IMPERITURA MEMORIA &nbsp; Mi sono incamminata quel giorno, lungo la ripida scalinata che saliva sul fianco della collina, seguendo &hellip;<\/p>\n","protected":false},"author":51,"featured_media":33863,"comment_status":"open","ping_status":"open","sticky":false,"template":"","format":"standard","meta":{"_acf_changed":false,"footnotes":""},"categories":[121],"tags":[101,122,153],"class_list":["post-33855","post","type-post","status-publish","format-standard","has-post-thumbnail","hentry","category-laboratori-di-cult","tag-lab-di-cult","tag-elaborazione-del-concept","tag-totem-e-tabu"],"acf":[],"_links":{"self":[{"href":"https:\/\/fiaf.net\/agoradicult\/wp-json\/wp\/v2\/posts\/33855","targetHints":{"allow":["GET"]}}],"collection":[{"href":"https:\/\/fiaf.net\/agoradicult\/wp-json\/wp\/v2\/posts"}],"about":[{"href":"https:\/\/fiaf.net\/agoradicult\/wp-json\/wp\/v2\/types\/post"}],"author":[{"embeddable":true,"href":"https:\/\/fiaf.net\/agoradicult\/wp-json\/wp\/v2\/users\/51"}],"replies":[{"embeddable":true,"href":"https:\/\/fiaf.net\/agoradicult\/wp-json\/wp\/v2\/comments?post=33855"}],"version-history":[{"count":9,"href":"https:\/\/fiaf.net\/agoradicult\/wp-json\/wp\/v2\/posts\/33855\/revisions"}],"predecessor-version":[{"id":33880,"href":"https:\/\/fiaf.net\/agoradicult\/wp-json\/wp\/v2\/posts\/33855\/revisions\/33880"}],"wp:featuredmedia":[{"embeddable":true,"href":"https:\/\/fiaf.net\/agoradicult\/wp-json\/wp\/v2\/media\/33863"}],"wp:attachment":[{"href":"https:\/\/fiaf.net\/agoradicult\/wp-json\/wp\/v2\/media?parent=33855"}],"wp:term":[{"taxonomy":"category","embeddable":true,"href":"https:\/\/fiaf.net\/agoradicult\/wp-json\/wp\/v2\/categories?post=33855"},{"taxonomy":"post_tag","embeddable":true,"href":"https:\/\/fiaf.net\/agoradicult\/wp-json\/wp\/v2\/tags?post=33855"}],"curies":[{"name":"wp","href":"https:\/\/api.w.org\/{rel}","templated":true}]}}