{"id":34101,"date":"2024-05-05T18:00:50","date_gmt":"2024-05-05T16:00:50","guid":{"rendered":"https:\/\/fiaf.net\/agoradicult\/?p=34101"},"modified":"2024-05-05T18:45:20","modified_gmt":"2024-05-05T16:45:20","slug":"totem-e-tabu_anteprima_10-percorsi-avviati-nel-lab-di-cult-169-fiaf-a-cura-di-francesco-miressi","status":"publish","type":"post","link":"https:\/\/fiaf.net\/agoradicult\/2024\/05\/05\/totem-e-tabu_anteprima_10-percorsi-avviati-nel-lab-di-cult-169-fiaf-a-cura-di-francesco-miressi\/","title":{"rendered":"TOTEM e TABU\u2019_Anteprima_10\u2013 Percorsi avviati nel LAB Di Cult 169 FIAF \u2013 a cura di Francesco Miressi"},"content":{"rendered":"<h1>TOTEM e TABU\u2019_Anteprima_10\u2013 Percorsi avviati nel LAB Di Cult 169 FIAF \u2013 a cura di Francesco Miressi<\/h1>\n<p>&nbsp;<\/p>\n<p>Il nostro laboratorio, geolocalizzato in Friuli Venezia Giulia \u00e8 composto da sei autori. Ognuno di noi ha avuto una visione ed interpretazione diversa ma sempre del tutto personale.<br \/>\nPensando al termine \u201ctab\u00f9\u201d viene spontaneo pensare alla proibizione, alla negazione e al rifiuto.<br \/>\nE\u2019 paradossale comprendere che ci\u00f2 che per alcuni rappresenta un tab\u00f9 per altri diventa esso stesso totem.<br \/>\nDi qui la visione straniante dei nostri autori.<\/p>\n<h3><strong><br \/>\nLoredana Gazzola<\/strong><\/h3>\n<p>Viviamo facendo finta di essere eterni: il termine \u201cmorte\u201d ci fa paura, il rito del lutto \u00e8 sparito, occultato, ed \u00e8 quasi una vergogna parlarne.<\/p>\n<figure id=\"attachment_34102\" aria-describedby=\"caption-attachment-34102\" style=\"width: 582px\" class=\"wp-caption aligncenter\"><img loading=\"lazy\" decoding=\"async\" class=\"size-full wp-image-34102\" src=\"https:\/\/fiaf.net\/agoradicult\/wp-content\/uploads\/sites\/23\/2024\/05\/01.jpg\" alt=\"\" width=\"582\" height=\"413\" srcset=\"https:\/\/fiaf.net\/agoradicult\/wp-content\/uploads\/sites\/23\/2024\/05\/01.jpg 582w, https:\/\/fiaf.net\/agoradicult\/wp-content\/uploads\/sites\/23\/2024\/05\/01-300x213.jpg 300w\" sizes=\"auto, (max-width: 582px) 100vw, 582px\" \/><figcaption id=\"caption-attachment-34102\" class=\"wp-caption-text\">Loredana Gazzola<\/figcaption><\/figure>\n<p>Si, la morte, oggi pi\u00f9 che mai, rappresenta un potente tab\u00f9.<\/p>\n<figure id=\"attachment_34103\" aria-describedby=\"caption-attachment-34103\" style=\"width: 250px\" class=\"wp-caption alignleft\"><img loading=\"lazy\" decoding=\"async\" class=\"wp-image-34103 size-full\" src=\"https:\/\/fiaf.net\/agoradicult\/wp-content\/uploads\/sites\/23\/2024\/05\/02-e1714924524672.jpg\" alt=\"\" width=\"250\" height=\"166\" \/><figcaption id=\"caption-attachment-34103\" class=\"wp-caption-text\">Loredana Gazzola<\/figcaption><\/figure>\n<figure id=\"attachment_34104\" aria-describedby=\"caption-attachment-34104\" style=\"width: 250px\" class=\"wp-caption alignright\"><img loading=\"lazy\" decoding=\"async\" class=\"wp-image-34104 size-full\" src=\"https:\/\/fiaf.net\/agoradicult\/wp-content\/uploads\/sites\/23\/2024\/05\/03-e1714924553868.jpg\" alt=\"\" width=\"250\" height=\"167\" \/><figcaption id=\"caption-attachment-34104\" class=\"wp-caption-text\">Loredana Gazzola<\/figcaption><\/figure>\n<p>&nbsp;<\/p>\n<p>&nbsp;<\/p>\n<p>&nbsp;<\/p>\n<p>&nbsp;<\/p>\n<p>&nbsp;<\/p>\n<p>Esplorarlo e interpretarlo, soprattutto con immagini simboliche, rappresenta per me un cambio di prospettiva.<\/p>\n<h3><strong><br \/>\nAntonio Ros<\/strong><\/h3>\n<p>Non \u00e8 facile combattere contro se stessi: rischiamo di perdere su un doppio fronte.<br \/>\nFotograficamente parlando, per me accettare la sfida del colore non significava solo abbandonare la sicurezza del bianconero, ma anche cercare di mettermi alla prova con un linguaggio espressivo che non mi \u00e8 consono.<\/p>\n<figure id=\"attachment_34105\" aria-describedby=\"caption-attachment-34105\" style=\"width: 672px\" class=\"wp-caption aligncenter\"><img loading=\"lazy\" decoding=\"async\" class=\"size-full wp-image-34105\" src=\"https:\/\/fiaf.net\/agoradicult\/wp-content\/uploads\/sites\/23\/2024\/05\/04.jpg\" alt=\"\" width=\"672\" height=\"385\" srcset=\"https:\/\/fiaf.net\/agoradicult\/wp-content\/uploads\/sites\/23\/2024\/05\/04.jpg 672w, https:\/\/fiaf.net\/agoradicult\/wp-content\/uploads\/sites\/23\/2024\/05\/04-300x172.jpg 300w\" sizes=\"auto, (max-width: 672px) 100vw, 672px\" \/><figcaption id=\"caption-attachment-34105\" class=\"wp-caption-text\">Antonio Ros<\/figcaption><\/figure>\n<p>E allora, che il colore sia! E sia quello della strada; di pi\u00f9, quello dei mercati rionali o settimanali che un tempo, nei piccoli paesi di campagna, erano l\u2019unica occasione per rinnovare alcuni capi del guardaroba o semplicemente per barattare un paio di zoccoli con una decina di uova fresche di pollaio.<\/p>\n<figure id=\"attachment_34106\" aria-describedby=\"caption-attachment-34106\" style=\"width: 565px\" class=\"wp-caption aligncenter\"><img loading=\"lazy\" decoding=\"async\" class=\"size-full wp-image-34106\" src=\"https:\/\/fiaf.net\/agoradicult\/wp-content\/uploads\/sites\/23\/2024\/05\/05.jpg\" alt=\"\" width=\"565\" height=\"375\" srcset=\"https:\/\/fiaf.net\/agoradicult\/wp-content\/uploads\/sites\/23\/2024\/05\/05.jpg 565w, https:\/\/fiaf.net\/agoradicult\/wp-content\/uploads\/sites\/23\/2024\/05\/05-300x199.jpg 300w\" sizes=\"auto, (max-width: 565px) 100vw, 565px\" \/><figcaption id=\"caption-attachment-34106\" class=\"wp-caption-text\">Antonio Ros<\/figcaption><\/figure>\n<p>Ora, questi luoghi del commercio minore sono associati a prodotti di scarsa qualit\u00e0 e di basso prezzo dai giovani, abbagliati dai lustrini dei grandi centri commerciali e dall\u2019illusione che il fast-fashion, nascosto dietro un marchio celebre sui social, possa essere distintivo. Cos\u00ec il mercato rionale, con le sue voci e coi suoi colori, \u00e8 diventato tipico non delle nuove generazioni, ma dei nuovi italiani.<\/p>\n<figure id=\"attachment_34107\" aria-describedby=\"caption-attachment-34107\" style=\"width: 906px\" class=\"wp-caption aligncenter\"><img loading=\"lazy\" decoding=\"async\" class=\"size-full wp-image-34107\" src=\"https:\/\/fiaf.net\/agoradicult\/wp-content\/uploads\/sites\/23\/2024\/05\/06.jpg\" alt=\"\" width=\"906\" height=\"605\" srcset=\"https:\/\/fiaf.net\/agoradicult\/wp-content\/uploads\/sites\/23\/2024\/05\/06.jpg 906w, https:\/\/fiaf.net\/agoradicult\/wp-content\/uploads\/sites\/23\/2024\/05\/06-300x200.jpg 300w, https:\/\/fiaf.net\/agoradicult\/wp-content\/uploads\/sites\/23\/2024\/05\/06-768x513.jpg 768w\" sizes=\"auto, (max-width: 906px) 100vw, 906px\" \/><figcaption id=\"caption-attachment-34107\" class=\"wp-caption-text\">Antonio Ros<\/figcaption><\/figure>\n<h3>Francesco Miressi<\/h3>\n<p>Nella mia visione del tema sento di dover affrontare questo progetto senza volgere lo sguardo a un pensiero di massa ma bens\u00ec volgendolo a dei totem che per altri sono il nulla.<\/p>\n<figure id=\"attachment_34108\" aria-describedby=\"caption-attachment-34108\" style=\"width: 637px\" class=\"wp-caption aligncenter\"><img loading=\"lazy\" decoding=\"async\" class=\"size-full wp-image-34108\" src=\"https:\/\/fiaf.net\/agoradicult\/wp-content\/uploads\/sites\/23\/2024\/05\/07.jpg\" alt=\"\" width=\"637\" height=\"452\" srcset=\"https:\/\/fiaf.net\/agoradicult\/wp-content\/uploads\/sites\/23\/2024\/05\/07.jpg 637w, https:\/\/fiaf.net\/agoradicult\/wp-content\/uploads\/sites\/23\/2024\/05\/07-300x213.jpg 300w\" sizes=\"auto, (max-width: 637px) 100vw, 637px\" \/><figcaption id=\"caption-attachment-34108\" class=\"wp-caption-text\">Francesco Miressi<\/figcaption><\/figure>\n<p>Se da un lato la sessualit\u00e0 potrebbe apparire visione di massa dall\u2019altro quell\u2019ossessiva ricerca della perfezione in un \u201cMotus symbol\u201d diventa per me un autentico Totem personale.<\/p>\n<figure id=\"attachment_34109\" aria-describedby=\"caption-attachment-34109\" style=\"width: 622px\" class=\"wp-caption aligncenter\"><img loading=\"lazy\" decoding=\"async\" class=\"size-full wp-image-34109\" src=\"https:\/\/fiaf.net\/agoradicult\/wp-content\/uploads\/sites\/23\/2024\/05\/08.jpg\" alt=\"\" width=\"622\" height=\"452\" srcset=\"https:\/\/fiaf.net\/agoradicult\/wp-content\/uploads\/sites\/23\/2024\/05\/08.jpg 622w, https:\/\/fiaf.net\/agoradicult\/wp-content\/uploads\/sites\/23\/2024\/05\/08-300x218.jpg 300w\" sizes=\"auto, (max-width: 622px) 100vw, 622px\" \/><figcaption id=\"caption-attachment-34109\" class=\"wp-caption-text\">Francesco Miressi<\/figcaption><\/figure>\n<p>Allo stesso tempo un dress code\u00a0 ricercato e mirato diviene nuovamente un totem del tutto personale.<\/p>\n<figure id=\"attachment_34110\" aria-describedby=\"caption-attachment-34110\" style=\"width: 637px\" class=\"wp-caption aligncenter\"><img loading=\"lazy\" decoding=\"async\" class=\"size-full wp-image-34110\" src=\"https:\/\/fiaf.net\/agoradicult\/wp-content\/uploads\/sites\/23\/2024\/05\/09.jpg\" alt=\"\" width=\"637\" height=\"452\" srcset=\"https:\/\/fiaf.net\/agoradicult\/wp-content\/uploads\/sites\/23\/2024\/05\/09.jpg 637w, https:\/\/fiaf.net\/agoradicult\/wp-content\/uploads\/sites\/23\/2024\/05\/09-300x213.jpg 300w\" sizes=\"auto, (max-width: 637px) 100vw, 637px\" \/><figcaption id=\"caption-attachment-34110\" class=\"wp-caption-text\">Francesco Miressi<\/figcaption><\/figure>\n<p>Insopportabili quelle scarpe sporche.<\/p>\n<p>Eppure oggi le vendono sporche artificialmente!!<\/p>\n<h3><strong><br \/>\nSara De Biaggio<\/strong><\/h3>\n<p>L\u2019archetipo del Totem rappresenta da sempre un caposaldo, il sacro, il dogma, mentre il tab\u00f9 \u00e8 la parte di noi stessi che nascondiamo, che eludiamo alla societ\u00e0.<\/p>\n<p>Il mio progetto nasce dal voler indagare il dualismo uomo\/donna nella societ\u00e0 contemporanea.<\/p>\n<p>Dove il totem \u00e8 rappresentato dalla figura femminile e il tab\u00f9 dal sentirsi donne in un corpo di uomo.<\/p>\n<figure id=\"attachment_34113\" aria-describedby=\"caption-attachment-34113\" style=\"width: 568px\" class=\"wp-caption aligncenter\"><img loading=\"lazy\" decoding=\"async\" class=\"size-full wp-image-34113\" src=\"https:\/\/fiaf.net\/agoradicult\/wp-content\/uploads\/sites\/23\/2024\/05\/10.jpg\" alt=\"\" width=\"568\" height=\"378\" srcset=\"https:\/\/fiaf.net\/agoradicult\/wp-content\/uploads\/sites\/23\/2024\/05\/10.jpg 568w, https:\/\/fiaf.net\/agoradicult\/wp-content\/uploads\/sites\/23\/2024\/05\/10-300x200.jpg 300w\" sizes=\"auto, (max-width: 568px) 100vw, 568px\" \/><figcaption id=\"caption-attachment-34113\" class=\"wp-caption-text\">Sara De Biaggio<\/figcaption><\/figure>\n<p>&nbsp;<\/p>\n<p>Da qui nasce il reportage sulle Dragqueen nella mia citt\u00e0.<\/p>\n<p>Dal portamento alla camminata sui tacchi, dal trucco e parrucco allo show vero e proprio.<\/p>\n<figure id=\"attachment_34114\" aria-describedby=\"caption-attachment-34114\" style=\"width: 618px\" class=\"wp-caption aligncenter\"><img loading=\"lazy\" decoding=\"async\" class=\"size-full wp-image-34114\" src=\"https:\/\/fiaf.net\/agoradicult\/wp-content\/uploads\/sites\/23\/2024\/05\/11.jpg\" alt=\"\" width=\"618\" height=\"413\" srcset=\"https:\/\/fiaf.net\/agoradicult\/wp-content\/uploads\/sites\/23\/2024\/05\/11.jpg 618w, https:\/\/fiaf.net\/agoradicult\/wp-content\/uploads\/sites\/23\/2024\/05\/11-300x200.jpg 300w\" sizes=\"auto, (max-width: 618px) 100vw, 618px\" \/><figcaption id=\"caption-attachment-34114\" class=\"wp-caption-text\">Sara De Biaggio<\/figcaption><\/figure>\n<p><strong>\u00a0<\/strong><\/p>\n<h3><strong>Viola Vendrame<\/strong><\/h3>\n<p>Tab\u00f9: temuto, non detto, il proibito, qualcosa da nascondere.<\/p>\n<p>Con il mio lavoro mi sono concentrata in particolare sulla fragilit\u00e0 mentale che negli ultimi anni, soprattutto dopo il Covid ha colpito soprattutto le donne.<\/p>\n<p>La fragilit\u00e0 mentale \u00e8 una malattia che non viene accettata, viene vissuta con vergogna e per questo tenuta nascosta.<\/p>\n<figure id=\"attachment_34115\" aria-describedby=\"caption-attachment-34115\" style=\"width: 250px\" class=\"wp-caption alignleft\"><img loading=\"lazy\" decoding=\"async\" class=\"size-full wp-image-34115\" src=\"https:\/\/fiaf.net\/agoradicult\/wp-content\/uploads\/sites\/23\/2024\/05\/12-e1714925239817.jpg\" alt=\"\" width=\"250\" height=\"375\" \/><figcaption id=\"caption-attachment-34115\" class=\"wp-caption-text\">Viola Vendrame<\/figcaption><\/figure>\n<figure id=\"attachment_34116\" aria-describedby=\"caption-attachment-34116\" style=\"width: 250px\" class=\"wp-caption alignright\"><img loading=\"lazy\" decoding=\"async\" class=\"size-full wp-image-34116\" src=\"https:\/\/fiaf.net\/agoradicult\/wp-content\/uploads\/sites\/23\/2024\/05\/13-e1714925285293.jpg\" alt=\"\" width=\"250\" height=\"382\" \/><figcaption id=\"caption-attachment-34116\" class=\"wp-caption-text\">Viola Vendrame<\/figcaption><\/figure>\n<p>&nbsp;<\/p>\n<p>&nbsp;<\/p>\n<p>&nbsp;<\/p>\n<p>&nbsp;<\/p>\n<p>&nbsp;<\/p>\n<p>&nbsp;<\/p>\n<p>&nbsp;<\/p>\n<p>&nbsp;<\/p>\n<p>&nbsp;<\/p>\n<p>L\u2019autostima finisce, non ci si guarda pi\u00f9 allo specchio e questo tab\u00f9 crea isolamento.<\/p>\n<p>Attraverso metafore e allegorie la sofferenza e soprattutto la tendenza della donna a nascondersi, a non mostrare le proprie debolezze e a non parlarne.<\/p>\n<p>Francesco Miressi<br \/>\nCoordinatore del LAB Di Cult 169 FIAF<\/p>\n\n    <div class=\"xs_social_share_widget xs_share_url after_content \t\tmain_content  wslu-style-1 wslu-share-box-shaped wslu-fill-colored wslu-none wslu-share-horizontal wslu-theme-font-no wslu-main_content\">\n\n\t\t\n        <ul>\n\t\t\t        <\/ul>\n    <\/div> \n","protected":false},"excerpt":{"rendered":"<p>TOTEM e TABU\u2019_Anteprima_10\u2013 Percorsi avviati nel LAB Di Cult 169 FIAF \u2013 a cura di Francesco Miressi &nbsp; Il nostro &hellip;<\/p>\n","protected":false},"author":51,"featured_media":34102,"comment_status":"open","ping_status":"open","sticky":false,"template":"","format":"standard","meta":{"_acf_changed":false,"footnotes":""},"categories":[121],"tags":[131,153,169],"class_list":["post-34101","post","type-post","status-publish","format-standard","has-post-thumbnail","hentry","category-laboratori-di-cult","tag-laboratori-di-cult","tag-totem-e-tabu","tag-anteprima"],"acf":[],"_links":{"self":[{"href":"https:\/\/fiaf.net\/agoradicult\/wp-json\/wp\/v2\/posts\/34101","targetHints":{"allow":["GET"]}}],"collection":[{"href":"https:\/\/fiaf.net\/agoradicult\/wp-json\/wp\/v2\/posts"}],"about":[{"href":"https:\/\/fiaf.net\/agoradicult\/wp-json\/wp\/v2\/types\/post"}],"author":[{"embeddable":true,"href":"https:\/\/fiaf.net\/agoradicult\/wp-json\/wp\/v2\/users\/51"}],"replies":[{"embeddable":true,"href":"https:\/\/fiaf.net\/agoradicult\/wp-json\/wp\/v2\/comments?post=34101"}],"version-history":[{"count":8,"href":"https:\/\/fiaf.net\/agoradicult\/wp-json\/wp\/v2\/posts\/34101\/revisions"}],"predecessor-version":[{"id":34122,"href":"https:\/\/fiaf.net\/agoradicult\/wp-json\/wp\/v2\/posts\/34101\/revisions\/34122"}],"wp:featuredmedia":[{"embeddable":true,"href":"https:\/\/fiaf.net\/agoradicult\/wp-json\/wp\/v2\/media\/34102"}],"wp:attachment":[{"href":"https:\/\/fiaf.net\/agoradicult\/wp-json\/wp\/v2\/media?parent=34101"}],"wp:term":[{"taxonomy":"category","embeddable":true,"href":"https:\/\/fiaf.net\/agoradicult\/wp-json\/wp\/v2\/categories?post=34101"},{"taxonomy":"post_tag","embeddable":true,"href":"https:\/\/fiaf.net\/agoradicult\/wp-json\/wp\/v2\/tags?post=34101"}],"curies":[{"name":"wp","href":"https:\/\/api.w.org\/{rel}","templated":true}]}}