{"id":36078,"date":"2025-01-12T16:00:34","date_gmt":"2025-01-12T15:00:34","guid":{"rendered":"https:\/\/fiaf.net\/agoradicult\/?p=36078"},"modified":"2025-01-12T13:08:53","modified_gmt":"2025-01-12T12:08:53","slug":"memorie_elaborazione-del-concept_09-di-giuseppe-cicozzetti-e-valentino-petrosino","status":"publish","type":"post","link":"https:\/\/fiaf.net\/agoradicult\/2025\/01\/12\/memorie_elaborazione-del-concept_09-di-giuseppe-cicozzetti-e-valentino-petrosino\/","title":{"rendered":"MEMORIE_Elaborazione del Concept_09 &#8211; di Valentino Petrosino &#8211; LAB Di Cult 234 FIAF."},"content":{"rendered":"<h2 style=\"font-weight: 400;text-align: center\"><strong>\u00a0<\/strong><\/h2>\n<h2 style=\"font-weight: 400;text-align: center\"><strong>ERA QUELLO IL TEMPO<\/strong><\/h2>\n<p style=\"font-weight: 400;text-align: center\"><strong>testo di Giuseppe Cicozzetti (<\/strong><a href=\"https:\/\/www.facebook.com\/scriptphotography\/\" target=\"_blank\" rel=\"noopener\"><strong>Scriptphotography<\/strong><\/a><strong>),\u00a0<\/strong><strong>fotografie di Valentino Petrosino<\/strong><\/p>\n<p style=\"font-weight: 400\">LAB Di Cult 234 Fiaf \u2013<strong> Tutor e Coordinatore <\/strong>Valentino Petrosino<strong>, collaboratori <\/strong>Luigi Cipriano ed Enza Sola<\/p>\n<p style=\"font-weight: 400\">06 dicembre 2024<\/p>\n<p style=\"font-weight: 400\">Ah, <strong><em>Memoria<\/em><\/strong>, madre delle Muse! Mi chiedo spesso dove finiscano i ricordi che abbiamo smesso di ricordare, cio\u00e8 se dileguano superati da quelli pi\u00f9 recenti.<\/p>\n<p><img loading=\"lazy\" decoding=\"async\" class=\"size-full wp-image-36082 aligncenter\" src=\"https:\/\/fiaf.net\/agoradicult\/wp-content\/uploads\/sites\/23\/2025\/01\/FOTO-01.jpg\" alt=\"\" width=\"580\" height=\"387\" srcset=\"https:\/\/fiaf.net\/agoradicult\/wp-content\/uploads\/sites\/23\/2025\/01\/FOTO-01.jpg 580w, https:\/\/fiaf.net\/agoradicult\/wp-content\/uploads\/sites\/23\/2025\/01\/FOTO-01-300x200.jpg 300w\" sizes=\"auto, (max-width: 580px) 100vw, 580px\" \/><\/p>\n<p style=\"font-weight: 400\">In realt\u00e0 nulla \u00e8 perduto, possiamo non ricordare pi\u00f9 un episodio lontano della nostra vita, un luogo che abbiamo visitato, un volto che abbiamo incrociato ma nulla di tutto questo \u00e8 cancellato per sempre: tutto riposa immobile in un archivio da qualche parte della nostra mente; un archivio senza custodia n\u00e9 regole, a cui non possiamo attingere volontariamente finch\u00e9 una scintilla di presente non ci obblighi a ricordare. Pi\u00f9 \u00e8 lontano un ricordo e pi\u00f9 a esso consegniamo la nostra commozione perch\u00e9 ci riconduce a un punto e un tempo che abbiamo amato e perduto fatalmente, nella disperata consapevolezza che quel momento non sarebbe pi\u00f9 tornato.<\/p>\n<p><img loading=\"lazy\" decoding=\"async\" class=\"size-full wp-image-36083 aligncenter\" src=\"https:\/\/fiaf.net\/agoradicult\/wp-content\/uploads\/sites\/23\/2025\/01\/FOTO-02.jpg\" alt=\"\" width=\"580\" height=\"387\" srcset=\"https:\/\/fiaf.net\/agoradicult\/wp-content\/uploads\/sites\/23\/2025\/01\/FOTO-02.jpg 580w, https:\/\/fiaf.net\/agoradicult\/wp-content\/uploads\/sites\/23\/2025\/01\/FOTO-02-300x200.jpg 300w\" sizes=\"auto, (max-width: 580px) 100vw, 580px\" \/><br \/>\n<img loading=\"lazy\" decoding=\"async\" class=\"size-full wp-image-36084 aligncenter\" src=\"https:\/\/fiaf.net\/agoradicult\/wp-content\/uploads\/sites\/23\/2025\/01\/FOTO-03.jpg\" alt=\"\" width=\"580\" height=\"387\" srcset=\"https:\/\/fiaf.net\/agoradicult\/wp-content\/uploads\/sites\/23\/2025\/01\/FOTO-03.jpg 580w, https:\/\/fiaf.net\/agoradicult\/wp-content\/uploads\/sites\/23\/2025\/01\/FOTO-03-300x200.jpg 300w\" sizes=\"auto, (max-width: 580px) 100vw, 580px\" \/><br \/>\nEcco perch\u00e9 ci \u00e8 cara la memoria, perch\u00e9 \u00e8 lo spazio dove le cose accadono ogni volta che lo vogliamo. E quando un ricordo, una volta recuperato dalla polvere della dimenticanza, si ordina nella vividezza di una cosa appena accaduta abbiamo come l\u2019impressione di navigare nel tempo, d\u2019essere cio\u00e8 al centro d\u2019una tempesta che scardina l\u2019ordine temporale.<\/p>\n<p><img loading=\"lazy\" decoding=\"async\" class=\"size-full wp-image-36085 aligncenter\" src=\"https:\/\/fiaf.net\/agoradicult\/wp-content\/uploads\/sites\/23\/2025\/01\/FOTO-04.jpg\" alt=\"\" width=\"580\" height=\"387\" srcset=\"https:\/\/fiaf.net\/agoradicult\/wp-content\/uploads\/sites\/23\/2025\/01\/FOTO-04.jpg 580w, https:\/\/fiaf.net\/agoradicult\/wp-content\/uploads\/sites\/23\/2025\/01\/FOTO-04-300x200.jpg 300w\" sizes=\"auto, (max-width: 580px) 100vw, 580px\" \/><br \/>\n<img loading=\"lazy\" decoding=\"async\" class=\"size-full wp-image-36086 aligncenter\" src=\"https:\/\/fiaf.net\/agoradicult\/wp-content\/uploads\/sites\/23\/2025\/01\/FOTO-05.jpg\" alt=\"\" width=\"580\" height=\"387\" srcset=\"https:\/\/fiaf.net\/agoradicult\/wp-content\/uploads\/sites\/23\/2025\/01\/FOTO-05.jpg 580w, https:\/\/fiaf.net\/agoradicult\/wp-content\/uploads\/sites\/23\/2025\/01\/FOTO-05-300x200.jpg 300w\" sizes=\"auto, (max-width: 580px) 100vw, 580px\" \/><br \/>\n<img loading=\"lazy\" decoding=\"async\" class=\"size-full wp-image-36087 aligncenter\" src=\"https:\/\/fiaf.net\/agoradicult\/wp-content\/uploads\/sites\/23\/2025\/01\/FOTO-06.jpg\" alt=\"\" width=\"580\" height=\"387\" srcset=\"https:\/\/fiaf.net\/agoradicult\/wp-content\/uploads\/sites\/23\/2025\/01\/FOTO-06.jpg 580w, https:\/\/fiaf.net\/agoradicult\/wp-content\/uploads\/sites\/23\/2025\/01\/FOTO-06-300x200.jpg 300w\" sizes=\"auto, (max-width: 580px) 100vw, 580px\" \/><br \/>\nSpesso, osservando il lavoro di molti fotografi, mi assale la convinzione che fotografia e memoria siano sinonimi. Ai nostri occhi baster\u00e0 una vecchia fotografia perch\u00e9 affiori lo spirito del tempo in cui \u00e8 stata scattata, e insieme ai soggetti \u2013 se la fotografia proviene da un album di famiglia \u2013 ricorderemo noi stessi e ne ricaveremo la sensazione terribile e grandiosa che le fotografie cambiano come cambiamo noi, come se avessero una vita parallela e nascosta. Poi, ad arricchire il gi\u00e0 largo territorio delle sensazioni c\u2019\u00e8 l\u2019esperienza diretta di trovarsi in un luogo frequentato molti anni prima e che riverbera memorie lontane credute estinte, come parole di una lingua caduta in disgrazia e che da incomprensibili ora divengono chiarissime. E dicono: era quello il tempo. \u201cEra quello il tempo\u201d si muove in questo riverbero, per stabilire come la memoria dei luoghi sia anche quella dell\u2019uomo.<\/p>\n<p><img loading=\"lazy\" decoding=\"async\" class=\"size-full wp-image-36088 aligncenter\" src=\"https:\/\/fiaf.net\/agoradicult\/wp-content\/uploads\/sites\/23\/2025\/01\/FOTO-07.jpg\" alt=\"\" width=\"580\" height=\"387\" srcset=\"https:\/\/fiaf.net\/agoradicult\/wp-content\/uploads\/sites\/23\/2025\/01\/FOTO-07.jpg 580w, https:\/\/fiaf.net\/agoradicult\/wp-content\/uploads\/sites\/23\/2025\/01\/FOTO-07-300x200.jpg 300w\" sizes=\"auto, (max-width: 580px) 100vw, 580px\" \/><\/p>\n<p><img loading=\"lazy\" decoding=\"async\" class=\"size-full wp-image-36089 aligncenter\" src=\"https:\/\/fiaf.net\/agoradicult\/wp-content\/uploads\/sites\/23\/2025\/01\/FOTO-08.jpg\" alt=\"\" width=\"580\" height=\"387\" srcset=\"https:\/\/fiaf.net\/agoradicult\/wp-content\/uploads\/sites\/23\/2025\/01\/FOTO-08.jpg 580w, https:\/\/fiaf.net\/agoradicult\/wp-content\/uploads\/sites\/23\/2025\/01\/FOTO-08-300x200.jpg 300w\" sizes=\"auto, (max-width: 580px) 100vw, 580px\" \/><\/p>\n<p style=\"font-weight: 400\">Non induca in errore l\u2019aforisma di Natalia Ginzburg scritto in un muro nella fotografia che apre il libro: \u201cEra quello il tempo migliore della mia vita e solo adesso che m\u2019\u00e8 sfuggito per sempre, solo adesso lo so\u201d. Non siano la disillusione n\u00e9 le amarezze a guidare il viaggio a cui Petrosino ci invita n\u00e9 sia l\u2019ingannevole lente della retrotopia a farci credere che il passato sia stato migliore di quanto non sia il presente. Il punto centrale di \u201cEra quello il tempo\u201d si fonda invece nella negoziazione tra passato e presente alla luce della loro occasionale convivenza e del reciproco sforzo alla creazione di un vissuto creduto sterilizzato. I luoghi di Petrosino, che ci accompagna fin dentro l\u2019intimit\u00e0 famigliare, sono luoghi che seppure abbandonati conservano intatti quei momenti di vita che li hanno visto funzionare. Tutto in essi risuona: risuona la vita, risuonano le risa e il pianto, risuonano le grida e i sussurri, gli oggetti, i riflessi. E tutto continua perch\u00e9, come si \u00e8 detto, la memoria non muore. E la memoria quando diventa fotografia esce dalla dimensione della \u201cletteratura privata\u201d per diventare patrimonio di tutti noi.<\/p>\n<p><img loading=\"lazy\" decoding=\"async\" class=\"size-full wp-image-36090 aligncenter\" src=\"https:\/\/fiaf.net\/agoradicult\/wp-content\/uploads\/sites\/23\/2025\/01\/FOTO-09.jpg\" alt=\"\" width=\"580\" height=\"387\" srcset=\"https:\/\/fiaf.net\/agoradicult\/wp-content\/uploads\/sites\/23\/2025\/01\/FOTO-09.jpg 580w, https:\/\/fiaf.net\/agoradicult\/wp-content\/uploads\/sites\/23\/2025\/01\/FOTO-09-300x200.jpg 300w\" sizes=\"auto, (max-width: 580px) 100vw, 580px\" \/><br \/>\n<img loading=\"lazy\" decoding=\"async\" class=\"size-full wp-image-36091 aligncenter\" src=\"https:\/\/fiaf.net\/agoradicult\/wp-content\/uploads\/sites\/23\/2025\/01\/FOTO-10.jpg\" alt=\"\" width=\"580\" height=\"387\" srcset=\"https:\/\/fiaf.net\/agoradicult\/wp-content\/uploads\/sites\/23\/2025\/01\/FOTO-10.jpg 580w, https:\/\/fiaf.net\/agoradicult\/wp-content\/uploads\/sites\/23\/2025\/01\/FOTO-10-300x200.jpg 300w\" sizes=\"auto, (max-width: 580px) 100vw, 580px\" \/><\/p>\n<p style=\"font-weight: 400\">Valentino Petrosino vola sulle cose, niente gli \u00e8 estraneo e dunque plana sugli oggetti per suggerne l\u2019antico respiro, come se volesse sincerarsi che il corpo morente degli oggetti alitasse ancora un flebile respiro di vita. Ecco che la tensione narrativa si arricchisce di passione, di sincera passione e dove una croce, una vecchia auto, la carta da parati lancinata dal tempo, il letto di un ospedale che non c\u2019\u00e8 pi\u00f9, un accumulo di sedie diventano parte di un tutto, capitoli che compongono un romanzo, note che costituiscono una sonata.<\/p>\n<p><img loading=\"lazy\" decoding=\"async\" class=\"size-full wp-image-36092 aligncenter\" src=\"https:\/\/fiaf.net\/agoradicult\/wp-content\/uploads\/sites\/23\/2025\/01\/FOTO-11.jpg\" alt=\"\" width=\"580\" height=\"387\" srcset=\"https:\/\/fiaf.net\/agoradicult\/wp-content\/uploads\/sites\/23\/2025\/01\/FOTO-11.jpg 580w, https:\/\/fiaf.net\/agoradicult\/wp-content\/uploads\/sites\/23\/2025\/01\/FOTO-11-300x200.jpg 300w\" sizes=\"auto, (max-width: 580px) 100vw, 580px\" \/><br \/>\n<img loading=\"lazy\" decoding=\"async\" class=\"size-full wp-image-36093 aligncenter\" src=\"https:\/\/fiaf.net\/agoradicult\/wp-content\/uploads\/sites\/23\/2025\/01\/FOTO-12.jpg\" alt=\"\" width=\"580\" height=\"387\" srcset=\"https:\/\/fiaf.net\/agoradicult\/wp-content\/uploads\/sites\/23\/2025\/01\/FOTO-12.jpg 580w, https:\/\/fiaf.net\/agoradicult\/wp-content\/uploads\/sites\/23\/2025\/01\/FOTO-12-300x200.jpg 300w\" sizes=\"auto, (max-width: 580px) 100vw, 580px\" \/><\/p>\n<p><img loading=\"lazy\" decoding=\"async\" class=\"size-full wp-image-36094 aligncenter\" src=\"https:\/\/fiaf.net\/agoradicult\/wp-content\/uploads\/sites\/23\/2025\/01\/FOTO-13.jpg\" alt=\"\" width=\"580\" height=\"387\" srcset=\"https:\/\/fiaf.net\/agoradicult\/wp-content\/uploads\/sites\/23\/2025\/01\/FOTO-13.jpg 580w, https:\/\/fiaf.net\/agoradicult\/wp-content\/uploads\/sites\/23\/2025\/01\/FOTO-13-300x200.jpg 300w\" sizes=\"auto, (max-width: 580px) 100vw, 580px\" \/><\/p>\n<p style=\"font-weight: 400\">E scopriamo che non siamo noi uomini a possedere la memoria ma \u00e8 la memoria che ci possiede. Ah, <strong><em>Memoria<\/em><\/strong>, madre delle Muse, plana ancora su di noi, lascia che sia l\u2019emozione a guidare i nostri giorni, di questo come di ogni tempo.<\/p>\n<p><img loading=\"lazy\" decoding=\"async\" class=\"size-full wp-image-36095 aligncenter\" src=\"https:\/\/fiaf.net\/agoradicult\/wp-content\/uploads\/sites\/23\/2025\/01\/FOTO-14.jpg\" alt=\"\" width=\"580\" height=\"387\" srcset=\"https:\/\/fiaf.net\/agoradicult\/wp-content\/uploads\/sites\/23\/2025\/01\/FOTO-14.jpg 580w, https:\/\/fiaf.net\/agoradicult\/wp-content\/uploads\/sites\/23\/2025\/01\/FOTO-14-300x200.jpg 300w\" sizes=\"auto, (max-width: 580px) 100vw, 580px\" \/><\/p>\n<p>Valentino Petrosino<br \/>\n<strong>Tutor Fotografico FIAF<\/strong><\/p>\n\n    <div class=\"xs_social_share_widget xs_share_url after_content \t\tmain_content  wslu-style-1 wslu-share-box-shaped wslu-fill-colored wslu-none wslu-share-horizontal wslu-theme-font-no wslu-main_content\">\n\n\t\t\n        <ul>\n\t\t\t        <\/ul>\n    <\/div> \n","protected":false},"excerpt":{"rendered":"<p>\u00a0 ERA QUELLO IL TEMPO testo di Giuseppe Cicozzetti (Scriptphotography),\u00a0fotografie di Valentino Petrosino LAB Di Cult 234 Fiaf \u2013 Tutor &hellip;<\/p>\n","protected":false},"author":80,"featured_media":36105,"comment_status":"open","ping_status":"open","sticky":false,"template":"","format":"standard","meta":{"_acf_changed":false,"footnotes":""},"categories":[121],"tags":[],"class_list":["post-36078","post","type-post","status-publish","format-standard","has-post-thumbnail","hentry","category-laboratori-di-cult"],"acf":[],"_links":{"self":[{"href":"https:\/\/fiaf.net\/agoradicult\/wp-json\/wp\/v2\/posts\/36078","targetHints":{"allow":["GET"]}}],"collection":[{"href":"https:\/\/fiaf.net\/agoradicult\/wp-json\/wp\/v2\/posts"}],"about":[{"href":"https:\/\/fiaf.net\/agoradicult\/wp-json\/wp\/v2\/types\/post"}],"author":[{"embeddable":true,"href":"https:\/\/fiaf.net\/agoradicult\/wp-json\/wp\/v2\/users\/80"}],"replies":[{"embeddable":true,"href":"https:\/\/fiaf.net\/agoradicult\/wp-json\/wp\/v2\/comments?post=36078"}],"version-history":[{"count":11,"href":"https:\/\/fiaf.net\/agoradicult\/wp-json\/wp\/v2\/posts\/36078\/revisions"}],"predecessor-version":[{"id":36103,"href":"https:\/\/fiaf.net\/agoradicult\/wp-json\/wp\/v2\/posts\/36078\/revisions\/36103"}],"wp:featuredmedia":[{"embeddable":true,"href":"https:\/\/fiaf.net\/agoradicult\/wp-json\/wp\/v2\/media\/36105"}],"wp:attachment":[{"href":"https:\/\/fiaf.net\/agoradicult\/wp-json\/wp\/v2\/media?parent=36078"}],"wp:term":[{"taxonomy":"category","embeddable":true,"href":"https:\/\/fiaf.net\/agoradicult\/wp-json\/wp\/v2\/categories?post=36078"},{"taxonomy":"post_tag","embeddable":true,"href":"https:\/\/fiaf.net\/agoradicult\/wp-json\/wp\/v2\/tags?post=36078"}],"curies":[{"name":"wp","href":"https:\/\/api.w.org\/{rel}","templated":true}]}}