{"id":36187,"date":"2025-01-25T12:00:32","date_gmt":"2025-01-25T11:00:32","guid":{"rendered":"https:\/\/fiaf.net\/agoradicult\/?p=36187"},"modified":"2025-01-25T17:15:43","modified_gmt":"2025-01-25T16:15:43","slug":"memorie_elaborazione-del-concept_11-memoria-e-luoghi-del-cuore-di-monica-pelizzetti-lab-di-cult-197-fiaf","status":"publish","type":"post","link":"https:\/\/fiaf.net\/agoradicult\/2025\/01\/25\/memorie_elaborazione-del-concept_11-memoria-e-luoghi-del-cuore-di-monica-pelizzetti-lab-di-cult-197-fiaf\/","title":{"rendered":"MEMORIE_Elaborazione del Concept_11 &#8211; Memoria e luoghi del cuore &#8211; di Monica Pelizzetti LAB Di Cult 197 FIAF"},"content":{"rendered":"<h3 style=\"font-weight: 400;text-align: center\">MEMORIA E LUOGHI DEL CUORE<\/h3>\n<p>&nbsp;<\/p>\n<p style=\"font-weight: 400\">Anche quest\u2019anno il laboratorio che coordino si svolge pressoch\u00e9 interamente on line sia attraverso attivit\u00e0 di gruppo sia seguendo i partecipanti individualmente quando necessario. Questa modalit\u00e0 di lavoro offre il notevole vantaggio di permettere una partecipazione aperta e diffusa che nel caso di quest\u2019anno si rivela particolarmente efficace e proficua perch\u00e9 gli iscritti sono una rappresentanza di tante regioni, dal Piemonte al Trentino Alto Adige, dall\u2019Emilia Romagna alla Liguria e alle Marche, dal Lazio alla Sicilia, ognuno di essi porta esperienze sensibilit\u00e0 e conoscenze legate al proprio territorio che contribuiscono ad arricchire e migliorare tutti noi. Proprio per questa variet\u00e0 di anime che ci si offre, pur lasciando\u00a0 libert\u00e0 di scelta nell\u2019interpretazione del tema, ci concentreremo in particolare sulla MEMORIA legata AI LUOGHI DEL CUORE, memoria che pu\u00f2 essere sia storica e collettiva sia individuale ed autobiografica.<\/p>\n<p><img loading=\"lazy\" decoding=\"async\" class=\"size-full wp-image-36188 aligncenter\" src=\"https:\/\/fiaf.net\/agoradicult\/wp-content\/uploads\/sites\/23\/2025\/01\/01-2.jpg\" alt=\"\" width=\"580\" height=\"388\" srcset=\"https:\/\/fiaf.net\/agoradicult\/wp-content\/uploads\/sites\/23\/2025\/01\/01-2.jpg 580w, https:\/\/fiaf.net\/agoradicult\/wp-content\/uploads\/sites\/23\/2025\/01\/01-2-300x201.jpg 300w\" sizes=\"auto, (max-width: 580px) 100vw, 580px\" \/><\/p>\n<p><img loading=\"lazy\" decoding=\"async\" class=\"size-full wp-image-36189 aligncenter\" src=\"https:\/\/fiaf.net\/agoradicult\/wp-content\/uploads\/sites\/23\/2025\/01\/02-2.jpg\" alt=\"\" width=\"580\" height=\"390\" srcset=\"https:\/\/fiaf.net\/agoradicult\/wp-content\/uploads\/sites\/23\/2025\/01\/02-2.jpg 580w, https:\/\/fiaf.net\/agoradicult\/wp-content\/uploads\/sites\/23\/2025\/01\/02-2-300x202.jpg 300w\" sizes=\"auto, (max-width: 580px) 100vw, 580px\" \/><\/p>\n<p style=\"font-weight: 400\">I luoghi del cuore sono spazi che hanno un significato speciale per le persone, che evocano emozioni, ricordi o identit\u00e0 condivise. Si dividono in due categorie principali: MATERIALI E IMMATERIALI.<\/p>\n<p style=\"font-weight: 400\">I luoghi del cuore materiali sono luoghi fisici che possiamo visitare o dove si svolgono manifestazioni e rievocazioni come piazze, edifici, musei, parchi o paesaggi naturali. \u00a0Questi luoghi acquisiscono valore attraverso l\u2019esperienza diretta e le connessioni personali che si sviluppano nel tempo anche per quello che in essi accade o \u00e8 accaduto. Possono essere legati a momenti significativi della nostra vita o a tradizioni culturali, diventando simboli di appartenenza o di memoria storica collettiva. Sono luoghi che ci fanno percepire e vivere le radici da cui proveniamo e che perpetuano nel presente ci\u00f2 che nel passato \u00e8 stato importante e quindi vale la pena ricordare rivivere e tramandare.<\/p>\n<p><img loading=\"lazy\" decoding=\"async\" class=\"size-full wp-image-36190 aligncenter\" src=\"https:\/\/fiaf.net\/agoradicult\/wp-content\/uploads\/sites\/23\/2025\/01\/03-2.jpg\" alt=\"\" width=\"580\" height=\"386\" srcset=\"https:\/\/fiaf.net\/agoradicult\/wp-content\/uploads\/sites\/23\/2025\/01\/03-2.jpg 580w, https:\/\/fiaf.net\/agoradicult\/wp-content\/uploads\/sites\/23\/2025\/01\/03-2-300x200.jpg 300w\" sizes=\"auto, (max-width: 580px) 100vw, 580px\" \/><\/p>\n<p><img loading=\"lazy\" decoding=\"async\" class=\"size-full wp-image-36191 aligncenter\" src=\"https:\/\/fiaf.net\/agoradicult\/wp-content\/uploads\/sites\/23\/2025\/01\/04-2.jpg\" alt=\"\" width=\"580\" height=\"388\" srcset=\"https:\/\/fiaf.net\/agoradicult\/wp-content\/uploads\/sites\/23\/2025\/01\/04-2.jpg 580w, https:\/\/fiaf.net\/agoradicult\/wp-content\/uploads\/sites\/23\/2025\/01\/04-2-300x201.jpg 300w\" sizes=\"auto, (max-width: 580px) 100vw, 580px\" \/><\/p>\n<p><img loading=\"lazy\" decoding=\"async\" class=\"size-full wp-image-36192 aligncenter\" src=\"https:\/\/fiaf.net\/agoradicult\/wp-content\/uploads\/sites\/23\/2025\/01\/05-2.jpg\" alt=\"\" width=\"580\" height=\"327\" srcset=\"https:\/\/fiaf.net\/agoradicult\/wp-content\/uploads\/sites\/23\/2025\/01\/05-2.jpg 580w, https:\/\/fiaf.net\/agoradicult\/wp-content\/uploads\/sites\/23\/2025\/01\/05-2-300x169.jpg 300w, https:\/\/fiaf.net\/agoradicult\/wp-content\/uploads\/sites\/23\/2025\/01\/05-2-390x220.jpg 390w\" sizes=\"auto, (max-width: 580px) 100vw, 580px\" \/> <img loading=\"lazy\" decoding=\"async\" class=\"size-full wp-image-36193 aligncenter\" src=\"https:\/\/fiaf.net\/agoradicult\/wp-content\/uploads\/sites\/23\/2025\/01\/06-2.jpg\" alt=\"\" width=\"580\" height=\"387\" srcset=\"https:\/\/fiaf.net\/agoradicult\/wp-content\/uploads\/sites\/23\/2025\/01\/06-2.jpg 580w, https:\/\/fiaf.net\/agoradicult\/wp-content\/uploads\/sites\/23\/2025\/01\/06-2-300x200.jpg 300w\" sizes=\"auto, (max-width: 580px) 100vw, 580px\" \/><\/p>\n<p><img loading=\"lazy\" decoding=\"async\" class=\"size-full wp-image-36194 aligncenter\" src=\"https:\/\/fiaf.net\/agoradicult\/wp-content\/uploads\/sites\/23\/2025\/01\/07-2.jpg\" alt=\"\" width=\"580\" height=\"388\" srcset=\"https:\/\/fiaf.net\/agoradicult\/wp-content\/uploads\/sites\/23\/2025\/01\/07-2.jpg 580w, https:\/\/fiaf.net\/agoradicult\/wp-content\/uploads\/sites\/23\/2025\/01\/07-2-300x201.jpg 300w\" sizes=\"auto, (max-width: 580px) 100vw, 580px\" \/><\/p>\n<p style=\"font-weight: 400\">I luoghi del cuore immateriali, invece, sono spazi che esistono nella nostra mente e nel nostro immaginario personale e collettivo. Non sono visibili o tangibili, ma sono ugualmente importanti. Possono essere ricordi condivisi, storie raccontate, tradizioni orali o esperienze emotive che, pur non avendo una forma fisica, continuano a influenzare la nostra percezione del mondo e a dare significato alle nostre vite.<\/p>\n<p><img loading=\"lazy\" decoding=\"async\" class=\"size-full wp-image-36195 aligncenter\" src=\"https:\/\/fiaf.net\/agoradicult\/wp-content\/uploads\/sites\/23\/2025\/01\/08-2.jpg\" alt=\"\" width=\"580\" height=\"387\" srcset=\"https:\/\/fiaf.net\/agoradicult\/wp-content\/uploads\/sites\/23\/2025\/01\/08-2.jpg 580w, https:\/\/fiaf.net\/agoradicult\/wp-content\/uploads\/sites\/23\/2025\/01\/08-2-300x200.jpg 300w\" sizes=\"auto, (max-width: 580px) 100vw, 580px\" \/><\/p>\n<p><img loading=\"lazy\" decoding=\"async\" class=\"size-full wp-image-36199 aligncenter\" src=\"https:\/\/fiaf.net\/agoradicult\/wp-content\/uploads\/sites\/23\/2025\/01\/13-1.jpg\" alt=\"\" width=\"580\" height=\"362\" srcset=\"https:\/\/fiaf.net\/agoradicult\/wp-content\/uploads\/sites\/23\/2025\/01\/13-1.jpg 580w, https:\/\/fiaf.net\/agoradicult\/wp-content\/uploads\/sites\/23\/2025\/01\/13-1-300x187.jpg 300w\" sizes=\"auto, (max-width: 580px) 100vw, 580px\" \/><\/p>\n<p><img loading=\"lazy\" decoding=\"async\" class=\"size-full wp-image-36198 aligncenter\" src=\"https:\/\/fiaf.net\/agoradicult\/wp-content\/uploads\/sites\/23\/2025\/01\/11-2.jpg\" alt=\"\" width=\"580\" height=\"388\" srcset=\"https:\/\/fiaf.net\/agoradicult\/wp-content\/uploads\/sites\/23\/2025\/01\/11-2.jpg 580w, https:\/\/fiaf.net\/agoradicult\/wp-content\/uploads\/sites\/23\/2025\/01\/11-2-300x201.jpg 300w\" sizes=\"auto, (max-width: 580px) 100vw, 580px\" \/><\/p>\n<p><img loading=\"lazy\" decoding=\"async\" class=\"size-full wp-image-36197 aligncenter\" src=\"https:\/\/fiaf.net\/agoradicult\/wp-content\/uploads\/sites\/23\/2025\/01\/10-2.jpg\" alt=\"\" width=\"580\" height=\"387\" srcset=\"https:\/\/fiaf.net\/agoradicult\/wp-content\/uploads\/sites\/23\/2025\/01\/10-2.jpg 580w, https:\/\/fiaf.net\/agoradicult\/wp-content\/uploads\/sites\/23\/2025\/01\/10-2-300x200.jpg 300w\" sizes=\"auto, (max-width: 580px) 100vw, 580px\" \/><\/p>\n<p><img loading=\"lazy\" decoding=\"async\" class=\"size-full wp-image-36196 aligncenter\" src=\"https:\/\/fiaf.net\/agoradicult\/wp-content\/uploads\/sites\/23\/2025\/01\/09-2.jpg\" alt=\"\" width=\"580\" height=\"387\" srcset=\"https:\/\/fiaf.net\/agoradicult\/wp-content\/uploads\/sites\/23\/2025\/01\/09-2.jpg 580w, https:\/\/fiaf.net\/agoradicult\/wp-content\/uploads\/sites\/23\/2025\/01\/09-2-300x200.jpg 300w\" sizes=\"auto, (max-width: 580px) 100vw, 580px\" \/><\/p>\n<p style=\"font-weight: 400\">Entrambe le categorie, materiali e immateriali, sono fondamentali per rafforzare la nostra identit\u00e0 e il nostro senso di appartenenza, poich\u00e9 ci connettono a ci\u00f2 che siamo e a ci\u00f2 che ci circonda, sono una parte essenziale di noi che ci lega alle radici da cui proveniamo perch\u00e9 se, come diceva Sepulveda, un popolo senza passato non ha futuro, la stessa cosa vale per ogni singolo individuo.<\/p>\n<p style=\"font-weight: 400\">Le immagini presentate sono tratte da alcuni lavori che stanno nascendo e si stanno concretizzando, ma la variet\u00e0 di idee e sensibilit\u00e0, la voglia di sperimentare e\/o mettersi alla prova in territori magari fuori dalla propria \u201cconfort zone fotografica\u201d con l\u2019aiuto ed il sostegno dei compagni di viaggio sono gli elementi pi\u00f9 importanti che sicuramente porteranno a risultati positivi e soddisfacenti.<\/p>\n<p style=\"font-weight: 400\">Monica Pelizzetti<br \/>\n<strong>Tutor Fotografico FIAF<\/strong><br \/>\n<strong>Coordinatore del LAB Di Cult 197 FIAF<\/strong><\/p>\n<p>&nbsp;<\/p>\n<p>&nbsp;<\/p>\n<p>&nbsp;<\/p>\n<p>&nbsp;<\/p>\n<p>&nbsp;<\/p>\n<p>&nbsp;<\/p>\n<p>&nbsp;<\/p>\n<p>&nbsp;<\/p>\n<p>&nbsp;<\/p>\n<p>&nbsp;<\/p>\n\n    <div class=\"xs_social_share_widget xs_share_url after_content \t\tmain_content  wslu-style-1 wslu-share-box-shaped wslu-fill-colored wslu-none wslu-share-horizontal wslu-theme-font-no wslu-main_content\">\n\n\t\t\n        <ul>\n\t\t\t        <\/ul>\n    <\/div> \n","protected":false},"excerpt":{"rendered":"<p>MEMORIA E LUOGHI DEL CUORE &nbsp; Anche quest\u2019anno il laboratorio che coordino si svolge pressoch\u00e9 interamente on line sia attraverso &hellip;<\/p>\n","protected":false},"author":80,"featured_media":36203,"comment_status":"open","ping_status":"open","sticky":false,"template":"","format":"standard","meta":{"_acf_changed":false,"footnotes":""},"categories":[121],"tags":[],"class_list":["post-36187","post","type-post","status-publish","format-standard","has-post-thumbnail","hentry","category-laboratori-di-cult"],"acf":[],"_links":{"self":[{"href":"https:\/\/fiaf.net\/agoradicult\/wp-json\/wp\/v2\/posts\/36187","targetHints":{"allow":["GET"]}}],"collection":[{"href":"https:\/\/fiaf.net\/agoradicult\/wp-json\/wp\/v2\/posts"}],"about":[{"href":"https:\/\/fiaf.net\/agoradicult\/wp-json\/wp\/v2\/types\/post"}],"author":[{"embeddable":true,"href":"https:\/\/fiaf.net\/agoradicult\/wp-json\/wp\/v2\/users\/80"}],"replies":[{"embeddable":true,"href":"https:\/\/fiaf.net\/agoradicult\/wp-json\/wp\/v2\/comments?post=36187"}],"version-history":[{"count":3,"href":"https:\/\/fiaf.net\/agoradicult\/wp-json\/wp\/v2\/posts\/36187\/revisions"}],"predecessor-version":[{"id":36202,"href":"https:\/\/fiaf.net\/agoradicult\/wp-json\/wp\/v2\/posts\/36187\/revisions\/36202"}],"wp:featuredmedia":[{"embeddable":true,"href":"https:\/\/fiaf.net\/agoradicult\/wp-json\/wp\/v2\/media\/36203"}],"wp:attachment":[{"href":"https:\/\/fiaf.net\/agoradicult\/wp-json\/wp\/v2\/media?parent=36187"}],"wp:term":[{"taxonomy":"category","embeddable":true,"href":"https:\/\/fiaf.net\/agoradicult\/wp-json\/wp\/v2\/categories?post=36187"},{"taxonomy":"post_tag","embeddable":true,"href":"https:\/\/fiaf.net\/agoradicult\/wp-json\/wp\/v2\/tags?post=36187"}],"curies":[{"name":"wp","href":"https:\/\/api.w.org\/{rel}","templated":true}]}}