{"id":36701,"date":"2025-05-29T18:30:29","date_gmt":"2025-05-29T16:30:29","guid":{"rendered":"https:\/\/fiaf.net\/agoradicult\/?p=36701"},"modified":"2025-07-26T12:13:15","modified_gmt":"2025-07-26T10:13:15","slug":"memorie_anteprima-n9-laboratorio-233-san-pietro-in-casale","status":"publish","type":"post","link":"https:\/\/fiaf.net\/agoradicult\/2025\/05\/29\/memorie_anteprima-n9-laboratorio-233-san-pietro-in-casale\/","title":{"rendered":"MEMORIE_Anteprima_08 &#8211; Laboratorio 233 San Pietro in Casale"},"content":{"rendered":"<p>Tra le anteprime che stiamo pubblicando questa non \u00e8 atta ad anticipare la visione del lavoro di un singolo autore ma ad aprire uno spiraglio sulle opere di un intero Lab di Cult, il n\u00b0 233 organizzato dall Circolo\u00a0 Fotografico Punti di Vista di San Pietro in Casale (BO)<br \/>\nNumerosi sono i fotografi che hanno aderito all&#8217;iniziativa, tra questi Angelo Riberti, Anna Cavallo, Roberto Dozza, Irene Bartolomeo, Katia Conti, Lucia Sciuto, Monia Gnudi, Maurizio Lolli,\u00a0Guido Tibaldi,\u00a0Valentino Brunelli,\u00a0Valeria Pritoni,\u00a0Vincenzo Terracciano.<\/p>\n<p>Senza memoria l\u2019uomo abbandona la dimensione della vita vissuta, delle piccole come delle grandi emozioni, dei piaceri ma anche del loro contrario, dei rapporti umani. Il ricordo allieta spesso il nostro tempo, ne permea lo scorrere. Memoria individuale, memoria collettiva, non sono concetti impermeabili, vi \u00e8 una inevitabile contaminazione, l\u2019individuo \u00e8 parte della collettivit\u00e0 che \u00e8 a sua volta composta di individui. In fotografia, quanto pu\u00f2 apparire di pi\u00f9 personale dall\u2019alveo dell\u2019intimit\u00e0 che crediamo inattaccabile, insuperabile. Cambiano i soggetti, i luoghi ma i linguaggi con cui si esprimono appartengono a tutti, da una declinazione singolare, al linguaggio universale.<\/p>\n<p>Ed \u00e8 in questa prospettiva che gli autori hanno dato vita ai progetti. Quanto pu\u00f2 in apparenza ascriversi a una riflessione, una narrazione tutta famigliare vediamo invece il meccanismo emozionale che si instaura appartenere alla collettivit\u00e0, nel rapporto tra passato, presente, futuro. Eventi tragici che sono si passato ma che dialogano con il presente, ipotecando forse il futuro. L\u2019avanzare\u00a0 della tecnologia, con uno sguardo nostalgico all\u2019ieri e uno pi\u00f9 preoccupato che curioso al domani. O ancora una simpatica sintesi, da analogico a AI, il concetto di tempo, la natura con le contraddizioni, e i pericoli, a cui assistiamo.<\/p>\n<p>Non c\u2019\u00e8 un file rouge che unisce il contenuto delle narrazioni, c\u2019\u00e8 una comune volont\u00e0 di giungere a una sintesi nell\u2019affrontare i grandi temi che interessano il nostro essere nel presente, erede del passato, embrione\u00a0 di un possibile futuro.<\/p>\n<p>Anteprima di alcune delle opere elaborate:<\/p>\n<p>&nbsp;<\/p>\n<p><strong>ANNA CAVALLO<\/strong><\/p>\n<p>&#8220;Caro amico ti scrivo&#8221;<br \/>\nImprobabile corrispondenza. Una vecchia macchina per scrivere che tenta di compilare una e-mail.<\/p>\n<p><a href=\"https:\/\/fiaf.net\/agoradicult\/wp-content\/uploads\/sites\/23\/2025\/05\/anna-cavallo-memorie-2-piccola.jpg\"><img loading=\"lazy\" decoding=\"async\" class=\"alignnone wp-image-36792 size-medium\" src=\"https:\/\/fiaf.net\/agoradicult\/wp-content\/uploads\/sites\/23\/2025\/05\/anna-cavallo-memorie-2-piccola-300x200.jpg\" alt=\"\" width=\"300\" height=\"200\" srcset=\"https:\/\/fiaf.net\/agoradicult\/wp-content\/uploads\/sites\/23\/2025\/05\/anna-cavallo-memorie-2-piccola-300x200.jpg 300w, https:\/\/fiaf.net\/agoradicult\/wp-content\/uploads\/sites\/23\/2025\/05\/anna-cavallo-memorie-2-piccola.jpg 580w\" sizes=\"auto, (max-width: 300px) 100vw, 300px\" \/><\/a><\/p>\n<p>&nbsp;<\/p>\n<p><strong>IRENE BARTOLOMEO<\/strong><\/p>\n<p>&#8220;Trentatr\u00e8&#8221;<br \/>\nSe si dimentica ikl passato, si ritorna al passato.<br \/>\nIl 26 gennaio di ogni anno si ricorda il sacrificio alpino durante la battaglia di Nikolajewka, che cont\u00f2 40.000 perdite.<br \/>\nFu uno degli episodi pi\u00f9 drammatici della storia militare italiana.<\/p>\n<p>Oggi, in un mondo pieno di conflitti, con il motto &#8220;onorare i morti aiutando i vivi&#8221; la Protezione Civile A.N.A. promuove valori come il rispetto della libert\u00e0 il coraggio di affrontare le difficolt\u00e0, la solidariet\u00e0 fra uomini che non si sono separati di fronte alle avversit\u00e0.<br \/>\nUn passaggio di testimone tra le generazioni, un legame che non deve interrompersi tra chi \u00e8 stato protagonista diretto e chi oggi ha il dovere di coltivare questa eredit\u00e0.<\/p>\n<div id='gallery-1' class='gallery galleryid-36701 gallery-columns-3 gallery-size-thumbnail'><figure class='gallery-item'>\n\t\t\t<div class='gallery-icon landscape'>\n\t\t\t\t<a href='https:\/\/fiaf.net\/agoradicult\/wp-content\/uploads\/sites\/23\/2025\/05\/2passato-piccola.jpg'><img loading=\"lazy\" decoding=\"async\" width=\"150\" height=\"150\" src=\"https:\/\/fiaf.net\/agoradicult\/wp-content\/uploads\/sites\/23\/2025\/05\/2passato-piccola-150x150.jpg\" class=\"attachment-thumbnail size-thumbnail\" alt=\"\" \/><\/a>\n\t\t\t<\/div><\/figure><figure class='gallery-item'>\n\t\t\t<div class='gallery-icon landscape'>\n\t\t\t\t<a href='https:\/\/fiaf.net\/agoradicult\/wp-content\/uploads\/sites\/23\/2025\/05\/3presente-piccola.jpg'><img loading=\"lazy\" decoding=\"async\" width=\"150\" height=\"150\" src=\"https:\/\/fiaf.net\/agoradicult\/wp-content\/uploads\/sites\/23\/2025\/05\/3presente-piccola-150x150.jpg\" class=\"attachment-thumbnail size-thumbnail\" alt=\"\" \/><\/a>\n\t\t\t<\/div><\/figure><figure class='gallery-item'>\n\t\t\t<div class='gallery-icon landscape'>\n\t\t\t\t<a href='https:\/\/fiaf.net\/agoradicult\/wp-content\/uploads\/sites\/23\/2025\/05\/4futuro-1-piccola.jpg'><img loading=\"lazy\" decoding=\"async\" width=\"150\" height=\"150\" src=\"https:\/\/fiaf.net\/agoradicult\/wp-content\/uploads\/sites\/23\/2025\/05\/4futuro-1-piccola-150x150.jpg\" class=\"attachment-thumbnail size-thumbnail\" alt=\"\" \/><\/a>\n\t\t\t<\/div><\/figure>\n\t\t<\/div>\n\n<p>&nbsp;<\/p>\n<p><strong>GUIDO TIBALDI<\/strong><\/p>\n<p>&#8220;Memorie&#8221;<br \/>\nAgostino ritiene che il tempo non esista oggettivamente. Esso si divide in tre parti: passato, presente e futuro. Il passato non esiste in quanto non \u00e8 pi\u00f9; il futuro non esiste in quanto non \u00e8 ancora; e il presente attimo dopo attimo diventa passato, e se cos\u00ec non fosse sarebbe eternit\u00e0 e non presente.<br \/>\nAllora il tempo si riduce ad una sua percezione soggettiva in cui il passato \u00e8 un ricordo sfocato, il presente percezione sensoriale ed il futuro immaginazione di possibilit\u00e0.<\/p>\n<p><a href=\"https:\/\/fiaf.net\/agoradicult\/wp-content\/uploads\/sites\/23\/2025\/05\/Memorie-Tibaldi-copia.jpg\"><img loading=\"lazy\" decoding=\"async\" class=\"alignnone wp-image-36824 size-full\" src=\"https:\/\/fiaf.net\/agoradicult\/wp-content\/uploads\/sites\/23\/2025\/05\/Memorie-Tibaldi-copia.jpg\" alt=\"\" width=\"580\" height=\"171\" srcset=\"https:\/\/fiaf.net\/agoradicult\/wp-content\/uploads\/sites\/23\/2025\/05\/Memorie-Tibaldi-copia.jpg 580w, https:\/\/fiaf.net\/agoradicult\/wp-content\/uploads\/sites\/23\/2025\/05\/Memorie-Tibaldi-copia-300x88.jpg 300w\" sizes=\"auto, (max-width: 580px) 100vw, 580px\" \/><\/a><\/p>\n\n    <div class=\"xs_social_share_widget xs_share_url after_content \t\tmain_content  wslu-style-1 wslu-share-box-shaped wslu-fill-colored wslu-none wslu-share-horizontal wslu-theme-font-no wslu-main_content\">\n\n\t\t\n        <ul>\n\t\t\t        <\/ul>\n    <\/div> \n","protected":false},"excerpt":{"rendered":"<p>Tra le anteprime che stiamo pubblicando questa non \u00e8 atta ad anticipare la visione del lavoro di un singolo autore &hellip;<\/p>\n","protected":false},"author":15,"featured_media":37029,"comment_status":"open","ping_status":"open","sticky":false,"template":"","format":"standard","meta":{"_acf_changed":false,"footnotes":""},"categories":[121],"tags":[],"class_list":["post-36701","post","type-post","status-publish","format-standard","has-post-thumbnail","hentry","category-laboratori-di-cult"],"acf":[],"_links":{"self":[{"href":"https:\/\/fiaf.net\/agoradicult\/wp-json\/wp\/v2\/posts\/36701","targetHints":{"allow":["GET"]}}],"collection":[{"href":"https:\/\/fiaf.net\/agoradicult\/wp-json\/wp\/v2\/posts"}],"about":[{"href":"https:\/\/fiaf.net\/agoradicult\/wp-json\/wp\/v2\/types\/post"}],"author":[{"embeddable":true,"href":"https:\/\/fiaf.net\/agoradicult\/wp-json\/wp\/v2\/users\/15"}],"replies":[{"embeddable":true,"href":"https:\/\/fiaf.net\/agoradicult\/wp-json\/wp\/v2\/comments?post=36701"}],"version-history":[{"count":12,"href":"https:\/\/fiaf.net\/agoradicult\/wp-json\/wp\/v2\/posts\/36701\/revisions"}],"predecessor-version":[{"id":36847,"href":"https:\/\/fiaf.net\/agoradicult\/wp-json\/wp\/v2\/posts\/36701\/revisions\/36847"}],"wp:featuredmedia":[{"embeddable":true,"href":"https:\/\/fiaf.net\/agoradicult\/wp-json\/wp\/v2\/media\/37029"}],"wp:attachment":[{"href":"https:\/\/fiaf.net\/agoradicult\/wp-json\/wp\/v2\/media?parent=36701"}],"wp:term":[{"taxonomy":"category","embeddable":true,"href":"https:\/\/fiaf.net\/agoradicult\/wp-json\/wp\/v2\/categories?post=36701"},{"taxonomy":"post_tag","embeddable":true,"href":"https:\/\/fiaf.net\/agoradicult\/wp-json\/wp\/v2\/tags?post=36701"}],"curies":[{"name":"wp","href":"https:\/\/api.w.org\/{rel}","templated":true}]}}