{"id":36888,"date":"2025-06-29T12:51:03","date_gmt":"2025-06-29T10:51:03","guid":{"rendered":"https:\/\/fiaf.net\/agoradicult\/?p=36888"},"modified":"2025-07-26T12:15:10","modified_gmt":"2025-07-26T10:15:10","slug":"memorie_anteprima_11-la-capsula-del-tempo-a-cura-del-lab-di-cult-249-fiaf-la-bottega-photographica","status":"publish","type":"post","link":"https:\/\/fiaf.net\/agoradicult\/2025\/06\/29\/memorie_anteprima_11-la-capsula-del-tempo-a-cura-del-lab-di-cult-249-fiaf-la-bottega-photographica\/","title":{"rendered":"MEMORIE_Anteprima_11 &#8211; La capsula del tempo &#8211; a cura del LAB Di Cult 249 FIAF -La Bottega Photographica."},"content":{"rendered":"<h3 style=\"text-align: center\">La capsula del tempo<\/h3>\n<p class=\"p1\">La partecipazione collettiva al Lab Di Cult de &#8220;La Bottega Photographica&#8221; nasce dall\u2019idea di<br \/>\nesplorare e raccogliere frammenti di realt\u00e0 destinati ad essere inseriti una ipotetica\u00a0capsula del tempo. Come un contenitore che racchiude memorie per un futuro lontano, il\u00a0nostro progetto si propone di fermare attimi, sensazioni, luoghi e ricordi che, seppur\u00a0appartenenti a ciascun individuo, sono destinati a unirsi in una collezione collettiva per il\u00a0futuro.<\/p>\n<p class=\"p1\">Ogni partecipante ha contribuito con una propria visione del tema, portando il proprio\u00a0vissuto, i propri ricordi, i dettagli significativi della vita quotidiana o delle esperienze pi\u00f9\u00a0intime. Le fotografie e gli elaborati personali sono diventati il veicolo per raccontare il\u00a0proprio legame con il passato, per fermare memorie che, a volte, sfuggono al nostro\u00a0stesso sguardo.<\/p>\n<figure id=\"attachment_36891\" aria-describedby=\"caption-attachment-36891\" style=\"width: 580px\" class=\"wp-caption aligncenter\"><img loading=\"lazy\" decoding=\"async\" class=\"size-full wp-image-36891\" src=\"https:\/\/fiaf.net\/agoradicult\/wp-content\/uploads\/sites\/23\/2025\/06\/Stefano_Rami-Bottega_Photographica-e1751126910924.jpg\" alt=\"\" width=\"580\" height=\"387\" \/><figcaption id=\"caption-attachment-36891\" class=\"wp-caption-text\">Stefano Rami-Bottega_Photographica<\/figcaption><\/figure>\n<p>&nbsp;<\/p>\n<p class=\"p1\">Ognuno di noi ha messo a disposizione la propria &#8220;fetta di memoria&#8221;, consapevole che attraverso questa condivisione, quel frammento potrebbe essere conservato nel tempo, per essere scoperto e apprezzato da un futuro lontano.<\/p>\n<p>\u00c8 un atto di cura e di attenzione\u00a0verso ci\u00f2 che ci ha preceduti, ma anche verso ci\u00f2 che verr\u00e0: un segno tangibile che,\u00a0seppur nel tempo che scorre, c\u2019\u00e8 sempre un legame tra il passato, il presente e il futuro.\u00a0In questo modo, le immagini non sono solo fotografie, ma vere e proprie finestre attraverso\u00a0cui possiamo osservare un passato che si fa memoria collettiva, pronta a essere custodita\u00a0e restituita da un luogo misterioso come quello di una capsula del tempo.<\/p>\n<figure id=\"attachment_36890\" aria-describedby=\"caption-attachment-36890\" style=\"width: 580px\" class=\"wp-caption aligncenter\"><img loading=\"lazy\" decoding=\"async\" class=\"size-full wp-image-36890\" src=\"https:\/\/fiaf.net\/agoradicult\/wp-content\/uploads\/sites\/23\/2025\/06\/Gian-Luca_Nizzoli-Bottega_Photographica-e1751126869958.jpg\" alt=\"\" width=\"580\" height=\"397\" \/><figcaption id=\"caption-attachment-36890\" class=\"wp-caption-text\">Gian-Luca_Nizzoli-Bottega_Photographica<\/figcaption><\/figure>\n\n    <div class=\"xs_social_share_widget xs_share_url after_content \t\tmain_content  wslu-style-1 wslu-share-box-shaped wslu-fill-colored wslu-none wslu-share-horizontal wslu-theme-font-no wslu-main_content\">\n\n\t\t\n        <ul>\n\t\t\t        <\/ul>\n    <\/div> \n","protected":false},"excerpt":{"rendered":"<p>La capsula del tempo La partecipazione collettiva al Lab Di Cult de &#8220;La Bottega Photographica&#8221; nasce dall\u2019idea di esplorare e &hellip;<\/p>\n","protected":false},"author":80,"featured_media":37032,"comment_status":"open","ping_status":"open","sticky":false,"template":"","format":"standard","meta":{"_acf_changed":false,"footnotes":""},"categories":[121],"tags":[],"class_list":["post-36888","post","type-post","status-publish","format-standard","has-post-thumbnail","hentry","category-laboratori-di-cult"],"acf":[],"_links":{"self":[{"href":"https:\/\/fiaf.net\/agoradicult\/wp-json\/wp\/v2\/posts\/36888","targetHints":{"allow":["GET"]}}],"collection":[{"href":"https:\/\/fiaf.net\/agoradicult\/wp-json\/wp\/v2\/posts"}],"about":[{"href":"https:\/\/fiaf.net\/agoradicult\/wp-json\/wp\/v2\/types\/post"}],"author":[{"embeddable":true,"href":"https:\/\/fiaf.net\/agoradicult\/wp-json\/wp\/v2\/users\/80"}],"replies":[{"embeddable":true,"href":"https:\/\/fiaf.net\/agoradicult\/wp-json\/wp\/v2\/comments?post=36888"}],"version-history":[{"count":4,"href":"https:\/\/fiaf.net\/agoradicult\/wp-json\/wp\/v2\/posts\/36888\/revisions"}],"predecessor-version":[{"id":36894,"href":"https:\/\/fiaf.net\/agoradicult\/wp-json\/wp\/v2\/posts\/36888\/revisions\/36894"}],"wp:featuredmedia":[{"embeddable":true,"href":"https:\/\/fiaf.net\/agoradicult\/wp-json\/wp\/v2\/media\/37032"}],"wp:attachment":[{"href":"https:\/\/fiaf.net\/agoradicult\/wp-json\/wp\/v2\/media?parent=36888"}],"wp:term":[{"taxonomy":"category","embeddable":true,"href":"https:\/\/fiaf.net\/agoradicult\/wp-json\/wp\/v2\/categories?post=36888"},{"taxonomy":"post_tag","embeddable":true,"href":"https:\/\/fiaf.net\/agoradicult\/wp-json\/wp\/v2\/tags?post=36888"}],"curies":[{"name":"wp","href":"https:\/\/api.w.org\/{rel}","templated":true}]}}