{"id":37082,"date":"2025-08-15T08:34:09","date_gmt":"2025-08-15T06:34:09","guid":{"rendered":"https:\/\/fiaf.net\/agoradicult\/?p=37082"},"modified":"2025-08-15T08:34:09","modified_gmt":"2025-08-15T06:34:09","slug":"ferragosto-2025","status":"publish","type":"post","link":"https:\/\/fiaf.net\/agoradicult\/2025\/08\/15\/ferragosto-2025\/","title":{"rendered":"Ferragosto 2025"},"content":{"rendered":"<p>&nbsp;<\/p>\n<h4 style=\"text-align: center\">Ferragosto 2025<\/h4>\n<p>&nbsp;<\/p>\n<p>Un giorno come tanti ma anche un giorno che per il sentire collettivo rappresenta una festivit\u00e0 importante, una che quasi tutti si possono concedere. Un respiro un pochino diverso c&#8217;\u00e8, \u00e8 dura confutarlo, prendiamocelo tutti assieme non smettendo mai di raccogliere con gli occhi o con lo strumento fotografico ci\u00f2 che il nostro vissuto ci svela e ci\u00f2 che l&#8217;imprevisto ci regala.<\/p>\n<p>Un abbraccio a tutti da Massimo Mazzoli e lo Staff del Dipartimento Cultura Fiaf.<\/p>\n<p>&nbsp;<\/p>\n\n    <div class=\"xs_social_share_widget xs_share_url after_content \t\tmain_content  wslu-style-1 wslu-share-box-shaped wslu-fill-colored wslu-none wslu-share-horizontal wslu-theme-font-no wslu-main_content\">\n\n\t\t\n        <ul>\n\t\t\t        <\/ul>\n    <\/div> \n","protected":false},"excerpt":{"rendered":"<p>&nbsp; Ferragosto 2025 &nbsp; Un giorno come tanti ma anche un giorno che per il sentire collettivo rappresenta una festivit\u00e0 &hellip;<\/p>\n","protected":false},"author":15,"featured_media":37089,"comment_status":"open","ping_status":"open","sticky":false,"template":"","format":"standard","meta":{"_acf_changed":false,"footnotes":""},"categories":[7,11],"tags":[],"class_list":["post-37082","post","type-post","status-publish","format-standard","has-post-thumbnail","hentry","category-archivio","category-comunicazioni-del-dipartimento"],"acf":[],"_links":{"self":[{"href":"https:\/\/fiaf.net\/agoradicult\/wp-json\/wp\/v2\/posts\/37082","targetHints":{"allow":["GET"]}}],"collection":[{"href":"https:\/\/fiaf.net\/agoradicult\/wp-json\/wp\/v2\/posts"}],"about":[{"href":"https:\/\/fiaf.net\/agoradicult\/wp-json\/wp\/v2\/types\/post"}],"author":[{"embeddable":true,"href":"https:\/\/fiaf.net\/agoradicult\/wp-json\/wp\/v2\/users\/15"}],"replies":[{"embeddable":true,"href":"https:\/\/fiaf.net\/agoradicult\/wp-json\/wp\/v2\/comments?post=37082"}],"version-history":[{"count":4,"href":"https:\/\/fiaf.net\/agoradicult\/wp-json\/wp\/v2\/posts\/37082\/revisions"}],"predecessor-version":[{"id":37091,"href":"https:\/\/fiaf.net\/agoradicult\/wp-json\/wp\/v2\/posts\/37082\/revisions\/37091"}],"wp:featuredmedia":[{"embeddable":true,"href":"https:\/\/fiaf.net\/agoradicult\/wp-json\/wp\/v2\/media\/37089"}],"wp:attachment":[{"href":"https:\/\/fiaf.net\/agoradicult\/wp-json\/wp\/v2\/media?parent=37082"}],"wp:term":[{"taxonomy":"category","embeddable":true,"href":"https:\/\/fiaf.net\/agoradicult\/wp-json\/wp\/v2\/categories?post=37082"},{"taxonomy":"post_tag","embeddable":true,"href":"https:\/\/fiaf.net\/agoradicult\/wp-json\/wp\/v2\/tags?post=37082"}],"curies":[{"name":"wp","href":"https:\/\/api.w.org\/{rel}","templated":true}]}}