{"id":4004,"date":"2013-05-14T20:00:47","date_gmt":"2013-05-14T18:00:47","guid":{"rendered":"https:\/\/fiaf.net\/agoradicult\/?p=4004"},"modified":"2013-05-14T20:00:47","modified_gmt":"2013-05-14T18:00:47","slug":"nino-migliori-a-palazzo-fava-di-cinzia-busi-thompson-1-parte","status":"publish","type":"post","link":"https:\/\/fiaf.net\/agoradicult\/2013\/05\/14\/nino-migliori-a-palazzo-fava-di-cinzia-busi-thompson-1-parte\/","title":{"rendered":"Nino Migliori a Palazzo Fava \u2013 di Cinzia Busi Thompson, 1\u00b0 parte"},"content":{"rendered":"<p style=\"text-align: center\"><strong>NINO MIGLIORI A PALAZZO FAVA <\/strong><\/p>\n<p style=\"text-align: center\">di Cinzia Busi Thompson, prima parte<\/p>\n<p>&nbsp;<\/p>\n<p style=\"text-align: justify\">Dal 17 gennaio al 28 aprile 2013 si \u00e8 tenuta a Bologna la pi\u00f9 ampia e articolata antologica &#8211; composta di oltre 300 opere &#8211; degli ultimi decenni dedicata al fotografo Nino Migliori.<\/p>\n<p>&nbsp;<br \/>\n<figure id=\"attachment_4005\" aria-describedby=\"caption-attachment-4005\" style=\"width: 580px\" class=\"wp-caption aligncenter\"><a href=\"https:\/\/fiaf.net\/agoradicult\/wp-content\/uploads\/sites\/23\/2013\/05\/1-Notturno-Asinelli.jpg\"><img loading=\"lazy\" decoding=\"async\" class=\"size-full wp-image-4005\" title=\"1 -Notturno Asinelli\" src=\"https:\/\/fiaf.net\/agoradicult\/wp-content\/uploads\/sites\/23\/2013\/05\/1-Notturno-Asinelli.jpg\" alt=\"\" width=\"580\" height=\"719\" srcset=\"https:\/\/fiaf.net\/agoradicult\/wp-content\/uploads\/sites\/23\/2013\/05\/1-Notturno-Asinelli.jpg 580w, https:\/\/fiaf.net\/agoradicult\/wp-content\/uploads\/sites\/23\/2013\/05\/1-Notturno-Asinelli-242x300.jpg 242w\" sizes=\"auto, (max-width: 580px) 100vw, 580px\" \/><\/a><figcaption id=\"caption-attachment-4005\" class=\"wp-caption-text\">Notturno dall\u2019Asinelli - 1958<\/figcaption><\/figure>\n<p style=\"text-align: justify\">\u201cCos\u2019\u00e8 per lei la fotografia? Un\u2019avventura continua, una necessit\u00e0 di esprimere\u201d.<\/p>\n<p style=\"text-align: justify\">\u00c8 nelle parole stesse di Migliori che si trova la chiave per capire il suo universo fotografico che scorre davanti ai nostri occhi, dispiegando la storia della fotografia dai suoi albori ai giorni nostri.<\/p>\n<p style=\"text-align: justify\">La complessit\u00e0 della sua opera non pu\u00f2 sottostare a una mera distinzione tra \u201crealismo\u201d e \u201csperimentazione\u201d.<\/p>\n<p style=\"text-align: justify\">Riprendiamo da un\u2019altra intervista le sue parole: \u201cNon rappresento il reale, lo interpreto\u201d. Ecco dunque che la pretesa diversificazione tra \u201crealismo\u201d e \u201csperimentazione\u201d viene a cadere poich\u00e9 il reale non pu\u00f2 essere rappresentato (non c\u2019\u00e8 oggettivit\u00e0 ma solo soggettivit\u00e0), ma solo interpretato.<\/p>\n<p style=\"text-align: justify\">Facciamo un passo indietro per cercare di spiegare e capire meglio.<\/p>\n<p style=\"text-align: justify\">Migliori nasce a Bologna nel 1926 e comincia a fotografare nel 1948. Le prime Ossidazioni e i Pirogrammi (tecniche off-camera, cio\u00e8 senza l\u2019uso di una fotocamera) risalgono proprio a quell\u2019anno.<\/p>\n<figure id=\"attachment_4006\" aria-describedby=\"caption-attachment-4006\" style=\"width: 580px\" class=\"wp-caption aligncenter\"><a href=\"https:\/\/fiaf.net\/agoradicult\/wp-content\/uploads\/sites\/23\/2013\/05\/2-Gente-del-Sud.jpg\"><img loading=\"lazy\" decoding=\"async\" class=\"size-full wp-image-4006\" title=\"2 -Gente del Sud\" src=\"https:\/\/fiaf.net\/agoradicult\/wp-content\/uploads\/sites\/23\/2013\/05\/2-Gente-del-Sud.jpg\" alt=\"\" width=\"580\" height=\"725\" srcset=\"https:\/\/fiaf.net\/agoradicult\/wp-content\/uploads\/sites\/23\/2013\/05\/2-Gente-del-Sud.jpg 580w, https:\/\/fiaf.net\/agoradicult\/wp-content\/uploads\/sites\/23\/2013\/05\/2-Gente-del-Sud-240x300.jpg 240w\" sizes=\"auto, (max-width: 580px) 100vw, 580px\" \/><\/a><figcaption id=\"caption-attachment-4006\" class=\"wp-caption-text\">da \u201c Gente del Sud \u201c - 1957<\/figcaption><\/figure>\n<p style=\"text-align: justify\">A un paio di anni di distanza comincia la serie \u201crealistica\u201d \u201cGente\u201d, dove fotografa persone, ambienti, situazioni in maniera diretta, senza interventi a posteriori.<\/p>\n<p style=\"text-align: justify\">Possiamo affermare con certezza che esista un discrimine tra questi due filoni? Credo che la risposta sia negativa per almeno due motivi. Il primo, il pi\u00f9 semplice, \u00e8 perch\u00e9 siamo comunque davanti a un\u2019interpretazione. Il secondo, un po\u2019 pi\u00f9 complesso, si colloca nella definizione indicale di fotografia come segno. Che cosa significa? Secondo molti studiosi, la fotografia \u00e8 un segno-indice (gli altri segni sono l\u2019icona e il simbolo) poich\u00e9 mantiene sempre con la realt\u00e0 un rapporto diretto; in altre parole, \u00e8 una traccia della realt\u00e0, come l\u2019alone che un recipiente pieno di liquido lascia sul tavolo dove \u00e8 appoggiato.<\/p>\n<p style=\"text-align: justify\">Se da un punto di vista estetico si pu\u00f2 notare una diversit\u00e0, spostandosi a un livello pi\u00f9 complesso di p\u00f3iesis, questa differenza \u00e8 annullata. In altre parole, cambia la Forma ma la Sostanza rimane inalterata e la poetica di Migliori rimane costante e coerente nel corso degli oltre 60 anni di carriera; ci\u00f2 \u00e8 quello che fa di lui un Maestro della fotografia.<\/p>\n<p style=\"text-align: justify\">Passiamo ora a \u201cguardare\u201d assieme le opere esposte.<\/p>\n<p style=\"text-align: justify\">Partiamo dai lavori degli anni \u201950 \u201cGente\u201d incentrati sulle persone e che si articolano in \u201cGente dell\u2019Emilia\u201d (1952-59), \u201cGente del Sud\u201d (1956) e \u201cGente del Delta\u201d (1958).<\/p>\n<p style=\"text-align: justify\">Racconta Migliori: \u201cNon sono foto di reportage. Io sono nato nel 1926 e ho sofferto la guerra, la paura dei bombardamenti e dei rastrellamenti. Non era vita quella. Appena \u00e8 finita, sentivo il bisogno di riappropriarmi di un\u2019identit\u00e0 che ci era stata strappata, di conoscere gli altri. Andavo in giro, vivevo con le persone, dormivo e mangiavo con loro, le fotografavo\u201d.<\/p>\n<p style=\"text-align: justify\">Siamo negli anni del Neorealismo cinematografico che cercava le immagini di un paese che la fotografia di propaganda del XX fascista aveva censurato perch\u00e9 diseducative e non rispecchianti i modelli proposti dal regime.<\/p>\n<p style=\"text-align: justify\">Negli stessi anni arrivano in Italia le immagini della Farm Security Administration (di Dorothea Lange, Walker Evans, ecc.) che documentavano la disastrosa situazione economico-sociale che aveva colpito gli Stati Uniti durante la Grande Depressione. Sono anche gli anni in cui i grandi maestri stranieri arrivano in Italia \u2013 sulle tracce del Grand Tour ottocentesco \u2013 per cercare quell\u2019Italia pittoresca, legata alle radici di un tempo antico che pareva essersi fermato. I risultati sono spesso impregnati di un umanitarismo superficiale fatto, per lo pi\u00f9, di stereotipi visivi e culturali.<\/p>\n<p style=\"text-align: justify\">Le fotografie di Migliori, invece, sono molto pi\u00f9 vicine a quelle di \u201cUn paese\u201d di Paul Strand: costituiscono uno sguardo lucido sulla realt\u00e0, una rappresentazione genuina della gente.<\/p>\n<p style=\"text-align: justify\">I soggetti sono e rimangono spontanei anche quando guardano verso la macchina fotografica. Le immagini frutto di questo lavoro mostrano gente orgogliosa \u2013 anche se vive in ristrettezze economiche \u2013 che vuole dimenticare il passato e guarda verso il futuro. Non c\u2019\u00e8 mestizia o rassegnazione nei loro sguardi, nei loro gesti, ma solo il desiderio di voler vivere una vita normale (i vestiti della festa, le camicie bianchissime).<\/p>\n<p style=\"text-align: justify\">Nascono le prime ministorie (che oggi chiameremmo portfolio) e cio\u00e8 un piccolo racconto fatto d\u2019immagini in sequenza.<\/p>\n<p style=\"text-align: justify\">Quando nel 1956 Migliori va nel Sud il suo occhio-positivo \u2013 pur guardando a una realt\u00e0 geografica e sociale differente \u2013 coglie soprattutto l\u2019orgoglio della gente e, ancora una volta, la vivacit\u00e0 del tessuto sociale.<\/p>\n<p style=\"text-align: justify\">Soprattutto qui ritroviamo la lezione di Paul Strand (ma non \u00e8 detto che Migliori ne conoscesse il lavoro) nei gruppi familiari che si aggregano sui gradini fuori dalle loro abitazioni (usanza tipica di quell\u2019epoca che perdurava da nord a sud).<\/p>\n<p style=\"text-align: justify\">Nel 1958 va a fotografare la gente del Delta del Po, terra dove la natura governa sovrana e non concede nulla alle persone.<\/p>\n<p style=\"text-align: justify\">Guardando queste immagini il ricordo va a un altro grandissimo fotografo bolognese, Enrico Pasquali, che lavor\u00f2 a lungo in questi luoghi ma, mentre egli era un fotografo politicamente impegnato a documentare soprattutto il lavoro, lo sfruttamento e i disagi, Migliori, ancora una volta, cera le situazioni \u201cpositive\u201d. Ecco allora che fotografa la locandina del cinema, i ragazzi che giocano, la bambina che riceve le due bambole, quelle che si mettevano poi al centro del letto rifatto.<\/p>\n<p style=\"text-align: justify\">Una convergenza con Pasquali c\u2019\u00e8 e la troviamo nella fotografia dei bambini che guardano rapiti i cavallucci di legno in una vetrina.<\/p>\n<p style=\"text-align: justify\">I suoi bianconeri sono sempre ben calibrati e non stravolgono la realt\u00e0 ma, la luce che avvolge le persone \u00e8 magica s\u00ec da renderli icone del loro tempo.<\/p>\n<p>&nbsp;<br \/>\n&nbsp;<br \/>\n<figure id=\"attachment_4007\" aria-describedby=\"caption-attachment-4007\" style=\"width: 580px\" class=\"wp-caption aligncenter\"><a href=\"https:\/\/fiaf.net\/agoradicult\/wp-content\/uploads\/sites\/23\/2013\/05\/3-Insulto.jpg\"><img loading=\"lazy\" decoding=\"async\" class=\"size-full wp-image-4007\" title=\"3 -Insulto\" src=\"https:\/\/fiaf.net\/agoradicult\/wp-content\/uploads\/sites\/23\/2013\/05\/3-Insulto.jpg\" alt=\"\" width=\"580\" height=\"417\" srcset=\"https:\/\/fiaf.net\/agoradicult\/wp-content\/uploads\/sites\/23\/2013\/05\/3-Insulto.jpg 580w, https:\/\/fiaf.net\/agoradicult\/wp-content\/uploads\/sites\/23\/2013\/05\/3-Insulto-300x216.jpg 300w\" sizes=\"auto, (max-width: 580px) 100vw, 580px\" \/><\/a><figcaption id=\"caption-attachment-4007\" class=\"wp-caption-text\">Insulto - 1955<\/figcaption><\/figure>\n<figure id=\"attachment_4008\" aria-describedby=\"caption-attachment-4008\" style=\"width: 580px\" class=\"wp-caption aligncenter\"><a href=\"https:\/\/fiaf.net\/agoradicult\/wp-content\/uploads\/sites\/23\/2013\/05\/4-Idrogramma.jpg\"><img loading=\"lazy\" decoding=\"async\" class=\"size-full wp-image-4008\" title=\"4 -Idrogramma\" src=\"https:\/\/fiaf.net\/agoradicult\/wp-content\/uploads\/sites\/23\/2013\/05\/4-Idrogramma.jpg\" alt=\"\" width=\"580\" height=\"783\" srcset=\"https:\/\/fiaf.net\/agoradicult\/wp-content\/uploads\/sites\/23\/2013\/05\/4-Idrogramma.jpg 580w, https:\/\/fiaf.net\/agoradicult\/wp-content\/uploads\/sites\/23\/2013\/05\/4-Idrogramma-222x300.jpg 222w\" sizes=\"auto, (max-width: 580px) 100vw, 580px\" \/><\/a><figcaption id=\"caption-attachment-4008\" class=\"wp-caption-text\">Idrogramma - 1952<\/figcaption><\/figure>\n<figure id=\"attachment_4009\" aria-describedby=\"caption-attachment-4009\" style=\"width: 580px\" class=\"wp-caption aligncenter\"><a href=\"https:\/\/fiaf.net\/agoradicult\/wp-content\/uploads\/sites\/23\/2013\/05\/5-Ossidazione-1.jpg\"><img loading=\"lazy\" decoding=\"async\" class=\"size-full wp-image-4009\" title=\"5 -Ossidazione 1\" src=\"https:\/\/fiaf.net\/agoradicult\/wp-content\/uploads\/sites\/23\/2013\/05\/5-Ossidazione-1.jpg\" alt=\"\" width=\"580\" height=\"732\" srcset=\"https:\/\/fiaf.net\/agoradicult\/wp-content\/uploads\/sites\/23\/2013\/05\/5-Ossidazione-1.jpg 580w, https:\/\/fiaf.net\/agoradicult\/wp-content\/uploads\/sites\/23\/2013\/05\/5-Ossidazione-1-238x300.jpg 238w\" sizes=\"auto, (max-width: 580px) 100vw, 580px\" \/><\/a><figcaption id=\"caption-attachment-4009\" class=\"wp-caption-text\">Ossidazione - 1953<\/figcaption><\/figure>\n<figure id=\"attachment_4010\" aria-describedby=\"caption-attachment-4010\" style=\"width: 580px\" class=\"wp-caption aligncenter\"><a href=\"https:\/\/fiaf.net\/agoradicult\/wp-content\/uploads\/sites\/23\/2013\/05\/6-Ossidazione-2.jpg\"><img loading=\"lazy\" decoding=\"async\" class=\"size-full wp-image-4010\" title=\"6 -Ossidazione 2\" src=\"https:\/\/fiaf.net\/agoradicult\/wp-content\/uploads\/sites\/23\/2013\/05\/6-Ossidazione-2.jpg\" alt=\"\" width=\"580\" height=\"451\" srcset=\"https:\/\/fiaf.net\/agoradicult\/wp-content\/uploads\/sites\/23\/2013\/05\/6-Ossidazione-2.jpg 580w, https:\/\/fiaf.net\/agoradicult\/wp-content\/uploads\/sites\/23\/2013\/05\/6-Ossidazione-2-300x233.jpg 300w\" sizes=\"auto, (max-width: 580px) 100vw, 580px\" \/><\/a><figcaption id=\"caption-attachment-4010\" class=\"wp-caption-text\">Autoritratto di gruppo \u2013 ossidazione - 1982<\/figcaption><\/figure>\n<figure id=\"attachment_4011\" aria-describedby=\"caption-attachment-4011\" style=\"width: 580px\" class=\"wp-caption aligncenter\"><a href=\"https:\/\/fiaf.net\/agoradicult\/wp-content\/uploads\/sites\/23\/2013\/05\/7-ClicheI\u00cc\u20ac\u00e2\u201a\u00ac-verre.jpg\"><img loading=\"lazy\" decoding=\"async\" class=\"size-full wp-image-4011\" title=\"7 -ClicheI\u00cc\u20ac\u00e2\u201a\u00ac verre\" src=\"https:\/\/fiaf.net\/agoradicult\/wp-content\/uploads\/sites\/23\/2013\/05\/7-ClicheI\u00cc\u20ac\u00e2\u201a\u00ac-verre.jpg\" alt=\"\" width=\"580\" height=\"782\" \/><\/a><figcaption id=\"caption-attachment-4011\" class=\"wp-caption-text\">Clich\u00e8-verre- 1955\/58<\/figcaption><\/figure>\n<figure id=\"attachment_4012\" aria-describedby=\"caption-attachment-4012\" style=\"width: 580px\" class=\"wp-caption aligncenter\"><a href=\"https:\/\/fiaf.net\/agoradicult\/wp-content\/uploads\/sites\/23\/2013\/05\/8-Polarigramma.jpg\"><img loading=\"lazy\" decoding=\"async\" class=\"size-full wp-image-4012\" title=\"8 -Polarigramma\" src=\"https:\/\/fiaf.net\/agoradicult\/wp-content\/uploads\/sites\/23\/2013\/05\/8-Polarigramma.jpg\" alt=\"\" width=\"580\" height=\"715\" srcset=\"https:\/\/fiaf.net\/agoradicult\/wp-content\/uploads\/sites\/23\/2013\/05\/8-Polarigramma.jpg 580w, https:\/\/fiaf.net\/agoradicult\/wp-content\/uploads\/sites\/23\/2013\/05\/8-Polarigramma-243x300.jpg 243w\" sizes=\"auto, (max-width: 580px) 100vw, 580px\" \/><\/a><figcaption id=\"caption-attachment-4012\" class=\"wp-caption-text\">Polarigramma - 1977<\/figcaption><\/figure>\n\n    <div class=\"xs_social_share_widget xs_share_url after_content \t\tmain_content  wslu-style-1 wslu-share-box-shaped wslu-fill-colored wslu-none wslu-share-horizontal wslu-theme-font-no wslu-main_content\">\n\n\t\t\n        <ul>\n\t\t\t        <\/ul>\n    <\/div> \n","protected":false},"excerpt":{"rendered":"<p>NINO MIGLIORI A PALAZZO FAVA di Cinzia Busi Thompson, prima parte &nbsp; Dal 17 gennaio al 28 aprile 2013 si &hellip;<\/p>\n","protected":false},"author":15,"featured_media":4005,"comment_status":"open","ping_status":"open","sticky":false,"template":"","format":"standard","meta":{"_acf_changed":false,"footnotes":""},"categories":[7,20],"tags":[],"class_list":["post-4004","post","type-post","status-publish","format-standard","has-post-thumbnail","hentry","category-archivio","category-eventi-fotografici"],"acf":[],"_links":{"self":[{"href":"https:\/\/fiaf.net\/agoradicult\/wp-json\/wp\/v2\/posts\/4004","targetHints":{"allow":["GET"]}}],"collection":[{"href":"https:\/\/fiaf.net\/agoradicult\/wp-json\/wp\/v2\/posts"}],"about":[{"href":"https:\/\/fiaf.net\/agoradicult\/wp-json\/wp\/v2\/types\/post"}],"author":[{"embeddable":true,"href":"https:\/\/fiaf.net\/agoradicult\/wp-json\/wp\/v2\/users\/15"}],"replies":[{"embeddable":true,"href":"https:\/\/fiaf.net\/agoradicult\/wp-json\/wp\/v2\/comments?post=4004"}],"version-history":[{"count":0,"href":"https:\/\/fiaf.net\/agoradicult\/wp-json\/wp\/v2\/posts\/4004\/revisions"}],"wp:featuredmedia":[{"embeddable":true,"href":"https:\/\/fiaf.net\/agoradicult\/wp-json\/wp\/v2\/media\/4005"}],"wp:attachment":[{"href":"https:\/\/fiaf.net\/agoradicult\/wp-json\/wp\/v2\/media?parent=4004"}],"wp:term":[{"taxonomy":"category","embeddable":true,"href":"https:\/\/fiaf.net\/agoradicult\/wp-json\/wp\/v2\/categories?post=4004"},{"taxonomy":"post_tag","embeddable":true,"href":"https:\/\/fiaf.net\/agoradicult\/wp-json\/wp\/v2\/tags?post=4004"}],"curies":[{"name":"wp","href":"https:\/\/api.w.org\/{rel}","templated":true}]}}