{"id":4398,"date":"2013-06-30T21:00:35","date_gmt":"2013-06-30T19:00:35","guid":{"rendered":"https:\/\/fiaf.net\/agoradicult\/?p=4398"},"modified":"2013-06-30T21:00:35","modified_gmt":"2013-06-30T19:00:35","slug":"pausa-estiva-2","status":"publish","type":"post","link":"https:\/\/fiaf.net\/agoradicult\/2013\/06\/30\/pausa-estiva-2\/","title":{"rendered":"Pausa Estiva di AGORA&#039; DI CULT"},"content":{"rendered":"<figure id=\"attachment_4399\" aria-describedby=\"caption-attachment-4399\" style=\"width: 580px\" class=\"wp-caption aligncenter\"><a href=\"https:\/\/fiaf.net\/agoradicult\/wp-content\/uploads\/sites\/23\/2013\/06\/MG_5822CPausa-estiva.jpg\"><img loading=\"lazy\" decoding=\"async\" class=\"size-full wp-image-4399\" title=\"_MG_5822CPausa estiva\" src=\"https:\/\/fiaf.net\/agoradicult\/wp-content\/uploads\/sites\/23\/2013\/06\/MG_5822CPausa-estiva.jpg\" alt=\"\" width=\"580\" height=\"547\" srcset=\"https:\/\/fiaf.net\/agoradicult\/wp-content\/uploads\/sites\/23\/2013\/06\/MG_5822CPausa-estiva.jpg 580w, https:\/\/fiaf.net\/agoradicult\/wp-content\/uploads\/sites\/23\/2013\/06\/MG_5822CPausa-estiva-300x283.jpg 300w\" sizes=\"auto, (max-width: 580px) 100vw, 580px\" \/><\/a><figcaption id=\"caption-attachment-4399\" class=\"wp-caption-text\">Copertina del libro Pierluigi Rizzato Autore del\u2019Anno FIAF 2013<\/figcaption><\/figure>\n<p align=\"center\"><strong>Pausa Estiva di Agor\u00e0 Di Cult<\/strong><\/p>\n<p style=\"text-align: justify\">Vi consiglio un libro per le vostre vacanze. Pierluigi Rizzato \u00e8 tra i pi\u00f9 importanti fotografi italiani nel tema natura, la\u00a0<strong>FIAF<\/strong>\u00a0lo ha scelto come\u00a0<strong>Autore dell\u2019Anno 2013<\/strong>\u00a0dando cos\u00ec evidenza a un genere fotografico di grande importanza nello scenario concorsuale internazionale oltre che etico e culturale, vi ricordo che i fotografi naturalisti della\u00a0<strong>FIAF<\/strong>\u00a0sono stati pi\u00f9 volte &#8220;Campioni del mondo&#8221;\u00a0<strong>FIAP<\/strong>.<\/p>\n<p style=\"text-align: justify\">L&#8217;incontro personale con Pierluigi Rizzato mi ha consentito di riscoprire la &#8220;Coscienza naturalistica&#8221;, ecco alcuni brani del libro che ci introducono nel rapporto col mondo animale:<\/p>\n<p style=\"text-align: justify\">George Adamson (1906- 1989), inglese nato in India e vissuto in Sud Africa e Kenya, uno dei padri fondatori della conservazione della fauna\u00a0selvatica, negli ultimi istanti della propria vita affermava:<\/p>\n<p style=\"text-align: justify\"><em>&lt;&lt; Chi si prender\u00e0 cura degli animali, per quelli che non sono autosufficienti? Ci sono giovani uomini e giovani donne disposti ad assumere questo incarico?\u2028Chi far\u00e0 sentire la sua voce, quando la mia sar\u00e0 stata portata via dal vento, chi aiuter\u00e0 la causa?&gt;&gt;<\/em><\/p>\n<p style=\"text-align: justify\">L\u2019attuale pensiero occidentale nel rapportarsi con gli animali pone l\u2019accento verso il rispetto dell\u2019alterit\u00e0 animale, ad esempio il naturalista George Schaller (1933) afferma:<\/p>\n<p style=\"text-align: justify\"><em>&lt;&lt; Non dovremmo dover attribuire un valore ad animali ai quali i valori sono sconosciuti; dovremmo essere capaci di garantire la loro libert\u00e0 unicamente per amor loro, ma il pensiero umano ha appena cominciato ad avvicinarsi a un tale livello di moralit\u00e0.&gt;&gt;<a title=\"\" href=\"#_ftn1\"><strong>[1]<\/strong><\/a><\/em><\/p>\n<p style=\"text-align: justify\">L\u2019etologo Konrad Lorenz (1903- 1989) su questi rapporti con gli animali affermava: <em>&lt;&lt; Quando ci sentiamo toccati emotivamente dal comportamento di un animale, ci\u00f2 \u00e8 sicuro indicatore del fatto che abbiamo scoperto intuitivamente una somiglianza tra comportamento animale e umano. [&#8230;] L&#8217;accendersi della nostra risposta emotiva, della nostra \u00abcommozione\u00bb \u00e8 dunque un segno certo di una forte somiglianza tra comportamento animale e comportamento umano. &gt;&gt;<a title=\"\" href=\"#_ftn2\"><strong>[2]<\/strong><\/a><\/em><\/p>\n<p style=\"text-align: justify\">George Adamson, ucciso dai bracconieri, ha speso la sua vita perch\u00e9 diventasse realt\u00e0 concreta il suo pensiero di libert\u00e0 degli animali selvatici africani: <em>&lt;&lt; Un leone non \u00e8 un leone se non \u00e8 libero di mangiare, dormire e accoppiarsi. Merita di essere libero, di cacciare e di scegliere la sua preda, di cercare e trovare la sua compagna, di combattere per il suo territorio e di possederlo, di morire dove \u00e8 nato \u2013 nel suo ambiente naturale. Dovrebbe avere i medesimi diritti che abbiamo noi.&gt;&gt;<a title=\"\" href=\"#_ftn3\"><strong>[3]<\/strong><\/a><\/em><\/p>\n<p style=\"text-align: justify\"><strong>Potete acquistare il libro tra le numerose novit\u00e0 al \u00a0book shop della FIAF:<\/strong>\u00a0 <a href=\"http:\/\/shop.fiaf.net\">http:\/\/shop.fiaf.net<\/a><br \/>\nVi ricordo di utilizzare i Buono sconto che avete ricevuto col tesseramento.<\/p>\n<p>&nbsp;<\/p>\n<p style=\"text-align: center\">\u00a0<strong>Notizie del DIPARTIMENTO CULTURA FIAF<\/strong><\/p>\n<p style=\"text-align: justify\"><strong>Come l\u2019anno scorso anche quest\u2019anno nei mesi di Luglio, Agosto, Settembre le pubblicazioni rallenteranno il ritmo<\/strong>, fino ad essere anche a una sola pubblicazione settimanale nel mese di agosto, comunque sempre annunciate a mezzo e-mail. E\u2019 una pausa necessaria, sia a Massimo Mazzoli che a me perch\u00e8 siamo impegnati in diversi eventi, ma anche e soprattutto per consentirvi di elaborare quanto abbiamo fatto in questi mesi di avviamento, potete continuare a inviare i Commenti dei Post pubblicati.<\/p>\n<p style=\"text-align: justify\">Il normale ritmo di pubblicazione ricomincer\u00e0 a fine settembre.<\/p>\n<p style=\"text-align: justify\">In questi mesi preparate i vostri progetti per <strong>Agor\u00e0 Di Cult<\/strong> in modo che alla ripresa possiamo presentare un bel programma dai contenuti interessanti, inviatemi i vostri progetti. Non \u00e8 difficile trovare argomenti interessanti perch\u00e9 la Cultura Fotografica \u00e8 un mare ancora in gran parte da scoprire.<\/p>\n<p style=\"text-align: justify\"><strong>Le attivit\u00e0 di Luglio e Agosto<\/strong> in cui il Dipartimento Cultura \u00e8 stato chiamato a dare il proprio contributo sono le seguenti:<\/p>\n<p style=\"text-align: justify\">&#8211;\u00a0\u00a0\u00a0\u00a0\u00a0\u00a0 <strong>05, 06 e 07\/07\/72013, Sestri Levante (GE)<\/strong> \u2013 durante il\u00a0 <strong>\u201c7\u00b0 Portfolio al mare\u201d <\/strong>con lettura di portfolio, <strong>Face to Face <\/strong>e<strong> Photo Party<\/strong>.<\/p>\n<p style=\"text-align: justify\">Informazioni: <a href=\"http:\/\/www.associazionecarpediem.org\/penisola_di_luce.html\" target=\"_blank\" rel=\"noopener\">http:\/\/www.associazionecarpediem.org\/penisola_di_luce.html<\/a><\/p>\n<p style=\"text-align: justify\">&#8211;\u00a0\u00a0\u00a0\u00a0\u00a0\u00a0 <strong>19, 20 e 21\/07\/2013, Baselga di Pin\u00e8 (TN)<\/strong>, durante <strong>\u201c7\u00b0 TrentinoImmagini\u201d<\/strong> con lettura di Portfolio e <strong>Face to Face<\/strong>.<\/p>\n<p style=\"text-align: justify\">Informazioni Lorenza Biasetto: direzione@visitpinecembra.it \u00a0&#8211; \u00a0https:\/\/fiaf.net\/regioni\/trentino\/?p=559<\/p>\n<p style=\"text-align: justify\">&#8211;\u00a0\u00a0\u00a0\u00a0\u00a0\u00a0 <strong>30,31\/08 e 01\/09\/2013, Sassoferrato (AN)<\/strong>, durante <strong>\u201c4\u00b0 FacePhotoNews\u201d<\/strong> con lettura di Portfolio, <strong>Face to Face.<br \/>\n<\/strong>Informazioni: <a href=\"http:\/\/blog.marchefotografia.it\" target=\"_blank\" rel=\"noopener\">http:\/\/blog.marchefotografia.it<\/a><\/p>\n<p style=\"text-align: justify\">Con l\u2019augurio di incontrarci alle tante occasioni dei mesi estivi, ringrazio tutti per l\u2019entusiasmo, il sereno impegno e l\u2019autenticit\u00e0 dei rapporti umani che stiamo costruendo nel nostro <strong>Dipartimento Cultura FIAF<\/strong>.<\/p>\n<p style=\"text-align: justify\">Auguro a tutti una serena estate goduta tra i propri affetti e colma di momenti appaganti.<\/p>\n<p style=\"text-align: justify\">Silvano Bicocchi<br \/>\nDirettore del <strong>Dipartimento Cultura FIAF<\/strong><\/p>\n<div><\/div>\n<hr align=\"left\" size=\"1\" width=\"33%\" \/>\n<div>\n<a title=\"\" href=\"#_ftnref1\">[1]<\/a> Gareth Patterson, L\u2019uomo dei leoni \u2013 Ed. Piemme Pocket 2001\n<\/div>\n<div>\n<a title=\"\" href=\"#_ftnref2\">[2]<\/a> Konrad Lorenz, Io sono qui, tu dove sei?, op. cit. , p. 279.\n<\/div>\n<div>\n<a title=\"\" href=\"#_ftnref3\">[3]<\/a> Gareth Patterson, L\u2019uomo dei leoni \u2013 Ed. Piemme Pocket 2001\n<\/div>\n<p>&nbsp;<br \/>\n&nbsp;<br \/>\n&nbsp;<\/p>\n\n    <div class=\"xs_social_share_widget xs_share_url after_content \t\tmain_content  wslu-style-1 wslu-share-box-shaped wslu-fill-colored wslu-none wslu-share-horizontal wslu-theme-font-no wslu-main_content\">\n\n\t\t\n        <ul>\n\t\t\t        <\/ul>\n    <\/div> \n","protected":false},"excerpt":{"rendered":"<p>Pausa Estiva di Agor\u00e0 Di Cult Vi consiglio un libro per le vostre vacanze. Pierluigi Rizzato \u00e8 tra i pi\u00f9 &hellip;<\/p>\n","protected":false},"author":3,"featured_media":4399,"comment_status":"open","ping_status":"open","sticky":false,"template":"","format":"standard","meta":{"_acf_changed":false,"footnotes":""},"categories":[11],"tags":[],"class_list":["post-4398","post","type-post","status-publish","format-standard","has-post-thumbnail","hentry","category-comunicazioni-del-dipartimento"],"acf":[],"_links":{"self":[{"href":"https:\/\/fiaf.net\/agoradicult\/wp-json\/wp\/v2\/posts\/4398","targetHints":{"allow":["GET"]}}],"collection":[{"href":"https:\/\/fiaf.net\/agoradicult\/wp-json\/wp\/v2\/posts"}],"about":[{"href":"https:\/\/fiaf.net\/agoradicult\/wp-json\/wp\/v2\/types\/post"}],"author":[{"embeddable":true,"href":"https:\/\/fiaf.net\/agoradicult\/wp-json\/wp\/v2\/users\/3"}],"replies":[{"embeddable":true,"href":"https:\/\/fiaf.net\/agoradicult\/wp-json\/wp\/v2\/comments?post=4398"}],"version-history":[{"count":0,"href":"https:\/\/fiaf.net\/agoradicult\/wp-json\/wp\/v2\/posts\/4398\/revisions"}],"wp:featuredmedia":[{"embeddable":true,"href":"https:\/\/fiaf.net\/agoradicult\/wp-json\/wp\/v2\/media\/4399"}],"wp:attachment":[{"href":"https:\/\/fiaf.net\/agoradicult\/wp-json\/wp\/v2\/media?parent=4398"}],"wp:term":[{"taxonomy":"category","embeddable":true,"href":"https:\/\/fiaf.net\/agoradicult\/wp-json\/wp\/v2\/categories?post=4398"},{"taxonomy":"post_tag","embeddable":true,"href":"https:\/\/fiaf.net\/agoradicult\/wp-json\/wp\/v2\/tags?post=4398"}],"curies":[{"name":"wp","href":"https:\/\/api.w.org\/{rel}","templated":true}]}}