{"id":4415,"date":"2013-07-03T20:00:25","date_gmt":"2013-07-03T18:00:25","guid":{"rendered":"https:\/\/fiaf.net\/agoradicult\/?p=4415"},"modified":"2013-07-03T20:00:25","modified_gmt":"2013-07-03T18:00:25","slug":"peter-keetman-di-antonino-tutolo","status":"publish","type":"post","link":"https:\/\/fiaf.net\/agoradicult\/2013\/07\/03\/peter-keetman-di-antonino-tutolo\/","title":{"rendered":"Peter Keetman &#8211; di Antonino Tutolo"},"content":{"rendered":"<p style=\"text-align: center\"><strong>Peter Keetman &#8211; di Antonino Tutolo<\/strong><\/p>\n<p style=\"text-align: justify\">Il fotografo tedesco Peter Keetman (Elberfeld, 1913 &#8211; Marquartstein, 2005) \u00e8 uno dei principali rappresentanti della \u201cFotografie Subjektive\u201d (fotografia soggettiva) e membro e fondatore del gruppo Fotoform (ispirato al Bauhaus tedesco, la pi\u00f9 avanzata scuola di sperimentazione fotografica nella Germania tra le due guerre mondiali.) insieme ad Otto Steinert, Toni Schneiders, Siegfried Lauterwasser ed altri.<\/p>\n<p><a href=\"https:\/\/fiaf.net\/agoradicult\/wp-content\/uploads\/sites\/23\/2013\/07\/peter-keetman.jpg\"><img loading=\"lazy\" decoding=\"async\" class=\"aligncenter size-full wp-image-4417\" title=\"peter keetman\" src=\"https:\/\/fiaf.net\/agoradicult\/wp-content\/uploads\/sites\/23\/2013\/07\/peter-keetman.jpg\" alt=\"\" width=\"580\" height=\"283\" srcset=\"https:\/\/fiaf.net\/agoradicult\/wp-content\/uploads\/sites\/23\/2013\/07\/peter-keetman.jpg 580w, https:\/\/fiaf.net\/agoradicult\/wp-content\/uploads\/sites\/23\/2013\/07\/peter-keetman-300x146.jpg 300w\" sizes=\"auto, (max-width: 580px) 100vw, 580px\" \/><\/a><\/p>\n<p style=\"text-align: justify\">Dopo aver frequentato la Bayerische Staatslehranstalt f\u00fcr Lichtbildwesen a Monaco di Baviera, lavora nello studio del fotografo Hesse Gertrud a Duisburg e come fotografo industriale per la ditta di CH Schmeck ad Aquisgrana. Completa i suoi studi con Adolf Lazi (1884-1955) a Stoccarda nel 1948.<\/p>\n<p><a href=\"https:\/\/fiaf.net\/agoradicult\/wp-content\/uploads\/sites\/23\/2013\/07\/puzzle.jpg\"><img loading=\"lazy\" decoding=\"async\" class=\"aligncenter size-full wp-image-4418\" title=\"EPSON MFP image\" src=\"https:\/\/fiaf.net\/agoradicult\/wp-content\/uploads\/sites\/23\/2013\/07\/puzzle.jpg\" alt=\"\" width=\"580\" height=\"171\" srcset=\"https:\/\/fiaf.net\/agoradicult\/wp-content\/uploads\/sites\/23\/2013\/07\/puzzle.jpg 580w, https:\/\/fiaf.net\/agoradicult\/wp-content\/uploads\/sites\/23\/2013\/07\/puzzle-300x88.jpg 300w\" sizes=\"auto, (max-width: 580px) 100vw, 580px\" \/><\/a><\/p>\n<p style=\"text-align: justify\">Espone le sue opere nella prima Photokina nel 1950, dimostrandosi uno dei rappresentanti pi\u00f9 rigorosi e coerente della &#8216;Fotografie Subjektive&#8217;.<\/p>\n<p style=\"text-align: justify\">Preferisce fotografare in B\/N, impegnandosi in modo sperimentale sugli effetti di luce sul soggetto, su gocce d\u2019acqua, tubi e meccanismi, che vengono ripresi in modo astratto.<\/p>\n<p style=\"text-align: justify\"><a href=\"https:\/\/fiaf.net\/agoradicult\/wp-content\/uploads\/sites\/23\/2013\/07\/Peter_Keetmatubi.jpg\"><img loading=\"lazy\" decoding=\"async\" class=\"aligncenter size-full wp-image-4419\" title=\"Peter_Keetmatubi\" src=\"https:\/\/fiaf.net\/agoradicult\/wp-content\/uploads\/sites\/23\/2013\/07\/Peter_Keetmatubi.jpg\" alt=\"\" width=\"320\" height=\"400\" srcset=\"https:\/\/fiaf.net\/agoradicult\/wp-content\/uploads\/sites\/23\/2013\/07\/Peter_Keetmatubi.jpg 320w, https:\/\/fiaf.net\/agoradicult\/wp-content\/uploads\/sites\/23\/2013\/07\/Peter_Keetmatubi-240x300.jpg 240w\" sizes=\"auto, (max-width: 320px) 100vw, 320px\" \/><\/a><br \/>\nNella \u201cfotografia soggettiva\u201d teorizzata da Otto Steiner e seguita da Keetman la tematica realista si arricchisce di una nuova oggettivit\u00e0 (realismo magico); attribuendo all\u2019immagine, attraverso scelte personali, estetiche e ideologiche dell\u2019autore, significati che vanno al di l\u00e0 di quanto \u00e8 rappresentato nel soggetto, ambiente, paesaggio o persona, ed implicazioni diverse e pi\u00f9 profonde o inquietanti.<\/p>\n<p>\u00a0<a href=\"https:\/\/fiaf.net\/agoradicult\/wp-content\/uploads\/sites\/23\/2013\/07\/pkeetman5.jpg\"><img loading=\"lazy\" decoding=\"async\" class=\"aligncenter size-full wp-image-4420\" title=\"pkeetman5\" src=\"https:\/\/fiaf.net\/agoradicult\/wp-content\/uploads\/sites\/23\/2013\/07\/pkeetman5.jpg\" alt=\"\" width=\"580\" height=\"283\" srcset=\"https:\/\/fiaf.net\/agoradicult\/wp-content\/uploads\/sites\/23\/2013\/07\/pkeetman5.jpg 580w, https:\/\/fiaf.net\/agoradicult\/wp-content\/uploads\/sites\/23\/2013\/07\/pkeetman5-300x146.jpg 300w\" sizes=\"auto, (max-width: 580px) 100vw, 580px\" \/><\/a><\/p>\n<p style=\"text-align: justify\">\u00a0La fotografia soggettiva d\u00e0 notevole importanza all\u2019influenza che la visione del mondo dell\u2019autore pu\u00f2 apportare all\u2019immagine creata. E\u2019 un\u2019influenza che a livello inconscio normalmente gi\u00e0 condiziona qualsiasi attivit\u00e0 artistica, ma che, utilizzata a livello del conscio, porta l\u2019arte verso la ricerca della forma astratta, derivata sia dai modelli presenti in natura che dalle manipolazioni dell\u2019immagine in camera oscura.<\/p>\n<p style=\"text-align: justify\"><a href=\"https:\/\/fiaf.net\/agoradicult\/wp-content\/uploads\/sites\/23\/2013\/07\/picture2.jpeg\"><img loading=\"lazy\" decoding=\"async\" class=\"aligncenter size-full wp-image-4425\" title=\"picture2\" src=\"https:\/\/fiaf.net\/agoradicult\/wp-content\/uploads\/sites\/23\/2013\/07\/picture2.jpeg\" alt=\"\" width=\"360\" height=\"480\" srcset=\"https:\/\/fiaf.net\/agoradicult\/wp-content\/uploads\/sites\/23\/2013\/07\/picture2.jpeg 360w, https:\/\/fiaf.net\/agoradicult\/wp-content\/uploads\/sites\/23\/2013\/07\/picture2-225x300.jpeg 225w\" sizes=\"auto, (max-width: 360px) 100vw, 360px\" \/><\/a><\/p>\n<p style=\"text-align: justify\">Otto Steinert, infatti, ipotizza la \u201ccreazione fotografica assoluta\u201d, che \u201cnelle sue forme pi\u00f9 avanzate si libera di ogni riproduzione dell\u2019oggetto, o lo dematerializza grazie a variazioni del processo fotografico, o lo astrae dal punto di vista visivo fino a trasformarlo in un puro elemento costruttivo, in un elemento che fa parte della composizione\u201d<\/p>\n<p><a href=\"https:\/\/fiaf.net\/agoradicult\/wp-content\/uploads\/sites\/23\/2013\/07\/pkeetman31.jpg\"><img loading=\"lazy\" decoding=\"async\" class=\"aligncenter size-full wp-image-4424\" title=\"pkeetman3\" src=\"https:\/\/fiaf.net\/agoradicult\/wp-content\/uploads\/sites\/23\/2013\/07\/pkeetman31.jpg\" alt=\"\" width=\"580\" height=\"283\" srcset=\"https:\/\/fiaf.net\/agoradicult\/wp-content\/uploads\/sites\/23\/2013\/07\/pkeetman31.jpg 580w, https:\/\/fiaf.net\/agoradicult\/wp-content\/uploads\/sites\/23\/2013\/07\/pkeetman31-300x146.jpg 300w\" sizes=\"auto, (max-width: 580px) 100vw, 580px\" \/><\/a><\/p>\n<p style=\"text-align: justify\">L\u2019opera pi\u00f9 famosa di Keetman \u00e8 la raccolta di foto sperimentali denominata &#8220;gocce iridescenti d\u2019acqua&#8221;, una serie di quadri sistemici concepiti su temi che includono i primi piani di gocce d&#8217;acqua e di olio. Altro splendido lavoro \u00e8 \u201cVolkswagen: a Week at the Factory\u201d, realizzato nel 1953 negli stabilimenti della Wolkswagen.<\/p>\n<p style=\"text-align: justify\"><a href=\"https:\/\/fiaf.net\/agoradicult\/wp-content\/uploads\/sites\/23\/2013\/07\/gocce2.jpg\"><img loading=\"lazy\" decoding=\"async\" class=\"aligncenter size-full wp-image-4426\" title=\"gocce2\" src=\"https:\/\/fiaf.net\/agoradicult\/wp-content\/uploads\/sites\/23\/2013\/07\/gocce2.jpg\" alt=\"\" width=\"522\" height=\"188\" srcset=\"https:\/\/fiaf.net\/agoradicult\/wp-content\/uploads\/sites\/23\/2013\/07\/gocce2.jpg 522w, https:\/\/fiaf.net\/agoradicult\/wp-content\/uploads\/sites\/23\/2013\/07\/gocce2-300x108.jpg 300w\" sizes=\"auto, (max-width: 522px) 100vw, 522px\" \/><\/a><\/p>\n<p style=\"text-align: justify\"><strong>Antonino Tutolo<\/strong><\/p>\n\n    <div class=\"xs_social_share_widget xs_share_url after_content \t\tmain_content  wslu-style-1 wslu-share-box-shaped wslu-fill-colored wslu-none wslu-share-horizontal wslu-theme-font-no wslu-main_content\">\n\n\t\t\n        <ul>\n\t\t\t        <\/ul>\n    <\/div> \n","protected":false},"excerpt":{"rendered":"<p>Peter Keetman &#8211; di Antonino Tutolo Il fotografo tedesco Peter Keetman (Elberfeld, 1913 &#8211; Marquartstein, 2005) \u00e8 uno dei principali &hellip;<\/p>\n","protected":false},"author":15,"featured_media":4419,"comment_status":"open","ping_status":"open","sticky":false,"template":"","format":"standard","meta":{"_acf_changed":false,"footnotes":""},"categories":[7,19],"tags":[],"class_list":["post-4415","post","type-post","status-publish","format-standard","has-post-thumbnail","hentry","category-archivio","category-eventi-di-studio-della-fotografia"],"acf":[],"_links":{"self":[{"href":"https:\/\/fiaf.net\/agoradicult\/wp-json\/wp\/v2\/posts\/4415","targetHints":{"allow":["GET"]}}],"collection":[{"href":"https:\/\/fiaf.net\/agoradicult\/wp-json\/wp\/v2\/posts"}],"about":[{"href":"https:\/\/fiaf.net\/agoradicult\/wp-json\/wp\/v2\/types\/post"}],"author":[{"embeddable":true,"href":"https:\/\/fiaf.net\/agoradicult\/wp-json\/wp\/v2\/users\/15"}],"replies":[{"embeddable":true,"href":"https:\/\/fiaf.net\/agoradicult\/wp-json\/wp\/v2\/comments?post=4415"}],"version-history":[{"count":0,"href":"https:\/\/fiaf.net\/agoradicult\/wp-json\/wp\/v2\/posts\/4415\/revisions"}],"wp:featuredmedia":[{"embeddable":true,"href":"https:\/\/fiaf.net\/agoradicult\/wp-json\/wp\/v2\/media\/4419"}],"wp:attachment":[{"href":"https:\/\/fiaf.net\/agoradicult\/wp-json\/wp\/v2\/media?parent=4415"}],"wp:term":[{"taxonomy":"category","embeddable":true,"href":"https:\/\/fiaf.net\/agoradicult\/wp-json\/wp\/v2\/categories?post=4415"},{"taxonomy":"post_tag","embeddable":true,"href":"https:\/\/fiaf.net\/agoradicult\/wp-json\/wp\/v2\/tags?post=4415"}],"curies":[{"name":"wp","href":"https:\/\/api.w.org\/{rel}","templated":true}]}}