{"id":4629,"date":"2013-08-11T20:00:30","date_gmt":"2013-08-11T18:00:30","guid":{"rendered":"https:\/\/fiaf.net\/agoradicult\/?p=4629"},"modified":"2013-08-11T20:00:30","modified_gmt":"2013-08-11T18:00:30","slug":"rise-again-di-emanuele-broli-marco-ciccolella-laura-predolini","status":"publish","type":"post","link":"https:\/\/fiaf.net\/agoradicult\/2013\/08\/11\/rise-again-di-emanuele-broli-marco-ciccolella-laura-predolini\/","title":{"rendered":"\u201cRise again\u201d &#8211; di Emanuele Broli, Marco Ciccolella, Laura Predolini"},"content":{"rendered":"<p style=\"text-align: center\">\u00a0<strong>\u201cRise again\u201d <\/strong><\/p>\n<p style=\"text-align: center\"><strong>di Emanuele Broli, Marco Ciccolella, Laura Predolini<\/strong><\/p>\n<p style=\"text-align: justify\">Opera in mostra a Trentino Immagini 2013 Altopiano di Pin\u00e8.<\/p>\n<p style=\"text-align: justify\">Siamo Emanuele, Laura e Marco, tre amici appassionati da tempo di fotografia. In questi ultimi anni ci stiamo dedicando ad un progetto legato allo sport paralimpico. In qualit\u00e0 di fotografi accreditati, siamo stati alle Paralimpiadi di Vancouver e all\u2019ultima edizione di Londra (Emanuele anche a Pechino e Torino).<\/p>\n<p style=\"text-align: justify\">Abbiamo gi\u00e0 pubblicato il libro fotografico \u201cFace the Fight\u201d, dedicato all\u2019edizione invernale di Vancouver2010 ed \u00e8 ora in uscita il nostro secondo volume \u201cRise again\u201d, edito da Silvana editore.<\/p>\n<p style=\"text-align: justify\">La nostra intenzione \u00e8 quella di diffondere il pi\u00f9 possibile il messaggio positivo che questi atleti trasmettono attraverso la loro esperienza, appassionando non solo allo sport ma anche sensibilizzando la societ\u00e0 sulla diversit\u00e0. Spenta la fiamma paralimpica resta la quotidianit\u00e0. La disabilit\u00e0 pu\u00f2 entrare nella vita di tutti, anche per questo la societ\u00e0 deve essere pronta ad accoglierla. Ogni uomo ha diritto, per quanto possibile, alla propria libert\u00e0 di movimento e di relazione con gli altri. Saperla vedere permette di cancellare parte della disabilit\u00e0.<\/p>\n<p style=\"text-align: justify\">Da questa esperienza, dalla condivisione di obiettivi professionali e da una stretta amicizia nasce NESSUNO[press], un collettivo di fotografi dediti al reportage.<\/p>\n<p style=\"text-align: justify\"><a href=\"http:\/\/www.nessunopress.it\" target=\"_blank\" rel=\"noopener\">www.nessunopress.it<\/a><\/p>\n\n\n    <div class=\"xs_social_share_widget xs_share_url after_content \t\tmain_content  wslu-style-1 wslu-share-box-shaped wslu-fill-colored wslu-none wslu-share-horizontal wslu-theme-font-no wslu-main_content\">\n\n\t\t\n        <ul>\n\t\t\t        <\/ul>\n    <\/div> \n","protected":false},"excerpt":{"rendered":"<p>\u00a0\u201cRise again\u201d di Emanuele Broli, Marco Ciccolella, Laura Predolini Opera in mostra a Trentino Immagini 2013 Altopiano di Pin\u00e8. Siamo &hellip;<\/p>\n","protected":false},"author":15,"featured_media":4632,"comment_status":"open","ping_status":"open","sticky":false,"template":"","format":"standard","meta":{"_acf_changed":false,"footnotes":""},"categories":[7,17],"tags":[],"class_list":["post-4629","post","type-post","status-publish","format-standard","has-post-thumbnail","hentry","category-archivio","category-dai-tavoli-di-portfolio"],"acf":[],"_links":{"self":[{"href":"https:\/\/fiaf.net\/agoradicult\/wp-json\/wp\/v2\/posts\/4629","targetHints":{"allow":["GET"]}}],"collection":[{"href":"https:\/\/fiaf.net\/agoradicult\/wp-json\/wp\/v2\/posts"}],"about":[{"href":"https:\/\/fiaf.net\/agoradicult\/wp-json\/wp\/v2\/types\/post"}],"author":[{"embeddable":true,"href":"https:\/\/fiaf.net\/agoradicult\/wp-json\/wp\/v2\/users\/15"}],"replies":[{"embeddable":true,"href":"https:\/\/fiaf.net\/agoradicult\/wp-json\/wp\/v2\/comments?post=4629"}],"version-history":[{"count":0,"href":"https:\/\/fiaf.net\/agoradicult\/wp-json\/wp\/v2\/posts\/4629\/revisions"}],"wp:featuredmedia":[{"embeddable":true,"href":"https:\/\/fiaf.net\/agoradicult\/wp-json\/wp\/v2\/media\/4632"}],"wp:attachment":[{"href":"https:\/\/fiaf.net\/agoradicult\/wp-json\/wp\/v2\/media?parent=4629"}],"wp:term":[{"taxonomy":"category","embeddable":true,"href":"https:\/\/fiaf.net\/agoradicult\/wp-json\/wp\/v2\/categories?post=4629"},{"taxonomy":"post_tag","embeddable":true,"href":"https:\/\/fiaf.net\/agoradicult\/wp-json\/wp\/v2\/tags?post=4629"}],"curies":[{"name":"wp","href":"https:\/\/api.w.org\/{rel}","templated":true}]}}