{"id":5081,"date":"2013-10-31T22:42:00","date_gmt":"2013-10-31T20:42:00","guid":{"rendered":"https:\/\/fiaf.net\/agoradicult\/?p=5081"},"modified":"2013-10-31T22:42:00","modified_gmt":"2013-10-31T20:42:00","slug":"il-calotipo-i-miei-esperimenti-seconda-parte-di-enrico-maddalena","status":"publish","type":"post","link":"https:\/\/fiaf.net\/agoradicult\/2013\/10\/31\/il-calotipo-i-miei-esperimenti-seconda-parte-di-enrico-maddalena\/","title":{"rendered":"Il calotipo: I miei esperimenti &#8211; Seconda parte, di Enrico Maddalena"},"content":{"rendered":"<p style=\"text-align: center\"><strong>\u00a0Il calotipo: I miei esperimenti &#8211; Seconda parte, di Enrico Maddalena<\/strong><\/p>\n<p>&nbsp;<\/p>\n<p style=\"text-align: justify\">12 aprile 2007. \u201cQuesta mattina sarei dovuto andare all\u2019Aquila alla facolt\u00e0 di Scienze Motorie a tenere una lezione, ma i ragazzi non c\u2019erano (hanno prolungato le vacanze) e sono rimasto ad Avezzano. Ho utilizzato la mattinata per un nuovo calotipo: un secondo ritratto. Mi sono seduto con l\u2019orologio in mano e sono rimasto in posa per tre minuti. Troppi! Nella bacinella l\u2019immagine \u00e8 comparsa subito e, mentre la sciacquavo precipitosamente sotto il rubinetto e la passavo quindi al fissaggio, ha continuato ad annerirsi.<\/p>\n<p style=\"text-align: justify\">Perbacco, ho problemi di sovraesposizione e debbo accorciare la posa! Non mi sembra vero, abituato come ero a tempi di ore con l\u2019annerimento diretto\u201d.<\/p>\n<p style=\"text-align: justify\"><a href=\"https:\/\/fiaf.net\/agoradicult\/wp-content\/uploads\/sites\/23\/2013\/10\/1_13aprile.jpg\"><img loading=\"lazy\" decoding=\"async\" class=\"aligncenter size-full wp-image-5082\" title=\"1_13aprile\" src=\"https:\/\/fiaf.net\/agoradicult\/wp-content\/uploads\/sites\/23\/2013\/10\/1_13aprile.jpg\" alt=\"\" width=\"580\" height=\"590\" srcset=\"https:\/\/fiaf.net\/agoradicult\/wp-content\/uploads\/sites\/23\/2013\/10\/1_13aprile.jpg 580w, https:\/\/fiaf.net\/agoradicult\/wp-content\/uploads\/sites\/23\/2013\/10\/1_13aprile-295x300.jpg 295w\" sizes=\"auto, (max-width: 580px) 100vw, 580px\" \/><\/a><\/p>\n<p style=\"text-align: justify\">13 aprile 2007. \u201cAppena tornato da scuola, ho esposto il 30\u00b0 calotipo, sperimentando anche un nuovo cartoncino, piuttosto rigido e liscio da un lato, rigato dall\u2019altro. L\u2019intenzione era quella di ottenete una migliore definizione rispetto alla carta per acquerelli rugosa e porosa. Appena ho iniziato a passare il pennello con il nitrato d\u2019argento, mi sono accorto che la soluzione era praticamente finita. Mi sono quindi precipitato a prenderne di fresca ed ho ripreso le passate col pennello. Solo che questa interruzione e ripresa compare sull\u2019immagine. Il cielo era intensamente velato, quindi ho esposto per due minuti. Decisamente troppi anche questa volta. Immersa in acido gallico, l\u2019immagine \u00e8 comparsa immediatamente e, bench\u00e9 mi precipitassi a sciacquarla e fissarla, si \u00e8 scurita troppo. Sovraesposizione e sottosviluppo: mancano i neri pieni, ma tutta l\u2019immagine ha una tinta marrone.<\/p>\n<p style=\"text-align: justify\">Prese le figlie dalla scuola, in attesa che mia moglie ci chiamasse per il pranzo, ho sensibilizzato un altro foglio (la solita carta per acquerelli) ed ho esposto per 40 secondi. A giudicare dal tempo di comparsa dell\u2019immagine, potrei diminuire ancora l\u2019esposizione (o aumentare l\u2019acido acetico nel bagno rivelatore). Mi sto avvicinando all\u2019istantanea?<\/p>\n<p style=\"text-align: justify\">Questo 31\u00b0 calotipo stavolta \u00e8 decisamente buono. L\u2019immagine \u00e8 nitida e si vedono perfino i raggi delle ruote. Anche i due alberelli di alloro sono ben delineati.\u201d<\/p>\n<p><a href=\"https:\/\/fiaf.net\/agoradicult\/wp-content\/uploads\/sites\/23\/2013\/10\/2_16aprile.jpg\"><img loading=\"lazy\" decoding=\"async\" class=\"aligncenter size-full wp-image-5083\" title=\"2_16aprile\" src=\"https:\/\/fiaf.net\/agoradicult\/wp-content\/uploads\/sites\/23\/2013\/10\/2_16aprile.jpg\" alt=\"\" width=\"580\" height=\"599\" srcset=\"https:\/\/fiaf.net\/agoradicult\/wp-content\/uploads\/sites\/23\/2013\/10\/2_16aprile.jpg 580w, https:\/\/fiaf.net\/agoradicult\/wp-content\/uploads\/sites\/23\/2013\/10\/2_16aprile-290x300.jpg 290w\" sizes=\"auto, (max-width: 580px) 100vw, 580px\" \/><\/a><br \/>\n&nbsp;<br \/>\n16 aprile 2007. \u201cAnche oggi, tornando da scuola e nell\u2019attesa del pranzo, approfittando di uno splendido sole, ho chiesto alle mie due figlie di posare per un calotipo. L\u2019esposizione \u00e8 stata di un minuto e 10 secondi, esposizione stimata \u201ca naso\u201d, d\u2019altra parte nell\u2019Ottocento non avevano ancora inventato gli esposimetri. Questa volta il risultato \u00e8 buono. Nell\u2019acido gallico l\u2019immagine \u00e8 cominciata a rendersi visibile dopo un minuto ed ha continuato ad intensificarsi molto lentamente. Il negativo ha quindi raggiunto un buon grado di contrasto. Patrizia (in primo piano) e Simona sono sedute sulle scale che danno sul giardino. Si nota anche l\u2019ombra del braccio di Patrizia sul pantalone bianco. Come \u00e8 naturale, si nota la granulosit\u00e0 della carta per acquerello. Per migliorare la lettura dei dettagli, dovrei provare con un cartoncino pi\u00f9 liscio.\u201d<br \/>\n<a href=\"https:\/\/fiaf.net\/agoradicult\/wp-content\/uploads\/sites\/23\/2013\/10\/3_20aprile.jpg\"><img loading=\"lazy\" decoding=\"async\" class=\"aligncenter size-full wp-image-5084\" title=\"3_20aprile\" src=\"https:\/\/fiaf.net\/agoradicult\/wp-content\/uploads\/sites\/23\/2013\/10\/3_20aprile.jpg\" alt=\"\" width=\"580\" height=\"498\" srcset=\"https:\/\/fiaf.net\/agoradicult\/wp-content\/uploads\/sites\/23\/2013\/10\/3_20aprile.jpg 580w, https:\/\/fiaf.net\/agoradicult\/wp-content\/uploads\/sites\/23\/2013\/10\/3_20aprile-300x258.jpg 300w\" sizes=\"auto, (max-width: 580px) 100vw, 580px\" \/><\/a><\/p>\n<p style=\"text-align: justify\">20 aprile 2007. \u201cEra proprio come pensavo: sviluppo invecchiato. Ho gettato tutto e ne ho preparato di fresco. Ho poi ripetuto l\u2019esposizione per lo stesso soggetto (un minuto e mezzo), utilizzando un cartoncino da disegno liscio. Mi ricordavo infatti di una delle prime immagini ad annerimento diretto venute molto nitide, anche se non uniformi, grazie alla superficie liscia.<\/p>\n<p style=\"text-align: justify\">Ho bagnato per bene il cartoncino e, quando si \u00e8 asciutto, ho passato a pennello le due solite soluzioni. Nello sviluppo (limpidissimo) l\u2019immagine si \u00e8 formata gradualmente prendendo forza. I neri sono neri e non tendenti al marroncino e c\u2019\u00e8 un buon contrasto. La distribuzione del sale sensibile non \u00e8 risultata molto uniforme e fin\u2019ora, per quanto riguarda l\u2019uniformit\u00e0 dell\u2019assorbimento delle soluzioni, niente \u00e8 riuscito a superare il cartoncino per acquerelli. Si distingue bene l\u2019albero, i cui rami non sono molto nitidi a causa di una leggera brezza che li ha agitati tutto il tempo. Si nota anche l\u2019edera sul muro ed in basso la trama delle betonelle.\u201d<\/p>\n<p><a href=\"https:\/\/fiaf.net\/agoradicult\/wp-content\/uploads\/sites\/23\/2013\/10\/4_22-aprile.jpg\"><img loading=\"lazy\" decoding=\"async\" class=\"aligncenter size-full wp-image-5085\" title=\"4_22 aprile\" src=\"https:\/\/fiaf.net\/agoradicult\/wp-content\/uploads\/sites\/23\/2013\/10\/4_22-aprile.jpg\" alt=\"\" width=\"580\" height=\"623\" srcset=\"https:\/\/fiaf.net\/agoradicult\/wp-content\/uploads\/sites\/23\/2013\/10\/4_22-aprile.jpg 580w, https:\/\/fiaf.net\/agoradicult\/wp-content\/uploads\/sites\/23\/2013\/10\/4_22-aprile-279x300.jpg 279w\" sizes=\"auto, (max-width: 580px) 100vw, 580px\" \/><\/a><\/p>\n<p style=\"text-align: justify\">22 aprile 2007. \u201cQuesta mattina ho prodotto il mio 38\u00b0 e 39\u00b0 calotipo. Star fermi, immobili per due minuti, non \u00e8 cosa facile. L\u2019ho provato di persona.\u201d<\/p>\n<p style=\"text-align: justify\">\n<p style=\"text-align: justify\">Immagini:<\/p>\n<p style=\"text-align: justify\">1) 13aprile.jpg: \u201cIl calotipo del 13 aprile\u201d<\/p>\n<p style=\"text-align: justify\">2) 16aprile.jpg: \u201cRitratto a Simona e Patrizia\u201d<\/p>\n<p style=\"text-align: justify\">3) 20aprile.jpg: \u201cLo storico muretto della prima foto\u201d<\/p>\n<p>4) 22aprile.jpg: \u201cIl mio autoritratto del 22 aprile\u201d<br \/>\n&nbsp;<br \/>\n&nbsp;<br \/>\n&nbsp;<\/p>\n\n    <div class=\"xs_social_share_widget xs_share_url after_content \t\tmain_content  wslu-style-1 wslu-share-box-shaped wslu-fill-colored wslu-none wslu-share-horizontal wslu-theme-font-no wslu-main_content\">\n\n\t\t\n        <ul>\n\t\t\t        <\/ul>\n    <\/div> \n","protected":false},"excerpt":{"rendered":"<p>\u00a0Il calotipo: I miei esperimenti &#8211; Seconda parte, di Enrico Maddalena &nbsp; 12 aprile 2007. \u201cQuesta mattina sarei dovuto andare &hellip;<\/p>\n","protected":false},"author":15,"featured_media":5085,"comment_status":"open","ping_status":"open","sticky":false,"template":"","format":"standard","meta":{"_acf_changed":false,"footnotes":""},"categories":[7,19],"tags":[],"class_list":["post-5081","post","type-post","status-publish","format-standard","has-post-thumbnail","hentry","category-archivio","category-eventi-di-studio-della-fotografia"],"acf":[],"_links":{"self":[{"href":"https:\/\/fiaf.net\/agoradicult\/wp-json\/wp\/v2\/posts\/5081","targetHints":{"allow":["GET"]}}],"collection":[{"href":"https:\/\/fiaf.net\/agoradicult\/wp-json\/wp\/v2\/posts"}],"about":[{"href":"https:\/\/fiaf.net\/agoradicult\/wp-json\/wp\/v2\/types\/post"}],"author":[{"embeddable":true,"href":"https:\/\/fiaf.net\/agoradicult\/wp-json\/wp\/v2\/users\/15"}],"replies":[{"embeddable":true,"href":"https:\/\/fiaf.net\/agoradicult\/wp-json\/wp\/v2\/comments?post=5081"}],"version-history":[{"count":0,"href":"https:\/\/fiaf.net\/agoradicult\/wp-json\/wp\/v2\/posts\/5081\/revisions"}],"wp:featuredmedia":[{"embeddable":true,"href":"https:\/\/fiaf.net\/agoradicult\/wp-json\/wp\/v2\/media\/5085"}],"wp:attachment":[{"href":"https:\/\/fiaf.net\/agoradicult\/wp-json\/wp\/v2\/media?parent=5081"}],"wp:term":[{"taxonomy":"category","embeddable":true,"href":"https:\/\/fiaf.net\/agoradicult\/wp-json\/wp\/v2\/categories?post=5081"},{"taxonomy":"post_tag","embeddable":true,"href":"https:\/\/fiaf.net\/agoradicult\/wp-json\/wp\/v2\/tags?post=5081"}],"curies":[{"name":"wp","href":"https:\/\/api.w.org\/{rel}","templated":true}]}}