{"id":5169,"date":"2013-11-10T20:04:45","date_gmt":"2013-11-10T18:04:45","guid":{"rendered":"https:\/\/fiaf.net\/agoradicult\/?p=5169"},"modified":"2013-11-10T20:04:45","modified_gmt":"2013-11-10T18:04:45","slug":"gustavo-millozzi-identikit-dautore","status":"publish","type":"post","link":"https:\/\/fiaf.net\/agoradicult\/2013\/11\/10\/gustavo-millozzi-identikit-dautore\/","title":{"rendered":"Gustavo Millozzi \u2013 Identikit d\u2019autore"},"content":{"rendered":"<p style=\"text-align: center\"><strong>Gustavo Millozzi \u2013 Identikit d\u2019autore<\/strong><\/p>\n<p>&nbsp;<\/p>\n<p style=\"text-align: justify\">Non credevo, pur essendo abituato a parlare ed a scrivere di altri, che autopresentarsi risultasse cos\u00ec difficile. Cosa dire di me? Certo non posso farmi un&#8217;autocritica n\u00e8 un autoincensamento.\u00a0 Sar\u00e0 questa pertanto una breve storia (una completa biografia pu\u00f2 essere trovata sul mio sito internet <a href=\"http:\/\/www.gustavomillozzi.it\" target=\"_blank\" rel=\"noopener\">http:\/\/www.gustavomillozzi.it<\/a>) di come mi sono addentrato nel mondo della fotografia, quali sono stati i miei maestri, i miei trascorsi e le mie scelte.<\/p>\n<figure id=\"attachment_5170\" aria-describedby=\"caption-attachment-5170\" style=\"width: 580px\" class=\"wp-caption aligncenter\"><a href=\"https:\/\/fiaf.net\/agoradicult\/wp-content\/uploads\/sites\/23\/2013\/11\/010_Bimbi-veneziani-n.4-1958.jpg\"><img loading=\"lazy\" decoding=\"async\" class=\"size-full wp-image-5170\" title=\"010_Bimbi veneziani n.4 (1958)\" src=\"https:\/\/fiaf.net\/agoradicult\/wp-content\/uploads\/sites\/23\/2013\/11\/010_Bimbi-veneziani-n.4-1958.jpg\" alt=\"\" width=\"580\" height=\"387\" srcset=\"https:\/\/fiaf.net\/agoradicult\/wp-content\/uploads\/sites\/23\/2013\/11\/010_Bimbi-veneziani-n.4-1958.jpg 580w, https:\/\/fiaf.net\/agoradicult\/wp-content\/uploads\/sites\/23\/2013\/11\/010_Bimbi-veneziani-n.4-1958-300x200.jpg 300w\" sizes=\"auto, (max-width: 580px) 100vw, 580px\" \/><\/a><figcaption id=\"caption-attachment-5170\" class=\"wp-caption-text\">Bimbi veneziani n.4 (1958)<\/figcaption><\/figure>\n<figure id=\"attachment_5171\" aria-describedby=\"caption-attachment-5171\" style=\"width: 580px\" class=\"wp-caption aligncenter\"><a href=\"https:\/\/fiaf.net\/agoradicult\/wp-content\/uploads\/sites\/23\/2013\/11\/020_-Bimbi-veneziani-n.2-1958.jpg\"><img loading=\"lazy\" decoding=\"async\" class=\"size-full wp-image-5171\" title=\"020_ Bimbi veneziani n.2 (1958)\" src=\"https:\/\/fiaf.net\/agoradicult\/wp-content\/uploads\/sites\/23\/2013\/11\/020_-Bimbi-veneziani-n.2-1958.jpg\" alt=\"\" width=\"580\" height=\"387\" srcset=\"https:\/\/fiaf.net\/agoradicult\/wp-content\/uploads\/sites\/23\/2013\/11\/020_-Bimbi-veneziani-n.2-1958.jpg 580w, https:\/\/fiaf.net\/agoradicult\/wp-content\/uploads\/sites\/23\/2013\/11\/020_-Bimbi-veneziani-n.2-1958-300x200.jpg 300w\" sizes=\"auto, (max-width: 580px) 100vw, 580px\" \/><\/a><figcaption id=\"caption-attachment-5171\" class=\"wp-caption-text\">Bimbi veneziani n.2 (1958)<\/figcaption><\/figure>\n&nbsp;<\/p>\n<p style=\"text-align: justify\">Nel 1957 abitavo a Venezia e l\u00ec iniziai a frequentare il Circolo Fotografico &#8220;La Gondola&#8221; dove conobbi e frequentai Paolo Monti, Gianni Berengo Gardin, Fulvio Roiter, Giuseppe Bruno, Sergio del Pero e tanti altri fotografi con i quali condivisi la mia passione e che mi furono amici e maestri. Conobbi in quel periodo, subendone l&#8217;influenza, la fotografia tedesca, francese e belga nonch\u00e9 la produzione dei maggiori autori della fotografia mondiale che arrivava a Venezia alle varie mostre allestite da &#8220;La Gondola&#8221; con la collaborazione di Romeo Martinez. Iniziai a partecipare alla vita attiva di quel circolo (ne fui anche segretario) ed a partecipare con successo a mostre ed a concorsi fotografici ottenendo cos\u00ec nel 1961 l&#8217;onorificenza AFIAP.<\/p>\n<figure id=\"attachment_5172\" aria-describedby=\"caption-attachment-5172\" style=\"width: 580px\" class=\"wp-caption aligncenter\"><a href=\"https:\/\/fiaf.net\/agoradicult\/wp-content\/uploads\/sites\/23\/2013\/11\/030_Colombi-e-neve-1960.jpg\"><img loading=\"lazy\" decoding=\"async\" class=\"size-full wp-image-5172\" title=\"030_Colombi e neve (1960)\" src=\"https:\/\/fiaf.net\/agoradicult\/wp-content\/uploads\/sites\/23\/2013\/11\/030_Colombi-e-neve-1960.jpg\" alt=\"\" width=\"580\" height=\"829\" srcset=\"https:\/\/fiaf.net\/agoradicult\/wp-content\/uploads\/sites\/23\/2013\/11\/030_Colombi-e-neve-1960.jpg 580w, https:\/\/fiaf.net\/agoradicult\/wp-content\/uploads\/sites\/23\/2013\/11\/030_Colombi-e-neve-1960-210x300.jpg 210w\" sizes=\"auto, (max-width: 580px) 100vw, 580px\" \/><\/a><figcaption id=\"caption-attachment-5172\" class=\"wp-caption-text\">Colombi e neve (1960)<\/figcaption><\/figure>\n<figure id=\"attachment_5173\" aria-describedby=\"caption-attachment-5173\" style=\"width: 580px\" class=\"wp-caption aligncenter\"><a href=\"https:\/\/fiaf.net\/agoradicult\/wp-content\/uploads\/sites\/23\/2013\/11\/040_Ritratto-con-collana-1960.jpg\"><img loading=\"lazy\" decoding=\"async\" class=\"size-full wp-image-5173\" title=\"040_Ritratto con collana (1960)\" src=\"https:\/\/fiaf.net\/agoradicult\/wp-content\/uploads\/sites\/23\/2013\/11\/040_Ritratto-con-collana-1960.jpg\" alt=\"\" width=\"580\" height=\"829\" srcset=\"https:\/\/fiaf.net\/agoradicult\/wp-content\/uploads\/sites\/23\/2013\/11\/040_Ritratto-con-collana-1960.jpg 580w, https:\/\/fiaf.net\/agoradicult\/wp-content\/uploads\/sites\/23\/2013\/11\/040_Ritratto-con-collana-1960-210x300.jpg 210w\" sizes=\"auto, (max-width: 580px) 100vw, 580px\" \/><\/a><figcaption id=\"caption-attachment-5173\" class=\"wp-caption-text\">Ritratto con collana (1960)<\/figcaption><\/figure>\n<figure id=\"attachment_5174\" aria-describedby=\"caption-attachment-5174\" style=\"width: 580px\" class=\"wp-caption aligncenter\"><a href=\"https:\/\/fiaf.net\/agoradicult\/wp-content\/uploads\/sites\/23\/2013\/11\/050_Ciacole-in-fondamenta-1961.jpg\"><img loading=\"lazy\" decoding=\"async\" class=\"size-full wp-image-5174\" title=\"050_Ciacole in fondamenta (1961)\" src=\"https:\/\/fiaf.net\/agoradicult\/wp-content\/uploads\/sites\/23\/2013\/11\/050_Ciacole-in-fondamenta-1961.jpg\" alt=\"\" width=\"580\" height=\"387\" srcset=\"https:\/\/fiaf.net\/agoradicult\/wp-content\/uploads\/sites\/23\/2013\/11\/050_Ciacole-in-fondamenta-1961.jpg 580w, https:\/\/fiaf.net\/agoradicult\/wp-content\/uploads\/sites\/23\/2013\/11\/050_Ciacole-in-fondamenta-1961-300x200.jpg 300w\" sizes=\"auto, (max-width: 580px) 100vw, 580px\" \/><\/a><figcaption id=\"caption-attachment-5174\" class=\"wp-caption-text\">Ciacole in fondamenta (1961)<\/figcaption><\/figure>\n<p style=\"text-align: justify\">\u00a0Proprio nel 1961 mi trasferii con la famiglia a Padova e l&#8217;anno dopo fui promotore della costituzione del Fotoclub Padova, divenuto quindi uno dei pi\u00f9 attivi circoli fotografici italiani (e che nel 1975 organizz\u00f2 il il Congresso del Giubileo della FIAP), nell&#8217;ambito del quale continuai la mia attivit\u00e0 (nel 1968 mi fu concessa l&#8217;onorificenza EFIAP, nel 1975 quella di HonEFIAP, nel 1982, primo in Italia, quella di MFIAP nonch\u00e8 nel 2005 quella di SemFIAF) e nel quale confluirono e si formarono altri numerosi appassionati.<\/p>\n<figure id=\"attachment_5175\" aria-describedby=\"caption-attachment-5175\" style=\"width: 580px\" class=\"wp-caption aligncenter\"><a href=\"https:\/\/fiaf.net\/agoradicult\/wp-content\/uploads\/sites\/23\/2013\/11\/060_Composizione-n.20-1961.jpg\"><img loading=\"lazy\" decoding=\"async\" class=\"size-full wp-image-5175\" title=\"060_Composizione n.20 (1961)\" src=\"https:\/\/fiaf.net\/agoradicult\/wp-content\/uploads\/sites\/23\/2013\/11\/060_Composizione-n.20-1961.jpg\" alt=\"\" width=\"580\" height=\"829\" srcset=\"https:\/\/fiaf.net\/agoradicult\/wp-content\/uploads\/sites\/23\/2013\/11\/060_Composizione-n.20-1961.jpg 580w, https:\/\/fiaf.net\/agoradicult\/wp-content\/uploads\/sites\/23\/2013\/11\/060_Composizione-n.20-1961-210x300.jpg 210w\" sizes=\"auto, (max-width: 580px) 100vw, 580px\" \/><\/a><figcaption id=\"caption-attachment-5175\" class=\"wp-caption-text\">Composizione n.20 (1961)<\/figcaption><\/figure>\n<figure id=\"attachment_5176\" aria-describedby=\"caption-attachment-5176\" style=\"width: 580px\" class=\"wp-caption aligncenter\"><a href=\"https:\/\/fiaf.net\/agoradicult\/wp-content\/uploads\/sites\/23\/2013\/11\/070_Montenapoleone-1961.jpg\"><img loading=\"lazy\" decoding=\"async\" class=\"size-full wp-image-5176\" title=\"070_Montenapoleone (1961)\" src=\"https:\/\/fiaf.net\/agoradicult\/wp-content\/uploads\/sites\/23\/2013\/11\/070_Montenapoleone-1961.jpg\" alt=\"\" width=\"580\" height=\"773\" srcset=\"https:\/\/fiaf.net\/agoradicult\/wp-content\/uploads\/sites\/23\/2013\/11\/070_Montenapoleone-1961.jpg 580w, https:\/\/fiaf.net\/agoradicult\/wp-content\/uploads\/sites\/23\/2013\/11\/070_Montenapoleone-1961-225x300.jpg 225w\" sizes=\"auto, (max-width: 580px) 100vw, 580px\" \/><\/a><figcaption id=\"caption-attachment-5176\" class=\"wp-caption-text\">Montenapoleone (1961)<\/figcaption><\/figure>\n<figure id=\"attachment_5177\" aria-describedby=\"caption-attachment-5177\" style=\"width: 580px\" class=\"wp-caption aligncenter\"><a href=\"https:\/\/fiaf.net\/agoradicult\/wp-content\/uploads\/sites\/23\/2013\/11\/080_Fondamenta-Ognissanti-1964.jpg\"><img loading=\"lazy\" decoding=\"async\" class=\"size-full wp-image-5177\" title=\"080_Fondamenta Ognissanti (1964)\" src=\"https:\/\/fiaf.net\/agoradicult\/wp-content\/uploads\/sites\/23\/2013\/11\/080_Fondamenta-Ognissanti-1964.jpg\" alt=\"\" width=\"580\" height=\"870\" srcset=\"https:\/\/fiaf.net\/agoradicult\/wp-content\/uploads\/sites\/23\/2013\/11\/080_Fondamenta-Ognissanti-1964.jpg 580w, https:\/\/fiaf.net\/agoradicult\/wp-content\/uploads\/sites\/23\/2013\/11\/080_Fondamenta-Ognissanti-1964-200x300.jpg 200w\" sizes=\"auto, (max-width: 580px) 100vw, 580px\" \/><\/a><figcaption id=\"caption-attachment-5177\" class=\"wp-caption-text\">Fondamenta Ognissanti (1964)<\/figcaption><\/figure>\n<p style=\"text-align: justify\">\u00a0Nel 1976 lasciai la presidenza del Fotoclub Padova dovendo seguire gli impegni sempre pi\u00f9 gravosi assunti nell&#8217;ambito della FIAF, nella quale coprii quindi nel tempo diversi incarichi, nonch\u00e9 della FIAP ove fui anche eletto vice-presidente effettivo dal 1979 al 1987.<\/p>\n<p style=\"text-align: justify\">Nel 1991 ho fondato il Gruppo Fotografico Antenore del quale nel 2012 ho lasciato la presidenza dal 1993 al 2003 ho organizzato le undici edizioni di Fotopadova, manifestazione che, negli ampi spazi della Fiera di Padova, ospitava mostre, dibattiti, incontri, il premio &#8220;Dietro l&#8217;obiettivo una vita&#8221;\u00a0 ed al miglior libro fotografico dell&#8217;anno ed un ampio mercato dell&#8217;usato nonch\u00e9 altri eventi sempre legati al mondo della fotografia.<\/p>\n<p style=\"text-align: justify\">Ho collaborato e collaboro attualmente a vario titolo con le istituzioni ed in tale ruolo sono stato sino al 2004 presidente della Consulta del Centro Nazionale di Fotografia promosso nell&#8217;anno 2000 dall&#8217;Assessorato alla Cultura del Comune di Padova; organizzo e curo eventi e scritti sulla fotografia con funzione di storico e critico facendo anche parte di giurie del settore.<\/p>\n<figure id=\"attachment_5178\" aria-describedby=\"caption-attachment-5178\" style=\"width: 580px\" class=\"wp-caption aligncenter\"><a href=\"https:\/\/fiaf.net\/agoradicult\/wp-content\/uploads\/sites\/23\/2013\/11\/090_Elke-1966.jpg\"><img loading=\"lazy\" decoding=\"async\" class=\"size-full wp-image-5178\" title=\"090_Elke (1966)\" src=\"https:\/\/fiaf.net\/agoradicult\/wp-content\/uploads\/sites\/23\/2013\/11\/090_Elke-1966.jpg\" alt=\"\" width=\"580\" height=\"829\" srcset=\"https:\/\/fiaf.net\/agoradicult\/wp-content\/uploads\/sites\/23\/2013\/11\/090_Elke-1966.jpg 580w, https:\/\/fiaf.net\/agoradicult\/wp-content\/uploads\/sites\/23\/2013\/11\/090_Elke-1966-210x300.jpg 210w\" sizes=\"auto, (max-width: 580px) 100vw, 580px\" \/><\/a><figcaption id=\"caption-attachment-5178\" class=\"wp-caption-text\">Elke (1966)<\/figcaption><\/figure>\n<figure id=\"attachment_5179\" aria-describedby=\"caption-attachment-5179\" style=\"width: 580px\" class=\"wp-caption aligncenter\"><a href=\"https:\/\/fiaf.net\/agoradicult\/wp-content\/uploads\/sites\/23\/2013\/11\/100_Rebecca-1967.jpg\"><img loading=\"lazy\" decoding=\"async\" class=\"size-full wp-image-5179\" title=\"100_Rebecca (1967)\" src=\"https:\/\/fiaf.net\/agoradicult\/wp-content\/uploads\/sites\/23\/2013\/11\/100_Rebecca-1967.jpg\" alt=\"\" width=\"580\" height=\"829\" srcset=\"https:\/\/fiaf.net\/agoradicult\/wp-content\/uploads\/sites\/23\/2013\/11\/100_Rebecca-1967.jpg 580w, https:\/\/fiaf.net\/agoradicult\/wp-content\/uploads\/sites\/23\/2013\/11\/100_Rebecca-1967-210x300.jpg 210w\" sizes=\"auto, (max-width: 580px) 100vw, 580px\" \/><\/a><figcaption id=\"caption-attachment-5179\" class=\"wp-caption-text\">Rebecca (1967)<\/figcaption><\/figure>\n<p style=\"text-align: justify\">\u00a0Bench\u00e9 dal 1979 non abbia pi\u00f9 partecipato come in passato a concorsi fotografici sono ancora inserito per numero di ammissioni conseguite nei &#8220;top 100 della fotografia italiana&#8221; e, sfruttando la mia ampia produzione, sono tuttora presente con mostre personali e in collettive ad invito.<\/p>\n<p style=\"text-align: justify\">Anche se il colore mi ha dato molte soddisfazioni ho sempre prediletto il bianco e nero (che fino a pochi anni orsono trattavo da solo sino alla stampa finale) e, anche se sono passato al digitale, confesso di aver molta nostalgia della camera oscura.<\/p>\n<p style=\"text-align: justify\">I generi da me prevalentemente sviluppati sono il ritratto, la figura ambientata, la composizione ed il reportage: devo qui precisare che (anche quando non vi era la consuetudine di organizzare i propri scatti in portfolio) mi \u00e8 spesso piaciuto lavorare con pi\u00f9 immagini su specifici argomenti.<\/p>\n<p><strong>Gustavo Millozzi<\/strong><br \/>\n&nbsp;<br \/>\n<figure id=\"attachment_5180\" aria-describedby=\"caption-attachment-5180\" style=\"width: 580px\" class=\"wp-caption aligncenter\"><a href=\"https:\/\/fiaf.net\/agoradicult\/wp-content\/uploads\/sites\/23\/2013\/11\/110_Il-musico-1969.jpg\"><img loading=\"lazy\" decoding=\"async\" class=\"size-full wp-image-5180\" title=\"110_Il musico (1969)\" src=\"https:\/\/fiaf.net\/agoradicult\/wp-content\/uploads\/sites\/23\/2013\/11\/110_Il-musico-1969.jpg\" alt=\"\" width=\"580\" height=\"877\" srcset=\"https:\/\/fiaf.net\/agoradicult\/wp-content\/uploads\/sites\/23\/2013\/11\/110_Il-musico-1969.jpg 580w, https:\/\/fiaf.net\/agoradicult\/wp-content\/uploads\/sites\/23\/2013\/11\/110_Il-musico-1969-198x300.jpg 198w\" sizes=\"auto, (max-width: 580px) 100vw, 580px\" \/><\/a><figcaption id=\"caption-attachment-5180\" class=\"wp-caption-text\">Il musico (1969)<\/figcaption><\/figure>\n<figure id=\"attachment_5181\" aria-describedby=\"caption-attachment-5181\" style=\"width: 580px\" class=\"wp-caption aligncenter\"><a href=\"https:\/\/fiaf.net\/agoradicult\/wp-content\/uploads\/sites\/23\/2013\/11\/120_Biennale-dArte-n.3-2007.jpg\"><img loading=\"lazy\" decoding=\"async\" class=\"size-full wp-image-5181\" title=\"120_Biennale d'Arte n.3 (2007)\" src=\"https:\/\/fiaf.net\/agoradicult\/wp-content\/uploads\/sites\/23\/2013\/11\/120_Biennale-dArte-n.3-2007.jpg\" alt=\"\" width=\"580\" height=\"386\" srcset=\"https:\/\/fiaf.net\/agoradicult\/wp-content\/uploads\/sites\/23\/2013\/11\/120_Biennale-dArte-n.3-2007.jpg 580w, https:\/\/fiaf.net\/agoradicult\/wp-content\/uploads\/sites\/23\/2013\/11\/120_Biennale-dArte-n.3-2007-300x200.jpg 300w\" sizes=\"auto, (max-width: 580px) 100vw, 580px\" \/><\/a><figcaption id=\"caption-attachment-5181\" class=\"wp-caption-text\">Biennale d&#039;Arte n.3 (2007)<\/figcaption><\/figure>\n&nbsp;<\/p>\n\n    <div class=\"xs_social_share_widget xs_share_url after_content \t\tmain_content  wslu-style-1 wslu-share-box-shaped wslu-fill-colored wslu-none wslu-share-horizontal wslu-theme-font-no wslu-main_content\">\n\n\t\t\n        <ul>\n\t\t\t        <\/ul>\n    <\/div> \n","protected":false},"excerpt":{"rendered":"<p>Gustavo Millozzi \u2013 Identikit d\u2019autore &nbsp; Non credevo, pur essendo abituato a parlare ed a scrivere di altri, che autopresentarsi &hellip;<\/p>\n","protected":false},"author":15,"featured_media":5170,"comment_status":"open","ping_status":"open","sticky":false,"template":"","format":"standard","meta":{"_acf_changed":false,"footnotes":""},"categories":[7,25],"tags":[],"class_list":["post-5169","post","type-post","status-publish","format-standard","has-post-thumbnail","hentry","category-archivio","category-identikit-dautore"],"acf":[],"_links":{"self":[{"href":"https:\/\/fiaf.net\/agoradicult\/wp-json\/wp\/v2\/posts\/5169","targetHints":{"allow":["GET"]}}],"collection":[{"href":"https:\/\/fiaf.net\/agoradicult\/wp-json\/wp\/v2\/posts"}],"about":[{"href":"https:\/\/fiaf.net\/agoradicult\/wp-json\/wp\/v2\/types\/post"}],"author":[{"embeddable":true,"href":"https:\/\/fiaf.net\/agoradicult\/wp-json\/wp\/v2\/users\/15"}],"replies":[{"embeddable":true,"href":"https:\/\/fiaf.net\/agoradicult\/wp-json\/wp\/v2\/comments?post=5169"}],"version-history":[{"count":0,"href":"https:\/\/fiaf.net\/agoradicult\/wp-json\/wp\/v2\/posts\/5169\/revisions"}],"wp:featuredmedia":[{"embeddable":true,"href":"https:\/\/fiaf.net\/agoradicult\/wp-json\/wp\/v2\/media\/5170"}],"wp:attachment":[{"href":"https:\/\/fiaf.net\/agoradicult\/wp-json\/wp\/v2\/media?parent=5169"}],"wp:term":[{"taxonomy":"category","embeddable":true,"href":"https:\/\/fiaf.net\/agoradicult\/wp-json\/wp\/v2\/categories?post=5169"},{"taxonomy":"post_tag","embeddable":true,"href":"https:\/\/fiaf.net\/agoradicult\/wp-json\/wp\/v2\/tags?post=5169"}],"curies":[{"name":"wp","href":"https:\/\/api.w.org\/{rel}","templated":true}]}}