{"id":5260,"date":"2013-11-21T23:07:17","date_gmt":"2013-11-21T21:07:17","guid":{"rendered":"https:\/\/fiaf.net\/agoradicult\/?p=5260"},"modified":"2013-11-21T23:07:17","modified_gmt":"2013-11-21T21:07:17","slug":"de-cadenze-di-emanuela-laurenti-2","status":"publish","type":"post","link":"https:\/\/fiaf.net\/agoradicult\/2013\/11\/21\/de-cadenze-di-emanuela-laurenti-2\/","title":{"rendered":"DE-CADENZE &#8211; di Emanuela Laurenti"},"content":{"rendered":"<p style=\"text-align: center\"><strong>DE-CADENZE, di Emanuela Laurenti<\/strong><\/p>\n<p style=\"text-align: justify\">Porto i tacchi perch\u00e9 dicono slancino le gambe e rendano la donna pi\u00f9 femminile.<\/p>\n<p style=\"text-align: justify\">\u00a0La mia postura per\u00f2 tradisce quel lato del mio carattere fragile e insicuro. I tacchi sono un must, pi\u00f9 alti e colorati sono e pi\u00f9 sexy si \u00e8, come le vallette in tv. Gonne, vestiti, calze all&#8217;ultimo grido pur di far parte di quel mondo labile che scorre davanti ai miei occhi come in un film. Poi capitano gli inconvenienti che mi riportano con i piedi a terra, a contatto con la realt\u00e0 e opto per una vita pi\u00f9 razionale e dal profilo basso. Via i tacchi a spillo, via i vestiti appariscenti: un bel paio di scarpe da ginnastica per rimettersi in moto e una ballerina per affrontare la vita a passi pi\u00f9 decisi.<\/p>\n<p style=\"text-align: justify\">Ho la convinzione cos\u00ec di aver maturato una certa saggezza, che nulla pu\u00f2 sconfiggermi: mi si sento pi\u00f9 donna di prima. Ma nel momento in cui raggiungo un punto di equilibrio, che mi identifico in qualcosa, ecco che la vita mi rimette alla prova, a modo suo.<\/p>\n<p style=\"text-align: justify\">All&#8217;improvviso una diagnosi, una cura, una morte improbabile: \u00e8 una storia tragicomica che racconta con fiduciosa ironia l&#8217;imprevedibilit\u00e0 della vita.<\/p>\n\n\n    <div class=\"xs_social_share_widget xs_share_url after_content \t\tmain_content  wslu-style-1 wslu-share-box-shaped wslu-fill-colored wslu-none wslu-share-horizontal wslu-theme-font-no wslu-main_content\">\n\n\t\t\n        <ul>\n\t\t\t        <\/ul>\n    <\/div> \n","protected":false},"excerpt":{"rendered":"<p>DE-CADENZE, di Emanuela Laurenti Porto i tacchi perch\u00e9 dicono slancino le gambe e rendano la donna pi\u00f9 femminile. \u00a0La mia &hellip;<\/p>\n","protected":false},"author":15,"featured_media":5261,"comment_status":"open","ping_status":"open","sticky":false,"template":"","format":"standard","meta":{"_acf_changed":false,"footnotes":""},"categories":[7,17],"tags":[],"class_list":["post-5260","post","type-post","status-publish","format-standard","has-post-thumbnail","hentry","category-archivio","category-dai-tavoli-di-portfolio"],"acf":[],"_links":{"self":[{"href":"https:\/\/fiaf.net\/agoradicult\/wp-json\/wp\/v2\/posts\/5260","targetHints":{"allow":["GET"]}}],"collection":[{"href":"https:\/\/fiaf.net\/agoradicult\/wp-json\/wp\/v2\/posts"}],"about":[{"href":"https:\/\/fiaf.net\/agoradicult\/wp-json\/wp\/v2\/types\/post"}],"author":[{"embeddable":true,"href":"https:\/\/fiaf.net\/agoradicult\/wp-json\/wp\/v2\/users\/15"}],"replies":[{"embeddable":true,"href":"https:\/\/fiaf.net\/agoradicult\/wp-json\/wp\/v2\/comments?post=5260"}],"version-history":[{"count":0,"href":"https:\/\/fiaf.net\/agoradicult\/wp-json\/wp\/v2\/posts\/5260\/revisions"}],"wp:featuredmedia":[{"embeddable":true,"href":"https:\/\/fiaf.net\/agoradicult\/wp-json\/wp\/v2\/media\/5261"}],"wp:attachment":[{"href":"https:\/\/fiaf.net\/agoradicult\/wp-json\/wp\/v2\/media?parent=5260"}],"wp:term":[{"taxonomy":"category","embeddable":true,"href":"https:\/\/fiaf.net\/agoradicult\/wp-json\/wp\/v2\/categories?post=5260"},{"taxonomy":"post_tag","embeddable":true,"href":"https:\/\/fiaf.net\/agoradicult\/wp-json\/wp\/v2\/tags?post=5260"}],"curies":[{"name":"wp","href":"https:\/\/api.w.org\/{rel}","templated":true}]}}