{"id":5610,"date":"2014-01-09T20:58:13","date_gmt":"2014-01-09T18:58:13","guid":{"rendered":"https:\/\/fiaf.net\/agoradicult\/?p=5610"},"modified":"2014-01-09T20:58:13","modified_gmt":"2014-01-09T18:58:13","slug":"werner-bischof-di-fausto-raschiatore","status":"publish","type":"post","link":"https:\/\/fiaf.net\/agoradicult\/2014\/01\/09\/werner-bischof-di-fausto-raschiatore\/","title":{"rendered":"Werner Bischof &#8211; di Fausto Raschiatore"},"content":{"rendered":"<p style=\"text-align: center\" align=\"left\"><strong>WERNER BISCHOF<\/strong><\/p>\n<p style=\"text-align: center\" align=\"left\">di<\/p>\n<p style=\"text-align: center\" align=\"left\"><strong>Fausto Raschiatore<\/strong><\/p>\n<p style=\"text-align: justify\" align=\"left\"><strong>WERNER BISCHOF &#8211; RETROSPETTIVA<\/strong><\/p>\n<p style=\"text-align: justify\">La citt\u00e0 di Torino ospita fino al 16 febbraio 2014, nelle sale di Palazzo Reale, una retrospettiva di Werner Bischof (Zurigo, 1916 \u2013 Per\u00f9, 1954), uno dei pi\u00f9 importanti fotoreporter del XX secolo. Dopo Henri Cartier-Bresson e Robert Capa, approda nel capoluogo piemontese, un altro autore Magnum Photos, la prestigiosa Agenzia americana, nata nel 1947.<\/p>\n<p style=\"text-align: justify\"><a href=\"https:\/\/fiaf.net\/agoradicult\/wp-content\/uploads\/sites\/23\/2014\/01\/10_PAR40768.jpg\"><img loading=\"lazy\" decoding=\"async\" class=\"aligncenter size-full wp-image-5612\" title=\"10_PAR40768\" src=\"https:\/\/fiaf.net\/agoradicult\/wp-content\/uploads\/sites\/23\/2014\/01\/10_PAR40768.jpg\" alt=\"\" width=\"580\" height=\"594\" srcset=\"https:\/\/fiaf.net\/agoradicult\/wp-content\/uploads\/sites\/23\/2014\/01\/10_PAR40768.jpg 580w, https:\/\/fiaf.net\/agoradicult\/wp-content\/uploads\/sites\/23\/2014\/01\/10_PAR40768-293x300.jpg 293w\" sizes=\"auto, (max-width: 580px) 100vw, 580px\" \/><\/a><\/p>\n<p style=\"text-align: justify\">\u00a0La mostra, di alto profilo culturale e di forte impatto emotivo, presenta un<em> corpus<\/em> importante di opere dell\u2019autore svizzero. Centocinque foto in bianco e nero, divise in sette sezioni che illustrano l\u2019intensa e brevissima carriera dell\u2019Artista della fotografia, come lui stesso amava definirsi. L\u2019esposizione, organizzata da Silvana Editoriale, da Magnum Photos e dalla Direzione Regionale per i Beni Culturali e Paesaggistici del Piemonte, \u00e8 una proposta stimolante, molto utile per far conoscere un vero artista, da sempre considerato un fotoreporter umanista, per via di quella sua particolare capacit\u00e0 empatica e per il suo deciso rifiuto di ogni forma di sensazionalismo. Decisamente un \u201cpersonaggio\u201d o, come \u00e8 stato detto, un fotografo impegnato.<\/p>\n<p style=\"text-align: justify\">Scrive Hugo Loestscher che \u201cWerner Bischof ha creato un <em>opus<\/em> fotografico che si pone al massimo livello sia per la perfezione formale sia per l\u2019impegno sociale; nello stesso tempo, il suo lavoro \u00e8 rappresentativo, come forse nessun altro, della problematica e dello sviluppo della moderna fotografia\u201d. (da <strong>Un fotografo<\/strong> <strong>impegnato<\/strong>. Collana I Grandi Fotografi. Editoriale Fabbri).<\/p>\n<p><a href=\"https:\/\/fiaf.net\/agoradicult\/wp-content\/uploads\/sites\/23\/2014\/01\/20_Copertina-Bischof.jpg\"><img loading=\"lazy\" decoding=\"async\" class=\"aligncenter size-full wp-image-5613\" title=\"20_Copertina Bischof\" src=\"https:\/\/fiaf.net\/agoradicult\/wp-content\/uploads\/sites\/23\/2014\/01\/20_Copertina-Bischof.jpg\" alt=\"\" width=\"580\" height=\"706\" srcset=\"https:\/\/fiaf.net\/agoradicult\/wp-content\/uploads\/sites\/23\/2014\/01\/20_Copertina-Bischof.jpg 580w, https:\/\/fiaf.net\/agoradicult\/wp-content\/uploads\/sites\/23\/2014\/01\/20_Copertina-Bischof-246x300.jpg 246w\" sizes=\"auto, (max-width: 580px) 100vw, 580px\" \/><\/a><\/p>\n<p style=\"text-align: justify\">Impaginata in modo classico e con grande equilibrio, la rassegna presenta in parete, oltre alle immagini in bianco e nero, una serie di inserti descrittivi, nel quadro di uno studiato progetto espositivo, che permettono al visitatore di acquisire dati importanti, in contemporanea, durante la visita, sull\u2019autore e sulla cronologia e storicizzazione delle opere esposte. La mostra, presentata nelle splendide sale di Palazzo Reale, riconosciuto dall\u2019UNESCO come \u201cpatrimonio dell\u2019umanit\u00e0\u201d, una tra le pi\u00f9 imponenti residenze urbane, situato sul lato nord-est di piazza Castello, ha nella bellezza e nella naturalezza degli spazi un ulteriore valore aggiunto. Una <em>location<\/em> prestigiosa per un allestimento prestigioso che insieme danno <em>corpus<\/em> a una proposta culturale di stimolante interesse artistico. Si coniugano in maniera strutturata pi\u00f9 elementi appartenenti a epoche e culture diverse che vengono proposti da sensibilit\u00e0 contemporanee attente e pronte a fare cultura in modo qualificato. Una modalit\u00e0 per cui il passato, nella fattispecie il <strong>Palazzo Reale e la sua storia<\/strong>, e il presente contemporaneo, ovvero la Fotografia e la sua capacit\u00e0 narrativa, possono permettere, se coniugate in modo equilibrato e con coerenza progettuale, la costruzione di proposte culturali straordinarie e vincenti. Come questa retrospettiva di Werner Bischof. Un palazzo costruito tra il 1584 e i cento anni successivi, pi\u00f9 volte ristrutturato, gioiello del patrimonio artistico di Torino, ricco di bellezze ineguagliabili, e centocinque fotografie, autentici capolavori dell\u2019arte fotografica ben coordinati e messi a disposizione di chi vuole capire e conoscere, o semplicemente godere la narrativit\u00e0 iconica di un maestro dell\u2019arte della luce, il mondo e le sue evoluzioni. Un abbinamento che sintetizza, nel rispetto delle differenze, una serie di stimolanti contaminazioni incrociate tra le arti e le loro diverse Storie.<\/p>\n<p><a href=\"https:\/\/fiaf.net\/agoradicult\/wp-content\/uploads\/sites\/23\/2014\/01\/30_PAR77686_BISCHOF-GR.jpg\"><img loading=\"lazy\" decoding=\"async\" class=\"aligncenter size-full wp-image-5614\" title=\"30_PAR77686_BISCHOF GR\" src=\"https:\/\/fiaf.net\/agoradicult\/wp-content\/uploads\/sites\/23\/2014\/01\/30_PAR77686_BISCHOF-GR.jpg\" alt=\"\" width=\"580\" height=\"474\" srcset=\"https:\/\/fiaf.net\/agoradicult\/wp-content\/uploads\/sites\/23\/2014\/01\/30_PAR77686_BISCHOF-GR.jpg 580w, https:\/\/fiaf.net\/agoradicult\/wp-content\/uploads\/sites\/23\/2014\/01\/30_PAR77686_BISCHOF-GR-300x245.jpg 300w\" sizes=\"auto, (max-width: 580px) 100vw, 580px\" \/><\/a><br \/>\n&nbsp;<\/p>\n<p style=\"text-align: justify\">Accompagna la mostra, un bel catalogo (SilvanaEditoriale\/Milano \u2013 formato: 23 x 28 cm \u2013 144 pagine \u2013 100 illustrazioni in b\/n \u2013 brossura con alette \u2013 \u00a0italiano\/inglese\/francese \u2013 prezzo: 28 euro) curato da Dario Cimorelli e Alessandra Olivari, con testi di Angela Madesani e una preziosa intervista a Marco Bischof, presente all\u2019inaugurazione, figlio del maestro svizzero, che si \u00e8 dedicato al fotogiornalismo dalla fine della seconda guerra mondiale.\u201cGli avvenimenti bellici lo resero politicamente consapevole: scopr\u00ec la macchina fotografica come mezzo per confrontarsi con il presente\u201d, ha scritto, tra l\u2019altro, Hugo Loetscher nell\u2019opera dianzi \u00a0citata, <strong>I Grandi Fotografi\/Volume Werner Bischof<\/strong>, 1982, a cura di Romeo Martinez, uno dei pi\u00f9 apprezzati storici della fotografia, a livello internazionale. Nel 1949 entra a far parte dell\u2019agenzia Magnum Photos, mentre collabora con prestigiose testate come Life e Vogue. Una proposta culturale che permette ai visitatori di vedere scatti notissimi tra i pi\u00f9 belli della produzione di Werner Bischof, che evidenziano, oltre ad una grande capacit\u00e0 tecnica, una composizione studiata in ogni dettaglio unitamente a una perfezione formale in cui la luce viene utilizzata come elemento creativo. Immagini che hanno forza espressiva, sensibilit\u00e0 narrativa, coinvolgono, catturano lo sguardo di chi le osserva, e al contempo, sono testimonianze e descrizioni, raccontano di momenti storici e di riflessioni profonde, in particolare di sensazioni speciali e percezioni, singolari, uniche, colte nel senso ampio del termine.<\/p>\n<p style=\"text-align: justify\">Werner Bischof, che ha una rigorosa disciplina del lavoro, a 16 anni frequenta la scuola d\u2019arte di Zurigo dove entra in contatto con il fotografo Hans Finsler, legato alla corrente della <strong>Nuova Oggettivit\u00e0<\/strong>. Quattro anni dopo apre un proprio studio, dedicandosi alla fotografia realistica e di moda, dimostrando subito capacit\u00e0 tecniche, sensibilit\u00e0 linguistico-espressive e una singolare propensione alla conoscenza e agli approfondimenti. Nel 1954, a 38 anni, muore in un incidente automobilistico sulle Ande peruviane, nove giorni prima di Robert Capa. Celebre la fotografia con il ragazzo che suona il flauto, scattata nei pressi di Cuzco, pochi giorni prima della sua morte. I suoi scatti colpiscono per la loro immediatezza, per la solennit\u00e0 dei frammenti di vita indagati e per l\u2019umanit\u00e0 che riescono a comunicare. Fotografie celebri, che da tempo ormai sono entrate in maniera autorevole nel patrimonio culturale del Novecento. Egli osserva con la stessa attenzione tutte le discipline, convinto che, su piani diversi, da tutte c\u2019\u00e8 da imparare e tutto pu\u00f2 essere utile per capire. La stessa Fotografia \u00e8 strumento per acquisire conoscenze nuove e veicolo per comprendere riflessioni e\/o punti di vista altrui.<\/p>\n<p><a href=\"https:\/\/fiaf.net\/agoradicult\/wp-content\/uploads\/sites\/23\/2014\/01\/40_PAR198392-BIW1951001W01046-04C_BISCHOF-GR.jpg\"><img loading=\"lazy\" decoding=\"async\" class=\"aligncenter size-full wp-image-5615\" title=\"BIW1951001W01046\/04C\" src=\"https:\/\/fiaf.net\/agoradicult\/wp-content\/uploads\/sites\/23\/2014\/01\/40_PAR198392-BIW1951001W01046-04C_BISCHOF-GR.jpg\" alt=\"\" width=\"580\" height=\"580\" srcset=\"https:\/\/fiaf.net\/agoradicult\/wp-content\/uploads\/sites\/23\/2014\/01\/40_PAR198392-BIW1951001W01046-04C_BISCHOF-GR.jpg 580w, https:\/\/fiaf.net\/agoradicult\/wp-content\/uploads\/sites\/23\/2014\/01\/40_PAR198392-BIW1951001W01046-04C_BISCHOF-GR-300x300.jpg 300w, https:\/\/fiaf.net\/agoradicult\/wp-content\/uploads\/sites\/23\/2014\/01\/40_PAR198392-BIW1951001W01046-04C_BISCHOF-GR-150x150.jpg 150w\" sizes=\"auto, (max-width: 580px) 100vw, 580px\" \/><\/a><br \/>\n&nbsp;<\/p>\n\n    <div class=\"xs_social_share_widget xs_share_url after_content \t\tmain_content  wslu-style-1 wslu-share-box-shaped wslu-fill-colored wslu-none wslu-share-horizontal wslu-theme-font-no wslu-main_content\">\n\n\t\t\n        <ul>\n\t\t\t        <\/ul>\n    <\/div> \n","protected":false},"excerpt":{"rendered":"<p>WERNER BISCHOF di Fausto Raschiatore WERNER BISCHOF &#8211; RETROSPETTIVA La citt\u00e0 di Torino ospita fino al 16 febbraio 2014, nelle &hellip;<\/p>\n","protected":false},"author":15,"featured_media":5613,"comment_status":"open","ping_status":"open","sticky":false,"template":"","format":"standard","meta":{"_acf_changed":false,"footnotes":""},"categories":[7,20],"tags":[],"class_list":["post-5610","post","type-post","status-publish","format-standard","has-post-thumbnail","hentry","category-archivio","category-eventi-fotografici"],"acf":[],"_links":{"self":[{"href":"https:\/\/fiaf.net\/agoradicult\/wp-json\/wp\/v2\/posts\/5610","targetHints":{"allow":["GET"]}}],"collection":[{"href":"https:\/\/fiaf.net\/agoradicult\/wp-json\/wp\/v2\/posts"}],"about":[{"href":"https:\/\/fiaf.net\/agoradicult\/wp-json\/wp\/v2\/types\/post"}],"author":[{"embeddable":true,"href":"https:\/\/fiaf.net\/agoradicult\/wp-json\/wp\/v2\/users\/15"}],"replies":[{"embeddable":true,"href":"https:\/\/fiaf.net\/agoradicult\/wp-json\/wp\/v2\/comments?post=5610"}],"version-history":[{"count":0,"href":"https:\/\/fiaf.net\/agoradicult\/wp-json\/wp\/v2\/posts\/5610\/revisions"}],"wp:featuredmedia":[{"embeddable":true,"href":"https:\/\/fiaf.net\/agoradicult\/wp-json\/wp\/v2\/media\/5613"}],"wp:attachment":[{"href":"https:\/\/fiaf.net\/agoradicult\/wp-json\/wp\/v2\/media?parent=5610"}],"wp:term":[{"taxonomy":"category","embeddable":true,"href":"https:\/\/fiaf.net\/agoradicult\/wp-json\/wp\/v2\/categories?post=5610"},{"taxonomy":"post_tag","embeddable":true,"href":"https:\/\/fiaf.net\/agoradicult\/wp-json\/wp\/v2\/tags?post=5610"}],"curies":[{"name":"wp","href":"https:\/\/api.w.org\/{rel}","templated":true}]}}