{"id":642,"date":"2012-01-29T11:06:58","date_gmt":"2012-01-29T11:06:58","guid":{"rendered":"https:\/\/fiaf.net\/agoradicult\/?p=642"},"modified":"2012-01-29T11:06:58","modified_gmt":"2012-01-29T11:06:58","slug":"photospot-n-23-la-quotidianita","status":"publish","type":"post","link":"https:\/\/fiaf.net\/agoradicult\/2012\/01\/29\/photospot-n-23-la-quotidianita\/","title":{"rendered":"Photospot n\u00b0 23 &#8211; La quotidianit\u00e0"},"content":{"rendered":"<figure id=\"attachment_643\" aria-describedby=\"caption-attachment-643\" style=\"width: 600px\" class=\"wp-caption aligncenter\"><a href=\"https:\/\/fiaf.net\/agoradicult\/wp-content\/uploads\/sites\/23\/2012\/02\/23.jpg\"><img loading=\"lazy\" decoding=\"async\" class=\" wp-image-643\" title=\"Photospot 23\" src=\"https:\/\/fiaf.net\/agoradicult\/wp-content\/uploads\/sites\/23\/2012\/02\/23.jpg\" alt=\"\" width=\"600\" height=\"401\" srcset=\"https:\/\/fiaf.net\/agoradicult\/wp-content\/uploads\/sites\/23\/2012\/02\/23.jpg 600w, https:\/\/fiaf.net\/agoradicult\/wp-content\/uploads\/sites\/23\/2012\/02\/23-300x201.jpg 300w\" sizes=\"auto, (max-width: 600px) 100vw, 600px\" \/><\/a><figcaption id=\"caption-attachment-643\" class=\"wp-caption-text\">Silvano Bicocchi- Gallarate 2004.<\/figcaption><\/figure>\n&nbsp;<\/p>\n<p align=\"center\"><strong>La quotidianit\u00e0.<\/strong><\/p>\n<p style=\"text-align: justify\">Il sentimento d\u2019evasione dalla quotidianit\u00e0 \u00e8 una forte necessit\u00e0 anche per l\u2019uomo dei nostri tempi. La fotografia fin dai suoi primordi \u00e8 sempre stata una buona compagna di gioco per staccare dalla routine. Questa sua efficacia \u00e8 da attribuirsi alla capacit\u00e0 che essa ha di assicurare una gratificante libert\u00e0 espressiva.<\/p>\n<p style=\"text-align: justify\">Evasione \u00e8 sinonimo di allontanamento dal quotidiano, come si pu\u00f2 fare viaggiando, ed ecco che la passione fotografica ci accompagna con complicit\u00e0 in ogni angolo della terra.<\/p>\n<p style=\"text-align: justify\">\u00a0E\u2019 attraente fotografare le realt\u00e0 di paesi lontani dove la nostra mente prova una libert\u00e0 sconosciuta nella vita di ogni giorno, e i soggetti sono quelli mitici del fotoreportage. Pu\u00f2 essere gi\u00e0 una bella soddisfazione scattare una foto simile a quella di un grande fotografo.<\/p>\n<p style=\"text-align: justify\">Ma cos\u00ec facendo la vita di ogni giorno ci scivola sulla pelle senza lasciarvi traccia e restiamo sospesi in una perenne attesa della prossima partenza; cos\u00ec, viviamo distratti la nostra quotidianit\u00e0.<\/p>\n<p style=\"text-align: justify\">La fotografia ci pu\u00f2 aiutare a tornare con la mente ed il cuore a casa, dentro al nostro quotidiano. Ad esempio se evasione diventasse sinonimo di spaesamento nell\u2019ambito della quotidianit\u00e0, potremmo avere delle gran belle sorprese. Lo sforzo di spaesarsi consiste nel guardare il proprio ambiente domestico come se fosse la prima volta; \u00e8 sostanzialmente il risveglio del <em>vedere<\/em>.<\/p>\n<p style=\"text-align: justify\">\u00a0Vi scrivevo: \u201c<em>L\u2019occhio vede solo ci\u00f2 che conosce!<\/em>\u201d; paradossalmente ora dobbiamo imparare a vedere ci\u00f2 che pensiamo di conoscere. Nel fotografare il quotidiano sentiremo mutare in noi il rapporto che abbiamo con esso, perch\u00e9 il nostro sguardo, nell\u2019intento di rappresentarlo, da passivo diventer\u00e0 attivo cercando relazioni espressive tra gli elementi portatori di senso presenti in quella realt\u00e0.<\/p>\n<p style=\"text-align: justify\">\u00a0Dalle prime foto saremo sorpresi di come troveremo interessante il nostro mondo, e inizier\u00e0 un percorso di continua scoperta di significati a noi stranamente ignoti. Anche il nostro stile cambier\u00e0, perch\u00e9 la confidenza che abbiamo col soggetto vorr\u00e0 andare oltre al solo formalismo: <em>vorremo comunicare la vivacit\u00e0, il calore, gli odori del nostro amato e sconosciuto angolo di mondo.<\/em><\/p>\n<p style=\"text-align: justify\">\u00a0Capiremo allora che l\u2019evasione dal quotidiano \u00e8 una stato mentale da conquistare, non necessariamente una fuga da esso. Il nostro sguardo fotografico, verso la quotidianit\u00e0, diventer\u00e0 quello che \u00e8 consapevole che in ogni soggetto c\u2019\u00e8 un\u2019<em>aura<\/em> da scoprire.<\/p>\n<p style=\"text-align: justify\"><em>Non \u00e8 un caso se la fotografia internazionale contemporanea orienta tante ricerche verso la quotidianit\u00e0 domestica. <\/em><\/p>\n<p>&nbsp;<br \/>\n<strong>Il Direttore del Dipartimento Cultura.<\/strong><br \/>\n<strong>Silvano Bicocchi<\/strong><\/p>\n\n    <div class=\"xs_social_share_widget xs_share_url after_content \t\tmain_content  wslu-style-1 wslu-share-box-shaped wslu-fill-colored wslu-none wslu-share-horizontal wslu-theme-font-no wslu-main_content\">\n\n\t\t\n        <ul>\n\t\t\t        <\/ul>\n    <\/div> \n","protected":false},"excerpt":{"rendered":"<p>&nbsp; La quotidianit\u00e0. Il sentimento d\u2019evasione dalla quotidianit\u00e0 \u00e8 una forte necessit\u00e0 anche per l\u2019uomo dei nostri tempi. La fotografia &hellip;<\/p>\n","protected":false},"author":15,"featured_media":643,"comment_status":"open","ping_status":"open","sticky":false,"template":"","format":"standard","meta":{"_acf_changed":false,"footnotes":""},"categories":[30],"tags":[],"class_list":["post-642","post","type-post","status-publish","format-standard","has-post-thumbnail","hentry","category-photospot"],"acf":[],"_links":{"self":[{"href":"https:\/\/fiaf.net\/agoradicult\/wp-json\/wp\/v2\/posts\/642","targetHints":{"allow":["GET"]}}],"collection":[{"href":"https:\/\/fiaf.net\/agoradicult\/wp-json\/wp\/v2\/posts"}],"about":[{"href":"https:\/\/fiaf.net\/agoradicult\/wp-json\/wp\/v2\/types\/post"}],"author":[{"embeddable":true,"href":"https:\/\/fiaf.net\/agoradicult\/wp-json\/wp\/v2\/users\/15"}],"replies":[{"embeddable":true,"href":"https:\/\/fiaf.net\/agoradicult\/wp-json\/wp\/v2\/comments?post=642"}],"version-history":[{"count":0,"href":"https:\/\/fiaf.net\/agoradicult\/wp-json\/wp\/v2\/posts\/642\/revisions"}],"wp:featuredmedia":[{"embeddable":true,"href":"https:\/\/fiaf.net\/agoradicult\/wp-json\/wp\/v2\/media\/643"}],"wp:attachment":[{"href":"https:\/\/fiaf.net\/agoradicult\/wp-json\/wp\/v2\/media?parent=642"}],"wp:term":[{"taxonomy":"category","embeddable":true,"href":"https:\/\/fiaf.net\/agoradicult\/wp-json\/wp\/v2\/categories?post=642"},{"taxonomy":"post_tag","embeddable":true,"href":"https:\/\/fiaf.net\/agoradicult\/wp-json\/wp\/v2\/tags?post=642"}],"curies":[{"name":"wp","href":"https:\/\/api.w.org\/{rel}","templated":true}]}}