{"id":6441,"date":"2014-04-06T21:18:48","date_gmt":"2014-04-06T19:18:48","guid":{"rendered":"https:\/\/fiaf.net\/agoradicult\/?p=6441"},"modified":"2014-04-06T21:18:48","modified_gmt":"2014-04-06T19:18:48","slug":"i-misteri-la-processione-lunga-un-girono-di-arturo-safina","status":"publish","type":"post","link":"https:\/\/fiaf.net\/agoradicult\/2014\/04\/06\/i-misteri-la-processione-lunga-un-girono-di-arturo-safina\/","title":{"rendered":"I Misteri, la processione lunga un giorno &#8211; di Arturo Safina"},"content":{"rendered":"<p style=\"text-align: center\">I Misteri, La processione lunga un giorno &#8211; \u00a0di Arturo Safina<\/p>\n<p style=\"text-align: justify\">Questa processione ha letto e fotografato in modo originale Arturo Safina. Safina appartiene alla grande tradizione dei fotografi siciliani che, da Sellerio, a Minnella, a Scianna, a Leone non hanno potuto eludere quella grande manifestazione umana che \u00e8 la festa religiosa. \u201cChe cosa \u00e8 una festa religiosa in Sicilia ?\u201d si chiede Sciascia. E cos\u00ec risponde usando una grammatica freudiana e pirandelliana : \u201cE\u2019 una esplosione esistenziale; l\u2019esplosione dell\u2019es collettivo, in un paese dove la collettivit\u00e0 esiste soltanto a livello dell\u2019es. Poich\u00e9 \u00e8 soltanto nella festa che il siciliano esce dalla sua condizione di uomo solo\u2026\u201d<\/p>\n<p style=\"text-align: justify\">Safina, in queste straordinarie 80 foto della processione dei Misteri di Trapani, ci fa vedere ci\u00f2 che avviene nelle 24 ore del rito religioso. Ha fissato immagini umane, religiose e poetiche. Immagini di una comunit\u00e0 in un momento di piet\u00e0 e di riconoscimento &#8211; estratto dalla presentazione di Vincenzo Consolo.<\/p>\n<p>&nbsp;<br \/>\n\u201cI Misteri\u201d La processione lunga un giorno, del fotoreporter trapanese Arturo Saf\u00ecna.<br \/>\nIl volume racconta la processione del Venerd\u00ec Santo di Trapani, e racchiude una serie di immagini in bianco e nero, realizzate dal 1985. al 2008.<br \/>\nIl saggio introduttivo \u00e8 stato affidato a Vincenzo Consolo, con una prefazione di Romano Cagnoni, fotografo toscano molto stimato nel mondo per i suoi reportage.<br \/>\n<a title=\"I colori della vita - Pubblicazione\" href=\"http:\/\/www.icoloridellavitatp.it\/2009\/04\/nuova-pubblicazione-\u201ci-misteri\u201d\" target=\"_blank\" rel=\"noopener\">Fotografie<\/a><br \/>\n<a title=\"I colori delle vita - Video\" href=\"http:\/\/vimeo.com\/36836753\" target=\"_blank\" rel=\"noopener\">Video<\/a><br \/>\n\n\n    <div class=\"xs_social_share_widget xs_share_url after_content \t\tmain_content  wslu-style-1 wslu-share-box-shaped wslu-fill-colored wslu-none wslu-share-horizontal wslu-theme-font-no wslu-main_content\">\n\n\t\t\n        <ul>\n\t\t\t        <\/ul>\n    <\/div> \n","protected":false},"excerpt":{"rendered":"<p>I Misteri, La processione lunga un giorno &#8211; \u00a0di Arturo Safina Questa processione ha letto e fotografato in modo originale &hellip;<\/p>\n","protected":false},"author":15,"featured_media":6442,"comment_status":"open","ping_status":"open","sticky":false,"template":"","format":"standard","meta":{"_acf_changed":false,"footnotes":""},"categories":[7,17],"tags":[],"class_list":["post-6441","post","type-post","status-publish","format-standard","has-post-thumbnail","hentry","category-archivio","category-dai-tavoli-di-portfolio"],"acf":[],"_links":{"self":[{"href":"https:\/\/fiaf.net\/agoradicult\/wp-json\/wp\/v2\/posts\/6441","targetHints":{"allow":["GET"]}}],"collection":[{"href":"https:\/\/fiaf.net\/agoradicult\/wp-json\/wp\/v2\/posts"}],"about":[{"href":"https:\/\/fiaf.net\/agoradicult\/wp-json\/wp\/v2\/types\/post"}],"author":[{"embeddable":true,"href":"https:\/\/fiaf.net\/agoradicult\/wp-json\/wp\/v2\/users\/15"}],"replies":[{"embeddable":true,"href":"https:\/\/fiaf.net\/agoradicult\/wp-json\/wp\/v2\/comments?post=6441"}],"version-history":[{"count":0,"href":"https:\/\/fiaf.net\/agoradicult\/wp-json\/wp\/v2\/posts\/6441\/revisions"}],"wp:featuredmedia":[{"embeddable":true,"href":"https:\/\/fiaf.net\/agoradicult\/wp-json\/wp\/v2\/media\/6442"}],"wp:attachment":[{"href":"https:\/\/fiaf.net\/agoradicult\/wp-json\/wp\/v2\/media?parent=6441"}],"wp:term":[{"taxonomy":"category","embeddable":true,"href":"https:\/\/fiaf.net\/agoradicult\/wp-json\/wp\/v2\/categories?post=6441"},{"taxonomy":"post_tag","embeddable":true,"href":"https:\/\/fiaf.net\/agoradicult\/wp-json\/wp\/v2\/tags?post=6441"}],"curies":[{"name":"wp","href":"https:\/\/api.w.org\/{rel}","templated":true}]}}