{"id":6982,"date":"2014-06-10T20:53:33","date_gmt":"2014-06-10T18:53:33","guid":{"rendered":"https:\/\/fiaf.net\/agoradicult\/?p=6982"},"modified":"2014-06-10T20:53:33","modified_gmt":"2014-06-10T18:53:33","slug":"come-volete-che-io-sia-di-marco-opici","status":"publish","type":"post","link":"https:\/\/fiaf.net\/agoradicult\/2014\/06\/10\/come-volete-che-io-sia-di-marco-opici\/","title":{"rendered":"Come volete che io sia! &#8211; di Marco Obici"},"content":{"rendered":"<p>Come volete che io sia! \u2013 di Marco Obici<br \/>\n&nbsp;<br \/>\nOpera presentata al Face to Face a tema \u201eLa non realt\u00e0\u201c, tenuto al Circolo 4 Ville nel novembre 2013.<br \/>\n&nbsp;<br \/>\nOggi, nella nostra societ\u00e0, siamo sempre pi\u00f9 immersi nella Non Realt\u00e0.<br \/>\nSiamo in una continua ricerca di perfezione che, probabilmente, non esiste.<br \/>\n\u00c8 sufficiente prepararsi per uscire di casa che nella nostra mente affiora il desiderio di rendersi presentabili, cio\u00e8 come gli altri vorrebbero vederci.<br \/>\nLa donna, in questo contesto, \u00e8 sempre al centro della scena, come in casa cos\u00ec anche fuori, ed \u00e8 tanto importante quanto la sua appariscenza.<br \/>\nEccomi, sono qui\u2026 come volete che io sia.<br \/>\n\n&nbsp;<\/p>\n\n    <div class=\"xs_social_share_widget xs_share_url after_content \t\tmain_content  wslu-style-1 wslu-share-box-shaped wslu-fill-colored wslu-none wslu-share-horizontal wslu-theme-font-no wslu-main_content\">\n\n\t\t\n        <ul>\n\t\t\t        <\/ul>\n    <\/div> \n","protected":false},"excerpt":{"rendered":"<p>Come volete che io sia! \u2013 di Marco Obici &nbsp; Opera presentata al Face to Face a tema \u201eLa non &hellip;<\/p>\n","protected":false},"author":15,"featured_media":6983,"comment_status":"open","ping_status":"open","sticky":false,"template":"","format":"standard","meta":{"_acf_changed":false,"footnotes":""},"categories":[7,17],"tags":[],"class_list":["post-6982","post","type-post","status-publish","format-standard","has-post-thumbnail","hentry","category-archivio","category-dai-tavoli-di-portfolio"],"acf":[],"_links":{"self":[{"href":"https:\/\/fiaf.net\/agoradicult\/wp-json\/wp\/v2\/posts\/6982","targetHints":{"allow":["GET"]}}],"collection":[{"href":"https:\/\/fiaf.net\/agoradicult\/wp-json\/wp\/v2\/posts"}],"about":[{"href":"https:\/\/fiaf.net\/agoradicult\/wp-json\/wp\/v2\/types\/post"}],"author":[{"embeddable":true,"href":"https:\/\/fiaf.net\/agoradicult\/wp-json\/wp\/v2\/users\/15"}],"replies":[{"embeddable":true,"href":"https:\/\/fiaf.net\/agoradicult\/wp-json\/wp\/v2\/comments?post=6982"}],"version-history":[{"count":0,"href":"https:\/\/fiaf.net\/agoradicult\/wp-json\/wp\/v2\/posts\/6982\/revisions"}],"wp:featuredmedia":[{"embeddable":true,"href":"https:\/\/fiaf.net\/agoradicult\/wp-json\/wp\/v2\/media\/6983"}],"wp:attachment":[{"href":"https:\/\/fiaf.net\/agoradicult\/wp-json\/wp\/v2\/media?parent=6982"}],"wp:term":[{"taxonomy":"category","embeddable":true,"href":"https:\/\/fiaf.net\/agoradicult\/wp-json\/wp\/v2\/categories?post=6982"},{"taxonomy":"post_tag","embeddable":true,"href":"https:\/\/fiaf.net\/agoradicult\/wp-json\/wp\/v2\/tags?post=6982"}],"curies":[{"name":"wp","href":"https:\/\/api.w.org\/{rel}","templated":true}]}}