{"id":7313,"date":"2014-07-20T20:57:12","date_gmt":"2014-07-20T18:57:12","guid":{"rendered":"https:\/\/fiaf.net\/agoradicult\/?p=7313"},"modified":"2014-07-20T20:57:12","modified_gmt":"2014-07-20T18:57:12","slug":"circostanze-creative-di-alberto-plonara","status":"publish","type":"post","link":"https:\/\/fiaf.net\/agoradicult\/2014\/07\/20\/circostanze-creative-di-alberto-plonara\/","title":{"rendered":"Circostanze creative &#8211; di Alberto Polonara"},"content":{"rendered":"<p style=\"text-align: center\">Circostanze creative \u2013 di Alberto Polonara<\/p>\n<p style=\"text-align: justify\">Il corpo dell&#8217;arte riflette il corpo dell&#8217;astante che a sua volta \u00e8 specchio dell&#8217;opera, ed \u00e8 in questa duplice riflessione che il senso emerge. Cos\u00ec l&#8217;opera nel suo mostrarsi abbisogna di qualcuno che la veda , qualcuno che attraversi il suo spazio e si incunei nel suo tempo ed \u00e8 in questo il senso del suo esistere.<\/p>\n<p style=\"text-align: right\">Maurizio Cesarini<\/p>\n<p>&nbsp;<br \/>\n&nbsp;<br \/>\nLA BIENNALE DI ALBERTO POLONARA: FOTOGRAFIA COME MODO DI VIVERE L\u2019EVENTO<\/p>\n<p style=\"text-align: justify\">Le esperienze di Alberto Polonara in campo fotografico sono state molte. Non c\u2019\u00e8 una delle sue stampe, esposte nella recente mostra al Palazzetto Baviera in cui non si veda bene come la sua passione sia figlia di una sensibilit\u00e0 lungamente coltivata e verificata in camera oscura.<\/p>\n<p style=\"text-align: justify\">Proprio per questa sua profonda, vissuta coscienza delle vertigini e dei riti della tradizione fotografica nelle sue stampe di camera chiara, Alberto Polonara ha saputo ora cogliere ampiamente e senza reticenze le occasioni, le prospettive, le alternative attuali, aperte dalla fotografia digitale quale occasione di sperimentazione continua e apparentemente senza limiti. Ugualmente, nelle fotografie di Alberto Polonara, si vede bene come abbia alle spalle un lungo pregresso dedicato alla mission della fotografia d\u2019arte, agendo a confronto con esempi alti della fotografia senigalliese. Soprattutto, come nella tradizione fotografica senigalliese, i suoi, infatti, non sono mai scatti isolati, ma articolazioni di un racconto avvincente, che non ha un momento decisivo, ma rappresenta un flusso vitale.<\/p>\n<p style=\"text-align: justify\">Alberto Polonara ha saputo saldare scopi e orizzonti in relazione a nuovi strumenti linguistici, a nuovi interessi poetici, che gli si sono stati offerti, forse inaspettatamente, dalla rivista Nostos, ma che lui ha colto come un\u2019occasione lungamente attesa, come una svolta lungamente preparata e di cui si sentiva sicuro per mezzi tecnici e passione.<\/p>\n<p style=\"text-align: justify\">Trovandosi improvvisamente, ma non casualmente, nel ruolo di reporter, si \u00e8 stupito e ha stupito tutti, sintetizzando con immediatezza nuove tecnologie e una sua profonda passione per l\u2019avvenimento d\u2019arte.<\/p>\n<p style=\"text-align: justify\">Di fronte al brulicare di fatti, personaggi, avvenimenti estetici della Biennale di Venezia, Polonara si \u00e8 presentato pronto a registrare e testimoniare, proprio come un fotoreporter di guerra paracadutato in prima linea. Fotoreporter ha detto che sarebbe stato e fotoreporter \u00e8 stato.<\/p>\n<p style=\"text-align: justify\">Non sapremmo dire se nel suo racconto protagonisti siano gli artisti, le opere o il pubblico. Certo protagonista \u00e8 l\u2019evento. Protagonista \u00e8 l\u2019atmosfera. Protagonista \u00e8 l\u2019emozione del fotografo, che finalmente si trova catapultato nel mondo, che ha sognato, che ama, che vuole vivere e raccontare. Nelle sue stampe, sul palcoscenico dell\u2019arte contemporanea si collocano forme, si muovono personaggi, si svolge una vita in bilico tra reale ed onirico, tra storia e favola. Le immagini si ordinano e si cristallizzano, di fronte all\u2019obiettivo del fotografo, in spazi sempre smisurati e con colori sempre inattesi, folgorati dal bagliore del bianco della luce.<\/p>\n<p style=\"text-align: right\">CARLO EMANUELE BUGATTI<\/p>\n<p style=\"text-align: right\">Direttore del Musinf,<\/p>\n<p style=\"text-align: right\">Museo Comunale d\u2019arte moderna e della fotografia<\/p>\n<p>&nbsp;<br \/>\n\n&nbsp;<\/p>\n\n    <div class=\"xs_social_share_widget xs_share_url after_content \t\tmain_content  wslu-style-1 wslu-share-box-shaped wslu-fill-colored wslu-none wslu-share-horizontal wslu-theme-font-no wslu-main_content\">\n\n\t\t\n        <ul>\n\t\t\t        <\/ul>\n    <\/div> \n","protected":false},"excerpt":{"rendered":"<p>Circostanze creative \u2013 di Alberto Polonara Il corpo dell&#8217;arte riflette il corpo dell&#8217;astante che a sua volta \u00e8 specchio dell&#8217;opera, &hellip;<\/p>\n","protected":false},"author":15,"featured_media":7314,"comment_status":"open","ping_status":"open","sticky":false,"template":"","format":"standard","meta":{"_acf_changed":false,"footnotes":""},"categories":[],"tags":[],"class_list":["post-7313","post","type-post","status-publish","format-standard","has-post-thumbnail","hentry"],"acf":[],"_links":{"self":[{"href":"https:\/\/fiaf.net\/agoradicult\/wp-json\/wp\/v2\/posts\/7313","targetHints":{"allow":["GET"]}}],"collection":[{"href":"https:\/\/fiaf.net\/agoradicult\/wp-json\/wp\/v2\/posts"}],"about":[{"href":"https:\/\/fiaf.net\/agoradicult\/wp-json\/wp\/v2\/types\/post"}],"author":[{"embeddable":true,"href":"https:\/\/fiaf.net\/agoradicult\/wp-json\/wp\/v2\/users\/15"}],"replies":[{"embeddable":true,"href":"https:\/\/fiaf.net\/agoradicult\/wp-json\/wp\/v2\/comments?post=7313"}],"version-history":[{"count":0,"href":"https:\/\/fiaf.net\/agoradicult\/wp-json\/wp\/v2\/posts\/7313\/revisions"}],"wp:featuredmedia":[{"embeddable":true,"href":"https:\/\/fiaf.net\/agoradicult\/wp-json\/wp\/v2\/media\/7314"}],"wp:attachment":[{"href":"https:\/\/fiaf.net\/agoradicult\/wp-json\/wp\/v2\/media?parent=7313"}],"wp:term":[{"taxonomy":"category","embeddable":true,"href":"https:\/\/fiaf.net\/agoradicult\/wp-json\/wp\/v2\/categories?post=7313"},{"taxonomy":"post_tag","embeddable":true,"href":"https:\/\/fiaf.net\/agoradicult\/wp-json\/wp\/v2\/tags?post=7313"}],"curies":[{"name":"wp","href":"https:\/\/api.w.org\/{rel}","templated":true}]}}