{"id":758,"date":"2012-02-09T10:19:18","date_gmt":"2012-02-09T10:19:18","guid":{"rendered":"https:\/\/fiaf.net\/agoradicult\/?p=758"},"modified":"2012-02-09T10:19:18","modified_gmt":"2012-02-09T10:19:18","slug":"omero-rossi","status":"publish","type":"post","link":"https:\/\/fiaf.net\/agoradicult\/2012\/02\/09\/omero-rossi\/","title":{"rendered":"Omero Rossi"},"content":{"rendered":"<p><strong>Tessera Fiaf:<\/strong> 25924<br \/>\n<strong>Classe<\/strong>\u00a01947<br \/>\n<strong>email<\/strong>:<a href=\"mailto:rossiomero@sabbiegialle.it\"> rossiomero@sabbiegialle.it<\/a><br \/>\n<strong>Sito Web<\/strong>:<a href=\"http:\/\/www.sitohd.com\/rossiomero\" target=\"_blank\" rel=\"noopener\"> http:\/\/www.sitohd.com\/rossiomero<\/a><br \/>\n<strong>Candidatura:<\/strong>\u00a0\u00a0 Tutor fotografico<br \/>\n<strong>Note Biografiche: <\/strong><\/p>\n<p style=\"text-align: justify\">Nasce a Bagnacavallo ( RA ) nel 1947, vive a Faenza ( RA ) . Fotografo amatoriale inizia a Fotografare nel 1980, nel 1987 \u00e8 socio fondatore del C.R.A.L. Ospedaliero \u201c A. Banzola \u201c, dal 1993 ne \u00e8 il Presidente della sezione fotografica. Nel 2000 \u00e8 tr\u00e0 i soci fondatori del Gruppo fotografico \u201c POLASER \u201c.<br \/>\nNel 2001 \u00e8 insignito dalla F.I.A.F. dell\u2019onorificenza AFI( Artista Fotografo Italiano ), nel 2008 \u00e8 tra i dieci componenti vincitori della Coppa del Mondo di Fotografia Naturalistica FIAP. Dal 2004 \u00e8 Delegato Provinciale della F.I.A.F., nel 2009 la F.I.A.F. lo insignisce dell\u2019Onorificenza BFI( Benemerito della Fotografia Italiana ).<\/p>\n<p>&nbsp;<br \/>\n<strong>Manifestazioni e mostre:<br \/>\n<\/strong><br \/>\nNel 2008 faccio parte dei dieci fotografi italiani invitati a partecipare a\u00a0 Obiettivo Trentino \u201c Fototrekking \u201c.<br \/>\nProgetto del \u201c Gusto \u201c organizzato dalla F.I.A.F.<br \/>\nNel 2011\u00a0 faccio parte degli Autori invitati a Sassoferrato al\u00a0 Festival della Fotografia Contemporanea \u201c Face Photo News \u201c<br \/>\nProgetto F.I.A.F. Passione Italia<br \/>\n&nbsp;<br \/>\n<strong>Pubblicazioni<\/strong>:<br \/>\nHo realizzato reportage su incarico del Comune di Faenza dai quali sono realizzati i seguenti libri fotografici:<br \/>\nnel 2004 \u201d Da fuoco a fuoco \u201c ,<br \/>\nnel 2006 \u201c Gente d\u2019Europa \u201c,<br \/>\nnel 2009 \u201c Niballo Palio di Faenza \u201c.<br \/>\n&nbsp;<\/p>\n\n    <div class=\"xs_social_share_widget xs_share_url after_content \t\tmain_content  wslu-style-1 wslu-share-box-shaped wslu-fill-colored wslu-none wslu-share-horizontal wslu-theme-font-no wslu-main_content\">\n\n\t\t\n        <ul>\n\t\t\t        <\/ul>\n    <\/div> \n","protected":false},"excerpt":{"rendered":"<p>Tessera Fiaf: 25924 Classe\u00a01947 email: rossiomero@sabbiegialle.it Sito Web: http:\/\/www.sitohd.com\/rossiomero Candidatura:\u00a0\u00a0 Tutor fotografico Note Biografiche: Nasce a Bagnacavallo ( RA ) &hellip;<\/p>\n","protected":false},"author":15,"featured_media":760,"comment_status":"open","ping_status":"open","sticky":false,"template":"","format":"standard","meta":{"_acf_changed":false,"footnotes":""},"categories":[26],"tags":[],"class_list":["post-758","post","type-post","status-publish","format-standard","has-post-thumbnail","hentry","category-iscritti"],"acf":[],"_links":{"self":[{"href":"https:\/\/fiaf.net\/agoradicult\/wp-json\/wp\/v2\/posts\/758","targetHints":{"allow":["GET"]}}],"collection":[{"href":"https:\/\/fiaf.net\/agoradicult\/wp-json\/wp\/v2\/posts"}],"about":[{"href":"https:\/\/fiaf.net\/agoradicult\/wp-json\/wp\/v2\/types\/post"}],"author":[{"embeddable":true,"href":"https:\/\/fiaf.net\/agoradicult\/wp-json\/wp\/v2\/users\/15"}],"replies":[{"embeddable":true,"href":"https:\/\/fiaf.net\/agoradicult\/wp-json\/wp\/v2\/comments?post=758"}],"version-history":[{"count":0,"href":"https:\/\/fiaf.net\/agoradicult\/wp-json\/wp\/v2\/posts\/758\/revisions"}],"wp:featuredmedia":[{"embeddable":true,"href":"https:\/\/fiaf.net\/agoradicult\/wp-json\/wp\/v2\/media\/760"}],"wp:attachment":[{"href":"https:\/\/fiaf.net\/agoradicult\/wp-json\/wp\/v2\/media?parent=758"}],"wp:term":[{"taxonomy":"category","embeddable":true,"href":"https:\/\/fiaf.net\/agoradicult\/wp-json\/wp\/v2\/categories?post=758"},{"taxonomy":"post_tag","embeddable":true,"href":"https:\/\/fiaf.net\/agoradicult\/wp-json\/wp\/v2\/tags?post=758"}],"curies":[{"name":"wp","href":"https:\/\/api.w.org\/{rel}","templated":true}]}}