{"id":7599,"date":"2014-09-28T21:00:48","date_gmt":"2014-09-28T19:00:48","guid":{"rendered":"https:\/\/fiaf.net\/agoradicult\/?p=7599"},"modified":"2014-09-28T21:00:48","modified_gmt":"2014-09-28T19:00:48","slug":"ripresa-autunnale-di-agora-di-cult-2","status":"publish","type":"post","link":"https:\/\/fiaf.net\/agoradicult\/2014\/09\/28\/ripresa-autunnale-di-agora-di-cult-2\/","title":{"rendered":"Ripresa autunnale 2014 di Agor\u00e0 Di Cult"},"content":{"rendered":"<p>La pausa estiva \u00e8 stata per me, ma immagino per molti, un momento di allontanamento dalla <em>vita collettiva<\/em>\u00a0promossa, in particolare, dal <strong>Dipartimento Cultura<\/strong> (Di Cult) e un forte avvicinamento alla <em>vita individuale<\/em> e di <em>coppia<\/em>. Come sempre \u00e8 la mancanza che mostra la reale dimensione delle cose appartenenti al quotidiano.<br \/>\n&nbsp;<\/p>\n<div class=\"mceTemp mceIEcenter\">\n<figure id=\"attachment_7619\" aria-describedby=\"caption-attachment-7619\" style=\"width: 580px\" class=\"wp-caption aligncenter\"><a href=\"https:\/\/fiaf.net\/agoradicult\/wp-content\/uploads\/sites\/23\/2014\/09\/Ripr_A1400011.jpg\"><img loading=\"lazy\" decoding=\"async\" class=\"size-full wp-image-7619\" title=\"Ripr_A140001\" src=\"https:\/\/fiaf.net\/agoradicult\/wp-content\/uploads\/sites\/23\/2014\/09\/Ripr_A1400011.jpg\" alt=\"\" width=\"580\" height=\"580\" srcset=\"https:\/\/fiaf.net\/agoradicult\/wp-content\/uploads\/sites\/23\/2014\/09\/Ripr_A1400011.jpg 580w, https:\/\/fiaf.net\/agoradicult\/wp-content\/uploads\/sites\/23\/2014\/09\/Ripr_A1400011-300x300.jpg 300w, https:\/\/fiaf.net\/agoradicult\/wp-content\/uploads\/sites\/23\/2014\/09\/Ripr_A1400011-150x150.jpg 150w\" sizes=\"auto, (max-width: 580px) 100vw, 580px\" \/><\/a><figcaption id=\"caption-attachment-7619\" class=\"wp-caption-text\">Nizza, 2014_ foto di Silvano Bicocchi<\/figcaption><\/figure>\n&nbsp;<\/p>\n<p style=\"text-align: left\">E\u2019 stato durante il viaggio di ritorno dalle ferie che ho pensato all\u2019importanza del nostro impegno nel\u00a0<strong>Di Cult<\/strong>, volto a dare una forma stimolante alla\u00a0<em>vita collettiva<\/em>\u00a0che insieme condividiamo nella\u00a0<strong>FIAF<\/strong>.<br \/>\nDi certo quella del\u00a0<strong>Di Cult<\/strong>\u00a0\u00e8 solo una piccola porzione della\u00a0<em>vita collettiva,<\/em>\u00a0che ognuno di noi vive col compiere il proprio ruolo sociale, ma \u00e8 quella liberatoria perch\u00e9 creativa!<\/p>\n<div style=\"text-align: left\"><\/div>\n<\/div>\n<figure id=\"attachment_7601\" aria-describedby=\"caption-attachment-7601\" style=\"width: 580px\" class=\"wp-caption aligncenter\"><a href=\"https:\/\/fiaf.net\/agoradicult\/wp-content\/uploads\/sites\/23\/2014\/09\/Ripr_A140002.jpg\"><img loading=\"lazy\" decoding=\"async\" class=\"size-full wp-image-7601\" title=\"Ripr_A140002\" src=\"https:\/\/fiaf.net\/agoradicult\/wp-content\/uploads\/sites\/23\/2014\/09\/Ripr_A140002.jpg\" alt=\"\" width=\"580\" height=\"435\" srcset=\"https:\/\/fiaf.net\/agoradicult\/wp-content\/uploads\/sites\/23\/2014\/09\/Ripr_A140002.jpg 580w, https:\/\/fiaf.net\/agoradicult\/wp-content\/uploads\/sites\/23\/2014\/09\/Ripr_A140002-300x225.jpg 300w\" sizes=\"auto, (max-width: 580px) 100vw, 580px\" \/><\/a><figcaption id=\"caption-attachment-7601\" class=\"wp-caption-text\">FacePhotoNews 2014_ Sassoferrato, Massimo Bardelli Coordinatore alla tavola rotonda sul tema &quot;Lo Spazio&quot;<\/figcaption><\/figure>\n&nbsp;<br \/>\n<figure id=\"attachment_7602\" aria-describedby=\"caption-attachment-7602\" style=\"width: 580px\" class=\"wp-caption aligncenter\"><a href=\"https:\/\/fiaf.net\/agoradicult\/wp-content\/uploads\/sites\/23\/2014\/09\/Ripr_A140003.jpg\"><img loading=\"lazy\" decoding=\"async\" class=\"size-full wp-image-7602\" title=\"Ripr_A140003\" src=\"https:\/\/fiaf.net\/agoradicult\/wp-content\/uploads\/sites\/23\/2014\/09\/Ripr_A140003.jpg\" alt=\"\" width=\"580\" height=\"435\" srcset=\"https:\/\/fiaf.net\/agoradicult\/wp-content\/uploads\/sites\/23\/2014\/09\/Ripr_A140003.jpg 580w, https:\/\/fiaf.net\/agoradicult\/wp-content\/uploads\/sites\/23\/2014\/09\/Ripr_A140003-300x225.jpg 300w\" sizes=\"auto, (max-width: 580px) 100vw, 580px\" \/><\/a><figcaption id=\"caption-attachment-7602\" class=\"wp-caption-text\">FacePhotoNews 2014_ Sassoferrato_ da sinistra Mariateresa Cerretelli, Enrico Genovesi, Davide Grossi, Lorenzo Cicconi Massi<\/figcaption><\/figure>\n&nbsp;<br \/>\n<figure id=\"attachment_7603\" aria-describedby=\"caption-attachment-7603\" style=\"width: 580px\" class=\"wp-caption aligncenter\"><a href=\"https:\/\/fiaf.net\/agoradicult\/wp-content\/uploads\/sites\/23\/2014\/09\/Ripr_A140004.jpg\"><img loading=\"lazy\" decoding=\"async\" class=\"size-full wp-image-7603\" title=\"Ripr_A140004\" src=\"https:\/\/fiaf.net\/agoradicult\/wp-content\/uploads\/sites\/23\/2014\/09\/Ripr_A140004.jpg\" alt=\"\" width=\"580\" height=\"435\" srcset=\"https:\/\/fiaf.net\/agoradicult\/wp-content\/uploads\/sites\/23\/2014\/09\/Ripr_A140004.jpg 580w, https:\/\/fiaf.net\/agoradicult\/wp-content\/uploads\/sites\/23\/2014\/09\/Ripr_A140004-300x225.jpg 300w\" sizes=\"auto, (max-width: 580px) 100vw, 580px\" \/><\/a><figcaption id=\"caption-attachment-7603\" class=\"wp-caption-text\">FacePhotoNews 2014_ Sassoferrato, Spazio di lettura portfolio<\/figcaption><\/figure>\n&nbsp;<br \/>\n<figure id=\"attachment_7604\" aria-describedby=\"caption-attachment-7604\" style=\"width: 580px\" class=\"wp-caption aligncenter\"><a href=\"https:\/\/fiaf.net\/agoradicult\/wp-content\/uploads\/sites\/23\/2014\/09\/Ripr_A140005.jpg\"><img loading=\"lazy\" decoding=\"async\" class=\"size-full wp-image-7604\" title=\"Ripr_A140005\" src=\"https:\/\/fiaf.net\/agoradicult\/wp-content\/uploads\/sites\/23\/2014\/09\/Ripr_A140005.jpg\" alt=\"\" width=\"580\" height=\"435\" srcset=\"https:\/\/fiaf.net\/agoradicult\/wp-content\/uploads\/sites\/23\/2014\/09\/Ripr_A140005.jpg 580w, https:\/\/fiaf.net\/agoradicult\/wp-content\/uploads\/sites\/23\/2014\/09\/Ripr_A140005-300x225.jpg 300w\" sizes=\"auto, (max-width: 580px) 100vw, 580px\" \/><\/a><figcaption id=\"caption-attachment-7604\" class=\"wp-caption-text\">FacePhotoNews 2014_ Sassoferrato, Momenti di lettura portfolio<\/figcaption><\/figure>\n&nbsp;<br \/>\n<figure id=\"attachment_7605\" aria-describedby=\"caption-attachment-7605\" style=\"width: 580px\" class=\"wp-caption aligncenter\"><a href=\"https:\/\/fiaf.net\/agoradicult\/wp-content\/uploads\/sites\/23\/2014\/09\/Ripr_A140006.jpg\"><img loading=\"lazy\" decoding=\"async\" class=\"size-full wp-image-7605\" title=\"Ripr_A140006\" src=\"https:\/\/fiaf.net\/agoradicult\/wp-content\/uploads\/sites\/23\/2014\/09\/Ripr_A140006.jpg\" alt=\"\" width=\"580\" height=\"435\" srcset=\"https:\/\/fiaf.net\/agoradicult\/wp-content\/uploads\/sites\/23\/2014\/09\/Ripr_A140006.jpg 580w, https:\/\/fiaf.net\/agoradicult\/wp-content\/uploads\/sites\/23\/2014\/09\/Ripr_A140006-300x225.jpg 300w\" sizes=\"auto, (max-width: 580px) 100vw, 580px\" \/><\/a><figcaption id=\"caption-attachment-7605\" class=\"wp-caption-text\">FacePhotoNews 2014_ Sassoferrato, da sinistra Fulvio Merlak, Alessandra Capodaqua, Lucilla Merlak, Massimo Agus.<\/figcaption><\/figure>\n&nbsp;<br \/>\nI festival estivi, di giugno e luglio, sono stati il momento concreto in cui esprimere lo stile del nostro vivere insieme la fotografia. Sicuramente siamo fortunati a coltivare l\u2019interesse verso il fotografico, perch\u00e9 oggi esso \u00e8 prevalentemente un linguaggio per ascoltare il mondo e parlargli. La cultura fotografica non vive pi\u00f9 in quel ambiente chiuso, per solo addetti ai lavori, nel quale fino a 15 \u2013 20 anni fa sembrava essere inevitabilmente confinata.<br \/>\n&nbsp;<br \/>\n<figure id=\"attachment_7606\" aria-describedby=\"caption-attachment-7606\" style=\"width: 580px\" class=\"wp-caption aligncenter\"><a href=\"https:\/\/fiaf.net\/agoradicult\/wp-content\/uploads\/sites\/23\/2014\/09\/Ripr_A140007.jpg\"><img loading=\"lazy\" decoding=\"async\" class=\"size-full wp-image-7606\" title=\"Ripr_A140007\" src=\"https:\/\/fiaf.net\/agoradicult\/wp-content\/uploads\/sites\/23\/2014\/09\/Ripr_A140007.jpg\" alt=\"\" width=\"580\" height=\"386\" srcset=\"https:\/\/fiaf.net\/agoradicult\/wp-content\/uploads\/sites\/23\/2014\/09\/Ripr_A140007.jpg 580w, https:\/\/fiaf.net\/agoradicult\/wp-content\/uploads\/sites\/23\/2014\/09\/Ripr_A140007-300x200.jpg 300w\" sizes=\"auto, (max-width: 580px) 100vw, 580px\" \/><\/a><figcaption id=\"caption-attachment-7606\" class=\"wp-caption-text\">Penisola di luce 2014_ Sestri Levante, Conferenza di Guliana Traverso.<\/figcaption><\/figure>\n&nbsp;<br \/>\n<figure id=\"attachment_7607\" aria-describedby=\"caption-attachment-7607\" style=\"width: 580px\" class=\"wp-caption aligncenter\"><a href=\"https:\/\/fiaf.net\/agoradicult\/wp-content\/uploads\/sites\/23\/2014\/09\/Ripr_A140008.jpg\"><img loading=\"lazy\" decoding=\"async\" class=\"size-full wp-image-7607\" title=\"Ripr_A140008\" src=\"https:\/\/fiaf.net\/agoradicult\/wp-content\/uploads\/sites\/23\/2014\/09\/Ripr_A140008.jpg\" alt=\"\" width=\"580\" height=\"386\" srcset=\"https:\/\/fiaf.net\/agoradicult\/wp-content\/uploads\/sites\/23\/2014\/09\/Ripr_A140008.jpg 580w, https:\/\/fiaf.net\/agoradicult\/wp-content\/uploads\/sites\/23\/2014\/09\/Ripr_A140008-300x200.jpg 300w\" sizes=\"auto, (max-width: 580px) 100vw, 580px\" \/><\/a><figcaption id=\"caption-attachment-7607\" class=\"wp-caption-text\">Penisola di luce_ Sestri Levante, Conferenza di Fulvio Merlak.<\/figcaption><\/figure>\n&nbsp;<br \/>\n<figure id=\"attachment_7608\" aria-describedby=\"caption-attachment-7608\" style=\"width: 579px\" class=\"wp-caption aligncenter\"><a href=\"https:\/\/fiaf.net\/agoradicult\/wp-content\/uploads\/sites\/23\/2014\/09\/Ripr_A140009.jpg\"><img loading=\"lazy\" decoding=\"async\" class=\"size-full wp-image-7608\" title=\"Ripr_A140009\" src=\"https:\/\/fiaf.net\/agoradicult\/wp-content\/uploads\/sites\/23\/2014\/09\/Ripr_A140009.jpg\" alt=\"\" width=\"579\" height=\"386\" srcset=\"https:\/\/fiaf.net\/agoradicult\/wp-content\/uploads\/sites\/23\/2014\/09\/Ripr_A140009.jpg 579w, https:\/\/fiaf.net\/agoradicult\/wp-content\/uploads\/sites\/23\/2014\/09\/Ripr_A140009-300x200.jpg 300w\" sizes=\"auto, (max-width: 579px) 100vw, 579px\" \/><\/a><figcaption id=\"caption-attachment-7608\" class=\"wp-caption-text\">Penisola di luce 2014_ Sestri Levante, Massimo mazzoli alla lettura di portofolio.<\/figcaption><\/figure>\n&nbsp;<br \/>\n<figure id=\"attachment_7609\" aria-describedby=\"caption-attachment-7609\" style=\"width: 580px\" class=\"wp-caption aligncenter\"><a href=\"https:\/\/fiaf.net\/agoradicult\/wp-content\/uploads\/sites\/23\/2014\/09\/Ripr_A140010.jpg\"><img loading=\"lazy\" decoding=\"async\" class=\"size-full wp-image-7609\" title=\"Ripr_A140010\" src=\"https:\/\/fiaf.net\/agoradicult\/wp-content\/uploads\/sites\/23\/2014\/09\/Ripr_A140010.jpg\" alt=\"\" width=\"580\" height=\"386\" srcset=\"https:\/\/fiaf.net\/agoradicult\/wp-content\/uploads\/sites\/23\/2014\/09\/Ripr_A140010.jpg 580w, https:\/\/fiaf.net\/agoradicult\/wp-content\/uploads\/sites\/23\/2014\/09\/Ripr_A140010-300x200.jpg 300w\" sizes=\"auto, (max-width: 580px) 100vw, 580px\" \/><\/a><figcaption id=\"caption-attachment-7609\" class=\"wp-caption-text\">Penisola di luce 2014_ Sestri Levante, Maurizio Lupi al tavolo di lettura di portfolio<\/figcaption><\/figure>\n&nbsp;<br \/>\n<figure id=\"attachment_7610\" aria-describedby=\"caption-attachment-7610\" style=\"width: 580px\" class=\"wp-caption aligncenter\"><a href=\"https:\/\/fiaf.net\/agoradicult\/wp-content\/uploads\/sites\/23\/2014\/09\/Ripr_A140011.jpg\"><img loading=\"lazy\" decoding=\"async\" class=\"size-full wp-image-7610\" title=\"Ripr_A140011\" src=\"https:\/\/fiaf.net\/agoradicult\/wp-content\/uploads\/sites\/23\/2014\/09\/Ripr_A140011.jpg\" alt=\"\" width=\"580\" height=\"386\" srcset=\"https:\/\/fiaf.net\/agoradicult\/wp-content\/uploads\/sites\/23\/2014\/09\/Ripr_A140011.jpg 580w, https:\/\/fiaf.net\/agoradicult\/wp-content\/uploads\/sites\/23\/2014\/09\/Ripr_A140011-300x200.jpg 300w\" sizes=\"auto, (max-width: 580px) 100vw, 580px\" \/><\/a><figcaption id=\"caption-attachment-7610\" class=\"wp-caption-text\">Penisola di luce 2014_ Sestri Levante, Orietta Bay al Face to face con Silvano Bicocchi<\/figcaption><\/figure>\n&nbsp;<br \/>\nQuesta trasformazione \u00e8 avvenuta con la capacit\u00e0 culturale del mondo\u00a0<strong>FIAF<\/strong>\u00a0di leggere i significati delle immagini fotografiche. E\u2019 stato l\u2019aprirci verso la comprensione del senso delle nostre immagini che ci ha inevitabilmente immesso nel territorio culturale degli altri linguaggi visivi e non. E\u2019 cos\u00ec che noi ora dell\u2019immagine, dopo averne sentito la forza estetica, immediatamente cerchiamo di comprenderne il pensiero che essa compone o sottintende.<br \/>\n&nbsp;<br \/>\n<figure id=\"attachment_7611\" aria-describedby=\"caption-attachment-7611\" style=\"width: 580px\" class=\"wp-caption aligncenter\"><a href=\"https:\/\/fiaf.net\/agoradicult\/wp-content\/uploads\/sites\/23\/2014\/09\/Ripr_A140012.jpg\"><img loading=\"lazy\" decoding=\"async\" class=\"size-full wp-image-7611\" title=\"Ripr_A140012\" src=\"https:\/\/fiaf.net\/agoradicult\/wp-content\/uploads\/sites\/23\/2014\/09\/Ripr_A140012.jpg\" alt=\"\" width=\"580\" height=\"435\" srcset=\"https:\/\/fiaf.net\/agoradicult\/wp-content\/uploads\/sites\/23\/2014\/09\/Ripr_A140012.jpg 580w, https:\/\/fiaf.net\/agoradicult\/wp-content\/uploads\/sites\/23\/2014\/09\/Ripr_A140012-300x225.jpg 300w\" sizes=\"auto, (max-width: 580px) 100vw, 580px\" \/><\/a><figcaption id=\"caption-attachment-7611\" class=\"wp-caption-text\">Trentino Immagini 2014 _ Baselga di Pin\u00e8, da sinistra Letizia Battaglia, Fulvio Merlak, Lorenza Biasetto<\/figcaption><\/figure>\n&nbsp;<br \/>\n<figure id=\"attachment_7612\" aria-describedby=\"caption-attachment-7612\" style=\"width: 580px\" class=\"wp-caption aligncenter\"><a href=\"https:\/\/fiaf.net\/agoradicult\/wp-content\/uploads\/sites\/23\/2014\/09\/Ripr_A140013.jpg\"><img loading=\"lazy\" decoding=\"async\" class=\"size-full wp-image-7612\" title=\"Ripr_A140013\" src=\"https:\/\/fiaf.net\/agoradicult\/wp-content\/uploads\/sites\/23\/2014\/09\/Ripr_A140013.jpg\" alt=\"\" width=\"580\" height=\"435\" srcset=\"https:\/\/fiaf.net\/agoradicult\/wp-content\/uploads\/sites\/23\/2014\/09\/Ripr_A140013.jpg 580w, https:\/\/fiaf.net\/agoradicult\/wp-content\/uploads\/sites\/23\/2014\/09\/Ripr_A140013-300x225.jpg 300w\" sizes=\"auto, (max-width: 580px) 100vw, 580px\" \/><\/a><figcaption id=\"caption-attachment-7612\" class=\"wp-caption-text\">Trentino Immagini 2014 _ Baselga di Pin\u00e8, Fulvio Merlak al tavolo di lettura di portfolio<\/figcaption><\/figure>\n&nbsp;<br \/>\n<figure id=\"attachment_7613\" aria-describedby=\"caption-attachment-7613\" style=\"width: 580px\" class=\"wp-caption aligncenter\"><a href=\"https:\/\/fiaf.net\/agoradicult\/wp-content\/uploads\/sites\/23\/2014\/09\/Ripr_A140014.jpg\"><img loading=\"lazy\" decoding=\"async\" class=\"size-full wp-image-7613\" title=\"Ripr_A140014\" src=\"https:\/\/fiaf.net\/agoradicult\/wp-content\/uploads\/sites\/23\/2014\/09\/Ripr_A140014.jpg\" alt=\"\" width=\"580\" height=\"435\" srcset=\"https:\/\/fiaf.net\/agoradicult\/wp-content\/uploads\/sites\/23\/2014\/09\/Ripr_A140014.jpg 580w, https:\/\/fiaf.net\/agoradicult\/wp-content\/uploads\/sites\/23\/2014\/09\/Ripr_A140014-300x225.jpg 300w\" sizes=\"auto, (max-width: 580px) 100vw, 580px\" \/><\/a><figcaption id=\"caption-attachment-7613\" class=\"wp-caption-text\">Trentino Immagini 2014 _ Baselga di Pin\u00e8, Francesco Comello, Fulvio Merlak, Carla Rak<\/figcaption><\/figure>\n&nbsp;<br \/>\n<figure id=\"attachment_7614\" aria-describedby=\"caption-attachment-7614\" style=\"width: 580px\" class=\"wp-caption aligncenter\"><a href=\"https:\/\/fiaf.net\/agoradicult\/wp-content\/uploads\/sites\/23\/2014\/09\/Ripr_A140015.jpg\"><img loading=\"lazy\" decoding=\"async\" class=\"size-full wp-image-7614\" title=\"Ripr_A140015\" src=\"https:\/\/fiaf.net\/agoradicult\/wp-content\/uploads\/sites\/23\/2014\/09\/Ripr_A140015.jpg\" alt=\"\" width=\"580\" height=\"435\" srcset=\"https:\/\/fiaf.net\/agoradicult\/wp-content\/uploads\/sites\/23\/2014\/09\/Ripr_A140015.jpg 580w, https:\/\/fiaf.net\/agoradicult\/wp-content\/uploads\/sites\/23\/2014\/09\/Ripr_A140015-300x225.jpg 300w\" sizes=\"auto, (max-width: 580px) 100vw, 580px\" \/><\/a><figcaption id=\"caption-attachment-7614\" class=\"wp-caption-text\">Trentino Immagini 2014 _ Baselga di Pin\u00e8, Silvano Bicocchi al tavolo di lettura di portfolio<\/figcaption><\/figure>\n&nbsp;<br \/>\n<figure id=\"attachment_7615\" aria-describedby=\"caption-attachment-7615\" style=\"width: 580px\" class=\"wp-caption aligncenter\"><a href=\"https:\/\/fiaf.net\/agoradicult\/wp-content\/uploads\/sites\/23\/2014\/09\/Ripr_A140016.jpg\"><img loading=\"lazy\" decoding=\"async\" class=\"size-full wp-image-7615\" title=\"Ripr_A140016\" src=\"https:\/\/fiaf.net\/agoradicult\/wp-content\/uploads\/sites\/23\/2014\/09\/Ripr_A140016.jpg\" alt=\"\" width=\"580\" height=\"435\" srcset=\"https:\/\/fiaf.net\/agoradicult\/wp-content\/uploads\/sites\/23\/2014\/09\/Ripr_A140016.jpg 580w, https:\/\/fiaf.net\/agoradicult\/wp-content\/uploads\/sites\/23\/2014\/09\/Ripr_A140016-300x225.jpg 300w\" sizes=\"auto, (max-width: 580px) 100vw, 580px\" \/><\/a><figcaption id=\"caption-attachment-7615\" class=\"wp-caption-text\">Trentino Immagini 2014 _ Baselga di Pin\u00e8, da sinistra Ivo Saglietti, Lorenza Biasetto, Letizia Battaglia, Clara Presidente di Paspart\u00f9<\/figcaption><\/figure>\n&nbsp;<br \/>\n<strong>Agor\u00e0 Di Cult<\/strong> da oggi riprende la sua\u00a0 normale attivit\u00e0 che si articola in tre pubblicazioni settimanali, ritmate con la pubblicazione nelle serate di domenica, marted\u00ec, gioved\u00ec.<br \/>\nDate il vostro contributo ad arricchire la vita collettiva <strong>FIAF<\/strong> con le vostre opere, riflessioni, progetti. <strong>Agor\u00e0 Di Cult, <\/strong>dando visibilit\u00e0 ai nostri percorsi,\u00a0diventa metafora di come noi insieme intendiamo la cultura fotografica.<br \/>\nBuon lavoro!<br \/>\nSilvano Bicocchi<br \/>\nDirettore del <strong>Dipartimento Cultura FIAF<\/strong><br \/>\n&nbsp;<\/p>\n\n    <div class=\"xs_social_share_widget xs_share_url after_content \t\tmain_content  wslu-style-1 wslu-share-box-shaped wslu-fill-colored wslu-none wslu-share-horizontal wslu-theme-font-no wslu-main_content\">\n\n\t\t\n        <ul>\n\t\t\t        <\/ul>\n    <\/div> \n","protected":false},"excerpt":{"rendered":"<p>La pausa estiva \u00e8 stata per me, ma immagino per molti, un momento di allontanamento dalla vita collettiva\u00a0promossa, in particolare, &hellip;<\/p>\n","protected":false},"author":3,"featured_media":7619,"comment_status":"open","ping_status":"open","sticky":false,"template":"","format":"standard","meta":{"_acf_changed":false,"footnotes":""},"categories":[],"tags":[],"class_list":["post-7599","post","type-post","status-publish","format-standard","has-post-thumbnail","hentry"],"acf":[],"_links":{"self":[{"href":"https:\/\/fiaf.net\/agoradicult\/wp-json\/wp\/v2\/posts\/7599","targetHints":{"allow":["GET"]}}],"collection":[{"href":"https:\/\/fiaf.net\/agoradicult\/wp-json\/wp\/v2\/posts"}],"about":[{"href":"https:\/\/fiaf.net\/agoradicult\/wp-json\/wp\/v2\/types\/post"}],"author":[{"embeddable":true,"href":"https:\/\/fiaf.net\/agoradicult\/wp-json\/wp\/v2\/users\/3"}],"replies":[{"embeddable":true,"href":"https:\/\/fiaf.net\/agoradicult\/wp-json\/wp\/v2\/comments?post=7599"}],"version-history":[{"count":0,"href":"https:\/\/fiaf.net\/agoradicult\/wp-json\/wp\/v2\/posts\/7599\/revisions"}],"wp:featuredmedia":[{"embeddable":true,"href":"https:\/\/fiaf.net\/agoradicult\/wp-json\/wp\/v2\/media\/7619"}],"wp:attachment":[{"href":"https:\/\/fiaf.net\/agoradicult\/wp-json\/wp\/v2\/media?parent=7599"}],"wp:term":[{"taxonomy":"category","embeddable":true,"href":"https:\/\/fiaf.net\/agoradicult\/wp-json\/wp\/v2\/categories?post=7599"},{"taxonomy":"post_tag","embeddable":true,"href":"https:\/\/fiaf.net\/agoradicult\/wp-json\/wp\/v2\/tags?post=7599"}],"curies":[{"name":"wp","href":"https:\/\/api.w.org\/{rel}","templated":true}]}}