{"id":8048,"date":"2014-11-13T21:21:47","date_gmt":"2014-11-13T19:21:47","guid":{"rendered":"https:\/\/fiaf.net\/agoradicult\/?p=8048"},"modified":"2014-11-13T21:21:47","modified_gmt":"2014-11-13T19:21:47","slug":"eva-polak-fotografa-impressionista-di-isabella-tholozan-ii-parte","status":"publish","type":"post","link":"https:\/\/fiaf.net\/agoradicult\/2014\/11\/13\/eva-polak-fotografa-impressionista-di-isabella-tholozan-ii-parte\/","title":{"rendered":"Eva Polak, fotografa impressionista \u2013 di Isabella Tholozan (II\u00b0 Parte)"},"content":{"rendered":"<p style=\"text-align: center\">EVA POLAK FOTOGRAFA IMPRESSIONISTA &#8211; di Isabella Tholozan (II\u00b0 Parte)<\/p>\n<p style=\"text-align: justify\"><strong>Tematica<\/strong><\/p>\n<p style=\"text-align: justify\">La tematica cui fa riferimento Eva Polak nelle sue opere prende spunto prevalentemente dalla natura, quella aperta, sconfinata, cosmica, che ingloba e contiene il tutto.<\/p>\n<p style=\"text-align: justify\">Gli spazi aperti sono probabilmente l\u2019habitat naturale per chi nasce in uno stato come la Nuova Zelanda, dove a farla da padrona incontrastata, \u00e8 certamente una natura rigogliosa e ricca di panorami mozzafiato.<\/p>\n<p style=\"text-align: justify\">Riprodurre tale ricchezza, visualizzando in essa altre vite, appartenenti non soltanto agli esseri umani ma anche al mondo animale e vegetale, consente all\u2019autrice innumerevoli spunti, richiami, possibilit\u00e0 di espressioni, tutti plasmati e resi materici e vibranti dall\u2019uso sapiente della luce e del colore.<\/p>\n<p style=\"text-align: justify\">Trascendere al reale, al fine di attingere a ci\u00f2 che lei vede, attraverso il filtro della personale sensibilit\u00e0.<\/p>\n<p style=\"text-align: justify\"><strong>Processo creativo<\/strong><\/p>\n<p style=\"text-align: justify\">Gran parte delle opere proposte dall\u2019autrice, tutte eseguite senza l\u2019uso della post-produzione, ma create al momento dello scatto, cos\u00ec come pensate e progettate, rappresentano spazi eterei, sospesi tra la fisicit\u00e0 della terra e la dissolvenza aerea del cielo.<\/p>\n<p style=\"text-align: justify\">Alberi, animali, persone, s\u2019inseriscono in questa linea di orizzonte con forme deformate dalla scelta tecnica di ripresa.<\/p>\n<p style=\"text-align: justify\">Il risultato \u00e8 un mondo che esiste, perch\u00e9 lo conosciamo e lo viviamo tutti nella nostra quotidianit\u00e0, ma che per qualche motivo ci sfugge e ci affascina.<\/p>\n<p style=\"text-align: justify\">Come gi\u00e0 detto, l\u2019uso sapiente ed esperto del medium fotografico (non facciamo l\u2019errore di pensare che questo genere di fotografia sia semplice e dettato dal caso), permette la creazione d\u2019immagini astratte, di rappresentazioni, dove il soggetto, qualunque esso sia, subisce una pittorica trasformazione riuscendo tuttavia, e qui a mio avviso sta il talento, a mantenere intatta l\u2019aura dello stesso, perch\u00e9, come diceva Picasso:<\/p>\n<p style=\"text-align: justify\">\u201cBisogna sempre cominciare da qualcosa, in seguito si pu\u00f2 togliere qualsiasi apparenza di realt\u00e0; non c\u2019\u00e8 pi\u00f9 pericolo, perch\u00e9 l\u2019idea dell\u2019oggetto ha lasciato una traccia incancellabile\u201d.<\/p>\n<p style=\"text-align: justify\">La modificazione che interviene sta in quello che \u00e8 stato percepito dall\u2019autrice nel momento dello scatto, rappresentando cos\u00ec una sorta di moto dall\u2019esterno verso l\u2019interno, identificando cos\u00ec la vera peculiarit\u00e0 del movimento impressionista che voleva che la realt\u00e0 oggettiva s\u2019imprimesse nella coscienza soggettiva dell\u2019artista.<\/p>\n<p style=\"text-align: justify\"><strong>Le tecniche della fotografia impressionista<\/strong><\/p>\n<p style=\"text-align: justify\">Vediamo quali sono le tecniche e i metodi abitualmente usati, in maniera pi\u00f9 approfondita, da Eva Polak, per la realizzazione di questo tipo d\u2019immagini, seguendo quanto la stessa autrice suggerisce.<\/p>\n<p style=\"text-align: justify\">Il movimento della fotocamera, attraverso l\u2019uso d\u2019impostazioni manuali, permette di seguire con l\u2019obiettivo i dettagli del soggetto individuato. L\u2019uso controllato delle impostazioni scelte, apertura, velocit\u00e0 dell\u2019otturatore, lunghezza focale, ISO, misurazione, flash, bilanciamento del bianco, oltre all\u2019analisi dell\u2019immagine ottenuta attraverso la lettura e l\u2019interpretazione dei dati EXIF (Exchangeable Image File Format), pu\u00f2 essere un valido strumento di apprendimento che, se replicato con costanza, pu\u00f2 consentire l\u2019approccio con argomenti e soggetti pi\u00f9 impregnativi.<\/p>\n<p style=\"text-align: justify\">La messa a fuoco selettiva consente, attraverso l\u2019uso manuale della messa a fuoco, la realizzazione d\u2019immagini ricche di fascino, dove la scelta della composizione e della misurazione del fuoco, permette la costruzione personale della scena che si desidera rappresentare. La scelta di dare una connotazione pittorica all\u2019immagine si espande riprendendo i soggetti lievemente, o in gran parte, fuori fuoco, catturando cos\u00ec luci, forme e colori decisamente inusuali.<\/p>\n<p style=\"text-align: justify\">Altri metodi per realizzare fotografie impressioniste: sfocamento, panning, scoppio dello zoom e anche una tecnica che utilizza l\u2019uso della vaselina sull\u2019obiettivo o su un filtro, per diffondere la luce in modo pi\u00f9 spettacolare.<\/p>\n<p>\u00a0<a href=\"https:\/\/fiaf.net\/agoradicult\/wp-content\/uploads\/sites\/23\/2014\/11\/023.jpg\"><img loading=\"lazy\" decoding=\"async\" class=\"aligncenter size-full wp-image-8050\" title=\"02\" src=\"https:\/\/fiaf.net\/agoradicult\/wp-content\/uploads\/sites\/23\/2014\/11\/023.jpg\" alt=\"\" width=\"267\" height=\"189\" \/><\/a><br \/>\n&nbsp;<br \/>\n<figure id=\"attachment_8051\" aria-describedby=\"caption-attachment-8051\" style=\"width: 416px\" class=\"wp-caption aligncenter\"><a href=\"https:\/\/fiaf.net\/agoradicult\/wp-content\/uploads\/sites\/23\/2014\/11\/Senza-titolo-1.jpg\"><img loading=\"lazy\" decoding=\"async\" class=\"size-full wp-image-8051\" title=\"Senza titolo-1\" src=\"https:\/\/fiaf.net\/agoradicult\/wp-content\/uploads\/sites\/23\/2014\/11\/Senza-titolo-1.jpg\" alt=\"\" width=\"416\" height=\"785\" srcset=\"https:\/\/fiaf.net\/agoradicult\/wp-content\/uploads\/sites\/23\/2014\/11\/Senza-titolo-1.jpg 416w, https:\/\/fiaf.net\/agoradicult\/wp-content\/uploads\/sites\/23\/2014\/11\/Senza-titolo-1-159x300.jpg 159w\" sizes=\"auto, (max-width: 416px) 100vw, 416px\" \/><\/a><figcaption id=\"caption-attachment-8051\" class=\"wp-caption-text\">Avian \u2013 Dogs \u2013 Plants \u2013 Autumn \u2013 People<\/figcaption><\/figure>\n\n    <div class=\"xs_social_share_widget xs_share_url after_content \t\tmain_content  wslu-style-1 wslu-share-box-shaped wslu-fill-colored wslu-none wslu-share-horizontal wslu-theme-font-no wslu-main_content\">\n\n\t\t\n        <ul>\n\t\t\t        <\/ul>\n    <\/div> \n","protected":false},"excerpt":{"rendered":"<p>EVA POLAK FOTOGRAFA IMPRESSIONISTA &#8211; di Isabella Tholozan (II\u00b0 Parte) Tematica La tematica cui fa riferimento Eva Polak nelle sue &hellip;<\/p>\n","protected":false},"author":15,"featured_media":8049,"comment_status":"open","ping_status":"open","sticky":false,"template":"","format":"standard","meta":{"_acf_changed":false,"footnotes":""},"categories":[],"tags":[],"class_list":["post-8048","post","type-post","status-publish","format-standard","has-post-thumbnail","hentry"],"acf":[],"_links":{"self":[{"href":"https:\/\/fiaf.net\/agoradicult\/wp-json\/wp\/v2\/posts\/8048","targetHints":{"allow":["GET"]}}],"collection":[{"href":"https:\/\/fiaf.net\/agoradicult\/wp-json\/wp\/v2\/posts"}],"about":[{"href":"https:\/\/fiaf.net\/agoradicult\/wp-json\/wp\/v2\/types\/post"}],"author":[{"embeddable":true,"href":"https:\/\/fiaf.net\/agoradicult\/wp-json\/wp\/v2\/users\/15"}],"replies":[{"embeddable":true,"href":"https:\/\/fiaf.net\/agoradicult\/wp-json\/wp\/v2\/comments?post=8048"}],"version-history":[{"count":0,"href":"https:\/\/fiaf.net\/agoradicult\/wp-json\/wp\/v2\/posts\/8048\/revisions"}],"wp:featuredmedia":[{"embeddable":true,"href":"https:\/\/fiaf.net\/agoradicult\/wp-json\/wp\/v2\/media\/8049"}],"wp:attachment":[{"href":"https:\/\/fiaf.net\/agoradicult\/wp-json\/wp\/v2\/media?parent=8048"}],"wp:term":[{"taxonomy":"category","embeddable":true,"href":"https:\/\/fiaf.net\/agoradicult\/wp-json\/wp\/v2\/categories?post=8048"},{"taxonomy":"post_tag","embeddable":true,"href":"https:\/\/fiaf.net\/agoradicult\/wp-json\/wp\/v2\/tags?post=8048"}],"curies":[{"name":"wp","href":"https:\/\/api.w.org\/{rel}","templated":true}]}}