{"id":8126,"date":"2014-11-23T21:00:59","date_gmt":"2014-11-23T19:00:59","guid":{"rendered":"https:\/\/fiaf.net\/agoradicult\/?p=8126"},"modified":"2014-11-23T21:00:59","modified_gmt":"2014-11-23T19:00:59","slug":"aperifoto-del-fotoclub-il-rivellino-piombino-li","status":"publish","type":"post","link":"https:\/\/fiaf.net\/agoradicult\/2014\/11\/23\/aperifoto-del-fotoclub-il-rivellino-piombino-li\/","title":{"rendered":"APERIFOTO &#8211; del Fotoclub &quot;Il Rivellino&quot;, Piombino (LI)"},"content":{"rendered":"<p style=\"text-align: center\"><strong>Cronache di Agor\u00e0 Di Cult: APERIFOTO \u2013 a cura del Fotoclub &#8220;Il Rivellino&#8221;<\/strong><\/p>\n<p style=\"text-align: justify\">Sentirsi l&#8217;unico Circolo in Italia che persegue tale esercizio ci lusinga e ci stimola a proseguire.<br \/>\nCrediamo che la parola \u201caperifoto\u201d scelta per questa iniziativa sia proprio una appropriata figura retorica forse indefinibile. Volevamo, in maniera quasi paradossale, che le immagini dei nostri Soci anziani e corsisti fossero &#8220;prima lette e poi viste\u201d, ma fondamentalmente scevre da qualsiasi atto competitivo ed inserite in un momento di pura mondanit\u00e0 come l&#8217;ora dell&#8217;aperitivo.<br \/>\nIn aggiunta abbiamo avuto la rischiosa pretesa che tali letture fossero fatte dai pi\u00f9 autorevoli rappresentanti della fotografia e della cultura del nostro Comprensorio. Cercavamo l&#8217;ufficialit\u00e0 delle nostre immagini in un momento di piacere collettivo.<\/p>\n<figure id=\"attachment_8128\" aria-describedby=\"caption-attachment-8128\" style=\"width: 580px\" class=\"wp-caption aligncenter\"><a href=\"https:\/\/fiaf.net\/agoradicult\/wp-content\/uploads\/sites\/23\/2014\/11\/Aperifoto3.jpg\"><img loading=\"lazy\" decoding=\"async\" class=\"size-full wp-image-8128\" title=\"Aperifoto3\" src=\"https:\/\/fiaf.net\/agoradicult\/wp-content\/uploads\/sites\/23\/2014\/11\/Aperifoto3.jpg\" alt=\"\" width=\"580\" height=\"387\" srcset=\"https:\/\/fiaf.net\/agoradicult\/wp-content\/uploads\/sites\/23\/2014\/11\/Aperifoto3.jpg 580w, https:\/\/fiaf.net\/agoradicult\/wp-content\/uploads\/sites\/23\/2014\/11\/Aperifoto3-300x200.jpg 300w\" sizes=\"auto, (max-width: 580px) 100vw, 580px\" \/><\/a><figcaption id=\"caption-attachment-8128\" class=\"wp-caption-text\">AperiFoto, La giornalista Francesca Lenzi commenta un&#039;immagine fotografica.<\/figcaption><\/figure>\n<p style=\"text-align: justify\">L&#8217;esperimento c&#8217;\u00e8 sembrato riuscito, le serate sono state piacevolissime e la fotografia \u00e8 stata la protagonista, il mezzo catalizzatore intorno alla quale: commenti, valutazioni, opinioni, cultura e tecnica si sono mischiate in una alchimia perfetta. Didatticamente riteniamo siano stati esercizi di estremo interesse per il nostro Circolo e l&#8217;iniziativa \u00e8 stata apprezzata da tutti i nostri Soci. Sostanzialmente abbiamo voluto dare conferma che la fotografia non \u00e8 esclusivamente un&#8217;immagine (il prodotto di una tecnica e di un&#8217;azione) che vive solo di esteriorit\u00e0, ma ha un linguaggio suo interiore, una sinergia di forze spesso inaspettate anche dallo stesso fotografo. Vanno solo lette, e l&#8217; atmosfera come quella dell&#8217;aperifoto aiuta a vincere timidezze, paure, giudizi impietosi.<\/p>\n<p>Nemici inesorabili perch\u00e8 la fotografia possa vivere dentro di noi.<br \/>\nAbbiamo provato a sconfiggerli&#8230;e ci riproveremo!<br \/>\nFotoclub Il Rivellino<br \/>\n<figure id=\"attachment_8129\" aria-describedby=\"caption-attachment-8129\" style=\"width: 580px\" class=\"wp-caption aligncenter\"><a href=\"https:\/\/fiaf.net\/agoradicult\/wp-content\/uploads\/sites\/23\/2014\/11\/Aperifoto1.jpg\"><img loading=\"lazy\" decoding=\"async\" class=\"size-full wp-image-8129\" title=\"Aperifoto1\" src=\"https:\/\/fiaf.net\/agoradicult\/wp-content\/uploads\/sites\/23\/2014\/11\/Aperifoto1.jpg\" alt=\"\" width=\"580\" height=\"387\" srcset=\"https:\/\/fiaf.net\/agoradicult\/wp-content\/uploads\/sites\/23\/2014\/11\/Aperifoto1.jpg 580w, https:\/\/fiaf.net\/agoradicult\/wp-content\/uploads\/sites\/23\/2014\/11\/Aperifoto1-300x200.jpg 300w\" sizes=\"auto, (max-width: 580px) 100vw, 580px\" \/><\/a><figcaption id=\"caption-attachment-8129\" class=\"wp-caption-text\">Momenti di AperiFoto<\/figcaption><\/figure>\n&nbsp;<br \/>\n<a href=\"https:\/\/fiaf.net\/agoradicult\/wp-content\/uploads\/sites\/23\/2014\/11\/Aperifoto2.jpg\"><img loading=\"lazy\" decoding=\"async\" class=\"aligncenter size-full wp-image-8130\" title=\"Aperifoto2\" src=\"https:\/\/fiaf.net\/agoradicult\/wp-content\/uploads\/sites\/23\/2014\/11\/Aperifoto2.jpg\" alt=\"Momenti di AperiFoto\" width=\"580\" height=\"387\" srcset=\"https:\/\/fiaf.net\/agoradicult\/wp-content\/uploads\/sites\/23\/2014\/11\/Aperifoto2.jpg 580w, https:\/\/fiaf.net\/agoradicult\/wp-content\/uploads\/sites\/23\/2014\/11\/Aperifoto2-300x200.jpg 300w\" sizes=\"auto, (max-width: 580px) 100vw, 580px\" \/><\/a><br \/>\n&nbsp;<br \/>\n<a href=\"https:\/\/fiaf.net\/agoradicult\/wp-content\/uploads\/sites\/23\/2014\/11\/Aperifoto4.jpg\"><img loading=\"lazy\" decoding=\"async\" class=\"aligncenter size-full wp-image-8131\" title=\"Aperifoto4\" src=\"https:\/\/fiaf.net\/agoradicult\/wp-content\/uploads\/sites\/23\/2014\/11\/Aperifoto4.jpg\" alt=\"\" width=\"580\" height=\"298\" srcset=\"https:\/\/fiaf.net\/agoradicult\/wp-content\/uploads\/sites\/23\/2014\/11\/Aperifoto4.jpg 580w, https:\/\/fiaf.net\/agoradicult\/wp-content\/uploads\/sites\/23\/2014\/11\/Aperifoto4-300x154.jpg 300w\" sizes=\"auto, (max-width: 580px) 100vw, 580px\" \/><\/a><br \/>\n&nbsp;<br \/>\n<figure id=\"attachment_8136\" aria-describedby=\"caption-attachment-8136\" style=\"width: 580px\" class=\"wp-caption aligncenter\"><a href=\"https:\/\/fiaf.net\/agoradicult\/wp-content\/uploads\/sites\/23\/2014\/11\/Aperifoto51.jpg\"><img loading=\"lazy\" decoding=\"async\" class=\"size-full wp-image-8136\" title=\"Aperifoto5\" src=\"https:\/\/fiaf.net\/agoradicult\/wp-content\/uploads\/sites\/23\/2014\/11\/Aperifoto51.jpg\" alt=\"\" width=\"580\" height=\"387\" srcset=\"https:\/\/fiaf.net\/agoradicult\/wp-content\/uploads\/sites\/23\/2014\/11\/Aperifoto51.jpg 580w, https:\/\/fiaf.net\/agoradicult\/wp-content\/uploads\/sites\/23\/2014\/11\/Aperifoto51-300x200.jpg 300w\" sizes=\"auto, (max-width: 580px) 100vw, 580px\" \/><\/a><figcaption id=\"caption-attachment-8136\" class=\"wp-caption-text\">AperiFoto con Antonio Presta Direttore del Dipartimento Giovani FIAF<\/figcaption><\/figure>\n<p style=\"text-align: center\">\n\n    <div class=\"xs_social_share_widget xs_share_url after_content \t\tmain_content  wslu-style-1 wslu-share-box-shaped wslu-fill-colored wslu-none wslu-share-horizontal wslu-theme-font-no wslu-main_content\">\n\n\t\t\n        <ul>\n\t\t\t        <\/ul>\n    <\/div> \n","protected":false},"excerpt":{"rendered":"<p>Cronache di Agor\u00e0 Di Cult: APERIFOTO \u2013 a cura del Fotoclub &#8220;Il Rivellino&#8221; Sentirsi l&#8217;unico Circolo in Italia che persegue &hellip;<\/p>\n","protected":false},"author":3,"featured_media":8128,"comment_status":"open","ping_status":"open","sticky":false,"template":"","format":"standard","meta":{"_acf_changed":false,"footnotes":""},"categories":[],"tags":[],"class_list":["post-8126","post","type-post","status-publish","format-standard","has-post-thumbnail","hentry"],"acf":[],"_links":{"self":[{"href":"https:\/\/fiaf.net\/agoradicult\/wp-json\/wp\/v2\/posts\/8126","targetHints":{"allow":["GET"]}}],"collection":[{"href":"https:\/\/fiaf.net\/agoradicult\/wp-json\/wp\/v2\/posts"}],"about":[{"href":"https:\/\/fiaf.net\/agoradicult\/wp-json\/wp\/v2\/types\/post"}],"author":[{"embeddable":true,"href":"https:\/\/fiaf.net\/agoradicult\/wp-json\/wp\/v2\/users\/3"}],"replies":[{"embeddable":true,"href":"https:\/\/fiaf.net\/agoradicult\/wp-json\/wp\/v2\/comments?post=8126"}],"version-history":[{"count":0,"href":"https:\/\/fiaf.net\/agoradicult\/wp-json\/wp\/v2\/posts\/8126\/revisions"}],"wp:featuredmedia":[{"embeddable":true,"href":"https:\/\/fiaf.net\/agoradicult\/wp-json\/wp\/v2\/media\/8128"}],"wp:attachment":[{"href":"https:\/\/fiaf.net\/agoradicult\/wp-json\/wp\/v2\/media?parent=8126"}],"wp:term":[{"taxonomy":"category","embeddable":true,"href":"https:\/\/fiaf.net\/agoradicult\/wp-json\/wp\/v2\/categories?post=8126"},{"taxonomy":"post_tag","embeddable":true,"href":"https:\/\/fiaf.net\/agoradicult\/wp-json\/wp\/v2\/tags?post=8126"}],"curies":[{"name":"wp","href":"https:\/\/api.w.org\/{rel}","templated":true}]}}