{"id":9349,"date":"2015-04-14T21:10:25","date_gmt":"2015-04-14T19:10:25","guid":{"rendered":"https:\/\/fiaf.net\/agoradicult\/?p=9349"},"modified":"2015-04-14T21:10:25","modified_gmt":"2015-04-14T19:10:25","slug":"rifugi-tunnel-di-memoria-di-silvia-zanasi","status":"publish","type":"post","link":"https:\/\/fiaf.net\/agoradicult\/2015\/04\/14\/rifugi-tunnel-di-memoria-di-silvia-zanasi\/","title":{"rendered":"Rifugi. Tunnel di Memoria &#8211; di Silvia Zanasi"},"content":{"rendered":"<p style=\"text-align: center\">Rifugi. Tunnel di Memoria \u2013 di Silvia Zanasi<\/p>\n<p style=\"text-align: justify\">Rifugi -Tunnel di Memoria \u00e8 un progetto realizzato sul territorio francese lungo le Gole del fiume Verdon, localit\u00e0 divenuta tristemente nota per la battaglia di Verdun durante la Grande Guerra.<br \/>\nQuesto territorio \u00e8 caratterizzato da numerosi rifugi difensivi che si distinguono dalle classiche trincee per i suoi lunghi tunnel scavati nel ventre della terra che percorrono il territorio di questa zona.<br \/>\nTuttavia molte persone trovarono la salvezza in questi tunnel sotterranei la cui memoria e storia \u00e8 conservata e ancora nascosta tra le montagne.<br \/>\nCi\u00f2 che inizialmente \u00e8 chiaro e visibile a chi vi s\u2019addentra, termina in un\u2019assenza di luce, la cui fine \u00e8 ignota e sospesa nel tempo.<br \/>\nLa sensazione \u00e8 di trovarsi in un luogo in cui non vi \u00e8 alcuna uscita e il desiderio di poter vedere una luce \u00e8 negato dall\u2019oscurit\u00e0 profonda che s\u2019impossessa di ogni cosa. E\u2019 un buio metaforico che si nutre della vita.<br \/>\nQueste gallerie ci riconducono alla drammaticit\u00e0 della storia, riportando alla luce un passato di sofferenza e paura, come un viaggio nel tempo che unisce il passato a una visione attuale e contemporanea e mentre il mondo esterno si trasforma nel tempo, qui tutto rimane buio, immobile e uguale.<br \/>\nIl buio \u00e8 l\u2019emblema per eccellenza della morte, dell\u2019emarginazione, della solitudine e del mistero, ma la relazione che si viene a creare in questo luogo \u00e8 il risultato di un mondo sotterraneo in cui si rispecchia anche la salvezza: il buio, pur togliendo luce alla visione, \u00e8 frutto del ventre salvifico della terra, in cui il destino delle persone rifugiate era protetto in attesa di poter rivedere il cielo.<br \/>\nIl \u201cpercorso visivo\u201d \u00e8 caratterizzato dall\u2019entrata nella grotta, a seguire il buio crescente fino ad arrivare all\u2019immagine finale caratterizzata da un\u2019apertura di luce; la luce \u00e8 allusiva alla vita, affacciandosi in un mondo luminoso ove il colore si riappropria della realt\u00e0.<br \/>\nNel proprio silenzio, ogni forma di immaginazione prende vita, per ricordare, immaginare e riflettere sulla valenza del territorio e della sua capacit\u00e0 difensiva.<\/p>\n<div id='gallery-1' class='gallery galleryid-9349 gallery-columns-3 gallery-size-thumbnail'><figure class='gallery-item'>\n\t\t\t<div class='gallery-icon landscape'>\n\t\t\t\t<a href='https:\/\/fiaf.net\/agoradicult\/wp-content\/uploads\/sites\/23\/2015\/04\/00_Silvia-Zanasi.jpg'><img loading=\"lazy\" decoding=\"async\" width=\"150\" height=\"150\" src=\"https:\/\/fiaf.net\/agoradicult\/wp-content\/uploads\/sites\/23\/2015\/04\/00_Silvia-Zanasi-150x150.jpg\" class=\"attachment-thumbnail size-thumbnail\" alt=\"\" \/><\/a>\n\t\t\t<\/div><\/figure><figure class='gallery-item'>\n\t\t\t<div class='gallery-icon landscape'>\n\t\t\t\t<a href='https:\/\/fiaf.net\/agoradicult\/wp-content\/uploads\/sites\/23\/2015\/04\/01_Silvia-Zanasi.jpg'><img loading=\"lazy\" decoding=\"async\" width=\"150\" height=\"150\" src=\"https:\/\/fiaf.net\/agoradicult\/wp-content\/uploads\/sites\/23\/2015\/04\/01_Silvia-Zanasi-150x150.jpg\" class=\"attachment-thumbnail size-thumbnail\" alt=\"\" \/><\/a>\n\t\t\t<\/div><\/figure><figure class='gallery-item'>\n\t\t\t<div class='gallery-icon landscape'>\n\t\t\t\t<a href='https:\/\/fiaf.net\/agoradicult\/wp-content\/uploads\/sites\/23\/2015\/04\/02_Silvia-Zanasi.jpg'><img loading=\"lazy\" decoding=\"async\" width=\"150\" height=\"150\" src=\"https:\/\/fiaf.net\/agoradicult\/wp-content\/uploads\/sites\/23\/2015\/04\/02_Silvia-Zanasi-150x150.jpg\" class=\"attachment-thumbnail size-thumbnail\" alt=\"\" \/><\/a>\n\t\t\t<\/div><\/figure><figure class='gallery-item'>\n\t\t\t<div class='gallery-icon landscape'>\n\t\t\t\t<a href='https:\/\/fiaf.net\/agoradicult\/wp-content\/uploads\/sites\/23\/2015\/04\/03_Silvia-Zanasi.jpg'><img loading=\"lazy\" decoding=\"async\" width=\"150\" height=\"150\" src=\"https:\/\/fiaf.net\/agoradicult\/wp-content\/uploads\/sites\/23\/2015\/04\/03_Silvia-Zanasi-150x150.jpg\" class=\"attachment-thumbnail size-thumbnail\" alt=\"\" \/><\/a>\n\t\t\t<\/div><\/figure><figure class='gallery-item'>\n\t\t\t<div class='gallery-icon landscape'>\n\t\t\t\t<a href='https:\/\/fiaf.net\/agoradicult\/wp-content\/uploads\/sites\/23\/2015\/04\/04_Silvia-Zanasi.jpg'><img loading=\"lazy\" decoding=\"async\" width=\"150\" height=\"150\" src=\"https:\/\/fiaf.net\/agoradicult\/wp-content\/uploads\/sites\/23\/2015\/04\/04_Silvia-Zanasi-150x150.jpg\" class=\"attachment-thumbnail size-thumbnail\" alt=\"\" \/><\/a>\n\t\t\t<\/div><\/figure><figure class='gallery-item'>\n\t\t\t<div class='gallery-icon landscape'>\n\t\t\t\t<a href='https:\/\/fiaf.net\/agoradicult\/wp-content\/uploads\/sites\/23\/2015\/04\/05_Silvia-Zanasi.jpg'><img loading=\"lazy\" decoding=\"async\" width=\"150\" height=\"150\" src=\"https:\/\/fiaf.net\/agoradicult\/wp-content\/uploads\/sites\/23\/2015\/04\/05_Silvia-Zanasi-150x150.jpg\" class=\"attachment-thumbnail size-thumbnail\" alt=\"\" \/><\/a>\n\t\t\t<\/div><\/figure><figure class='gallery-item'>\n\t\t\t<div class='gallery-icon landscape'>\n\t\t\t\t<a href='https:\/\/fiaf.net\/agoradicult\/wp-content\/uploads\/sites\/23\/2015\/04\/06_Silvia-Zanasi.jpg'><img loading=\"lazy\" decoding=\"async\" width=\"150\" height=\"150\" src=\"https:\/\/fiaf.net\/agoradicult\/wp-content\/uploads\/sites\/23\/2015\/04\/06_Silvia-Zanasi-150x150.jpg\" class=\"attachment-thumbnail size-thumbnail\" alt=\"\" \/><\/a>\n\t\t\t<\/div><\/figure><figure class='gallery-item'>\n\t\t\t<div class='gallery-icon landscape'>\n\t\t\t\t<a href='https:\/\/fiaf.net\/agoradicult\/wp-content\/uploads\/sites\/23\/2015\/04\/07_Silvia-Zanasi.jpg'><img loading=\"lazy\" decoding=\"async\" width=\"150\" height=\"150\" src=\"https:\/\/fiaf.net\/agoradicult\/wp-content\/uploads\/sites\/23\/2015\/04\/07_Silvia-Zanasi-150x150.jpg\" class=\"attachment-thumbnail size-thumbnail\" alt=\"\" \/><\/a>\n\t\t\t<\/div><\/figure><figure class='gallery-item'>\n\t\t\t<div class='gallery-icon landscape'>\n\t\t\t\t<a href='https:\/\/fiaf.net\/agoradicult\/wp-content\/uploads\/sites\/23\/2015\/04\/08_Silvia-Zanasi.jpg'><img loading=\"lazy\" decoding=\"async\" width=\"150\" height=\"150\" src=\"https:\/\/fiaf.net\/agoradicult\/wp-content\/uploads\/sites\/23\/2015\/04\/08_Silvia-Zanasi-150x150.jpg\" class=\"attachment-thumbnail size-thumbnail\" alt=\"\" \/><\/a>\n\t\t\t<\/div><\/figure><figure class='gallery-item'>\n\t\t\t<div class='gallery-icon landscape'>\n\t\t\t\t<a href='https:\/\/fiaf.net\/agoradicult\/wp-content\/uploads\/sites\/23\/2015\/04\/09_Silvia-Zanasi.jpg'><img loading=\"lazy\" decoding=\"async\" width=\"150\" height=\"150\" src=\"https:\/\/fiaf.net\/agoradicult\/wp-content\/uploads\/sites\/23\/2015\/04\/09_Silvia-Zanasi-150x150.jpg\" class=\"attachment-thumbnail size-thumbnail\" alt=\"\" \/><\/a>\n\t\t\t<\/div><\/figure><figure class='gallery-item'>\n\t\t\t<div class='gallery-icon landscape'>\n\t\t\t\t<a href='https:\/\/fiaf.net\/agoradicult\/wp-content\/uploads\/sites\/23\/2015\/04\/10_Silvia-Zanasi.jpg'><img loading=\"lazy\" decoding=\"async\" width=\"150\" height=\"150\" src=\"https:\/\/fiaf.net\/agoradicult\/wp-content\/uploads\/sites\/23\/2015\/04\/10_Silvia-Zanasi-150x150.jpg\" class=\"attachment-thumbnail size-thumbnail\" alt=\"\" \/><\/a>\n\t\t\t<\/div><\/figure>\n\t\t<\/div>\n\n\n    <div class=\"xs_social_share_widget xs_share_url after_content \t\tmain_content  wslu-style-1 wslu-share-box-shaped wslu-fill-colored wslu-none wslu-share-horizontal wslu-theme-font-no wslu-main_content\">\n\n\t\t\n        <ul>\n\t\t\t        <\/ul>\n    <\/div> \n","protected":false},"excerpt":{"rendered":"<p>Rifugi. Tunnel di Memoria \u2013 di Silvia Zanasi Rifugi -Tunnel di Memoria \u00e8 un progetto realizzato sul territorio francese lungo &hellip;<\/p>\n","protected":false},"author":15,"featured_media":9351,"comment_status":"open","ping_status":"open","sticky":false,"template":"","format":"standard","meta":{"_acf_changed":false,"footnotes":""},"categories":[7,17],"tags":[],"class_list":["post-9349","post","type-post","status-publish","format-standard","has-post-thumbnail","hentry","category-archivio","category-dai-tavoli-di-portfolio"],"acf":[],"_links":{"self":[{"href":"https:\/\/fiaf.net\/agoradicult\/wp-json\/wp\/v2\/posts\/9349","targetHints":{"allow":["GET"]}}],"collection":[{"href":"https:\/\/fiaf.net\/agoradicult\/wp-json\/wp\/v2\/posts"}],"about":[{"href":"https:\/\/fiaf.net\/agoradicult\/wp-json\/wp\/v2\/types\/post"}],"author":[{"embeddable":true,"href":"https:\/\/fiaf.net\/agoradicult\/wp-json\/wp\/v2\/users\/15"}],"replies":[{"embeddable":true,"href":"https:\/\/fiaf.net\/agoradicult\/wp-json\/wp\/v2\/comments?post=9349"}],"version-history":[{"count":0,"href":"https:\/\/fiaf.net\/agoradicult\/wp-json\/wp\/v2\/posts\/9349\/revisions"}],"wp:featuredmedia":[{"embeddable":true,"href":"https:\/\/fiaf.net\/agoradicult\/wp-json\/wp\/v2\/media\/9351"}],"wp:attachment":[{"href":"https:\/\/fiaf.net\/agoradicult\/wp-json\/wp\/v2\/media?parent=9349"}],"wp:term":[{"taxonomy":"category","embeddable":true,"href":"https:\/\/fiaf.net\/agoradicult\/wp-json\/wp\/v2\/categories?post=9349"},{"taxonomy":"post_tag","embeddable":true,"href":"https:\/\/fiaf.net\/agoradicult\/wp-json\/wp\/v2\/tags?post=9349"}],"curies":[{"name":"wp","href":"https:\/\/api.w.org\/{rel}","templated":true}]}}