{"id":9554,"date":"2015-05-10T21:00:15","date_gmt":"2015-05-10T19:00:15","guid":{"rendered":"https:\/\/fiaf.net\/agoradicult\/?p=9554"},"modified":"2015-05-10T21:00:15","modified_gmt":"2015-05-10T19:00:15","slug":"le-figure-operative-di-cult-fiaf","status":"publish","type":"post","link":"https:\/\/fiaf.net\/agoradicult\/2015\/05\/10\/le-figure-operative-di-cult-fiaf\/","title":{"rendered":"Le Figure Operative Di Cult FIAF"},"content":{"rendered":"<p style=\"text-align: center\"><strong>Dipartimento Cultura FIAF<\/strong><\/p>\n<p>Carissimi,<\/p>\n<p style=\"text-align: justify\">Con specifica delibera il Consiglio Nazionale della FIAF presieduto dal Presidente Roberto Rossi ha approvato la proposta da me formulata a nome del Dipartimento Cultura FIAF delle figure operative che dall\u2019inizio della progettazione del Dipartimento furono ideate.<\/p>\n<p style=\"text-align: justify\">L\u2019unica messa a punto che il Consiglio Nazionale FIAF ha richiesto \u00e8 stata quella del Critico Fotografico FIAF che per evitare di invadere ruoli professionali assume il nuovo nome: Operatore in Critica fotografia FIAF.<\/p>\n<p style=\"text-align: justify\">Ritengo che il Consiglio Nazionale FIAF abbia avuto una giusta sensibilit\u00e0 nel chiedere questa variazione anche perch\u00e9 render\u00e0 pi\u00f9 libero da attese troppo alte l\u2019esercizio di questa figura.<\/p>\n<p style=\"text-align: justify\">Ringrazio il Presidente e i Consiglieri per l\u2019attenzione con la quale mi hanno ascoltato e considerato il lavoro condotto nei primi tre anni della nostra piena e appassionata sperimentazione.<\/p>\n<p style=\"text-align: justify\">Ora entreremo in una nuova fase operativa che porter\u00e0 a intraprendere delle iniziative per insignire gi\u00e0 nel prossimo anno diversi iscritti che, nell\u2019ambito di ogni singola figura, si sono distinti e hanno dimostrato la loro competenza.<\/p>\n<p style=\"text-align: justify\">Sotto \u00e8 riportata la mia proposta accetta dal Consiglio Nazionale che presenta in forma organica e sintetica il nostro progetto.<\/p>\n<p style=\"text-align: center\"><strong>Le Figure Operative Di Cult per la cultura fotografica FIAF<\/strong><\/p>\n<p style=\"text-align: justify\">Le Figure Operative proposte dal Dipartimento Cultura FIAF sono ideate per soddisfare due ambiti di necessit\u00e0:<\/p>\n<ul style=\"text-align: justify\">\n<li>Quella di dare una finalit\u00e0 concreta all\u2019espressione della passione fotografica individuale del Socio FIAF.<\/li>\n<li>Quella di creare un ambiente nella Federazione dove i talenti possano maturare e costituire delle figure operative di riferimento per la conduzione dei progetti promossi dalle Associazioni locali o dalla FIAF nazionale.<\/li>\n<\/ul>\n<p style=\"text-align: justify\">Le definizioni delle figure non sono da intendersi formulate in termini generali, ma riferite essenzialmente al contesto locale e nazionale della FIAF, pertanto intese in senso funzionale alle finalit\u00e0 operative della nostra Federazione di Associazioni Fotografiche.<\/p>\n<p style=\"text-align: center\"><strong>Definizione delle Figure Operative Di Cult.<\/strong><\/p>\n<p>\u00a0Figura base rivolta alla diffusione della proposta culturale:<\/p>\n<ul>\n<li><strong>Animatore Culturale FIAF<\/strong><\/li>\n<\/ul>\n<p><strong>\u00a0<\/strong>Figure Specializzate rivolte alla produzione della proposta culturale:<\/p>\n<ul>\n<li><strong>Tutor Fotografico FIAF<\/strong><\/li>\n<li><strong>Storico della fotografia FIAF<\/strong><\/li>\n<li><strong>Operatore di Critica Fotografica FIAF<\/strong><\/li>\n<li><strong>Coordinatore Artistico FIAF<\/strong><\/li>\n<\/ul>\n<p style=\"text-align: justify\">Per giungere alla definizione sintetica delle figure, prima si \u00e8 definito cos\u2019\u00e8 la specifica azione culturale e poi delineata a figura.<\/p>\n<p style=\"text-align: justify\"><strong>1)<\/strong> L\u2019animazione culturale.<\/p>\n<p style=\"text-align: justify\">L\u2019animazione culturale, riferita a un gruppo locale o alla FIAF nazionale, \u00e8 un\u2019azione volta a generare il continuo stimolo culturale verso la fotografia, osservata in tutte le sue forme con atteggiamento intellettuale aperto al pluralismo del pensiero e dei linguaggi.<\/p>\n<p style=\"text-align: justify\">L\u2019<strong>Animatore Culturale FIAF.<\/strong><\/p>\n<p style=\"text-align: justify\">Animatore culturale \u00e8 il Socio FIAF che con la propria proposta culturale ha dimostrato sul campo di riuscire a mantenere continuamente acceso, nella vita collettiva del proprio gruppo di riferimento, l\u2019interesse verso la fotografia con spirito di ricerca e rispetto della pluralit\u00e0 culturale.<\/p>\n<p style=\"text-align: justify\"><strong>2)<\/strong> Il tutoraggio fotografico.<\/p>\n<p style=\"text-align: justify\">Il tutoraggio fotografico \u00e8 rivolto al singolo fotografo e svolge un ruolo &#8220;cerniera&#8221;, tra le esigenze specifiche dell\u2019appassionato fotografo e le proposte didattiche dei Docenti FIAF, per ottenere la massima espressione delle potenzialit\u00e0 del fotografo.<\/p>\n<p style=\"text-align: justify\">Il <strong>Tutor Fotografico FIAF.<\/strong><\/p>\n<p style=\"text-align: justify\">Il Tutor Fotografico FIAF \u00e8 il Socio FIAF esperto che ha dimostrato sul campo di essere in grado di condurre con continuit\u00e0 il tutoraggio fotografico rivolto alla realizzazione di un\u2019opera o nel seguire il percorso artistico del fotografo conducendolo alla massima espressione delle proprie potenzialit\u00e0.<\/p>\n<p style=\"text-align: justify\"><strong>3)<\/strong> Lo studio storico della fotografia.<\/p>\n<p style=\"text-align: justify\">Per la FIAF l\u2019ambito degli studi storici della fotografia \u00e8 rivolto a documentare le storie dei fotografi spesso sconosciuti che hanno condotto con eccellenza l\u2019esercizio della fotografia.<\/p>\n<p style=\"text-align: justify\">Lo <strong>Storico della fotografia FIAF<\/strong>.<\/p>\n<p style=\"text-align: justify\">Lo Storico della fotografia FIAF \u00e8 il Socio FIAF, sensibile alle storie dei fotografi, che ha dimostrato sul campo di essere in grado di:<\/p>\n<ul style=\"text-align: justify\">\n<li>Comprendere l\u2019esperienza fotografica di un autore.<\/li>\n<li>Studiare le sue opere collocandole nell\u2019ambito della Storia della Fotografia.<\/li>\n<li>Comunicare in forma orale e scritta i contenuti umanistici\/artistici che caratterizzano il complesso delle opere di un fotografo.<\/li>\n<\/ul>\n<p style=\"text-align: justify\"><strong>4)<\/strong> La Critica fotografica.<\/p>\n<p style=\"text-align: justify\">E\u2019 lo studio del linguaggio fotografico espresso in un\u2019opera o nel complesso di opere del singolo autore, al fine di comprenderne i contenuti e collocarlo nel fenomeno storico della fotografia nazionale e internazionale.<\/p>\n<p style=\"text-align: justify\">L\u2019<strong>Operatore di<\/strong> <strong>Critica Fotografica FIAF<\/strong><\/p>\n<p style=\"text-align: justify\">L&#8217;Operatore di Critica Fotografica FIAF \u00e8 il Socio FIAF, sensibile all\u2019espressione del linguaggio fotografico, che ha dimostrato sul campo di essere in grado di:<\/p>\n<ul style=\"text-align: justify\">\n<li>Esercitare un\u2019efficace lettura soggettiva, tecnica e strutturale dell\u2019immagine fotografica.<\/li>\n<li>Interpretare il messaggio dell\u2019immagine fotografica, giustificandone l\u2019esito con i propri strumenti di analisi che possono essere di varia natura (estetica, semiotica, linguistica, filosofica, antropologica, psicologica, letteraria, storica, ecc\u2026).<\/li>\n<li>Comunicare in forma orale e scritta rispettivamente la tematica, il processo creativo, la poetica, la collocazione storica, di un\u2019opera fotografica.<\/li>\n<\/ul>\n<p style=\"text-align: justify\"><strong>5)<\/strong> Il coordinamento artistico.<\/p>\n<p style=\"text-align: justify\">E\u2019 un\u2019azione organizzativa e concettuale rivolta alla realizzazione di eventi collettivi quali: progetti fotografici, mostre, festival. A differenza della Direzione Artistica, il Coordinamento Artistico non definisce a priori i contenuti della proposta culturale ma asseconda quella scelta dai fotografi partecipanti. Il Coordinamento Artistico si occupa d\u2019ideare innovando il giusto modello culturale per realizzare con successo un evento fotografico.<\/p>\n<p style=\"text-align: justify\">Il <strong>Coordinatore Artistico FIAF<\/strong>.<\/p>\n<p style=\"text-align: justify\">Il Coordinatore Artistico FIAF \u00e8 il Socio FIAF, attento all\u2019evoluzione della domanda culturale, che ha dimostrato sul campo di studiare innovando i modelli culturali delle attivit\u00e0 fotografiche FIAF, al fine di ottenere i giusti risultati di partecipazione di pubblico che giustifichino gli investimenti di tempo e denaro richiesti.<\/p>\n<p style=\"text-align: justify\">\n<p style=\"text-align: justify\"><strong>Conclusioni<\/strong><\/p>\n<p style=\"text-align: justify\">Queste figure negli anni sono state praticate, e lo sono tuttora, da parte dei Soci FIAF in modo silenzioso e non ufficiale. Dare loro dignit\u00e0 istituzionale e giusto riconoscimento nell\u2019organico FIAF generer\u00e0 una collettiva corretta consapevolezza e chiarezza dei ruoli.<\/p>\n<p style=\"text-align: justify\">L\u2019istituzionalizzazione di queste Figure Operative dar\u00e0 nel Dipartimento Cultura FIAF una concreta motivazione all\u2019avvio spontaneo di numerosi percorsi personali volti a conseguirle. Con la quantit\u00e0 delle autocandidature sar\u00e0 pi\u00f9 possibile far emergere i talenti che con le modalit\u00e0 di coinvolgimento attuali non avrebbero nessuna possibilit\u00e0 di porsi in evidenza. Per accelerare la maturazione delle competenze sar\u00e0 utile organizzare, in sinergia con il Dipartimento Didattica, dei seminari propedeutici per ognuna di queste figure.<\/p>\n<p style=\"text-align: justify\">Come si evince nelle definizioni delle Figure Operative, esse per essere raggiunte richiedono un serio e appassionato lavoro. Il loro riconoscimento di ruolo in FIAF giustificher\u00e0, agli occhi dei candidati, l\u2019investimento in tempo e risorse economiche necessarie per il loro conseguimento.<\/p>\n<p style=\"text-align: justify\">Come emerge nella definizione di ogni singola figura, essa verr\u00e0 riconosciuta in seguito alla dimostrazione sul campo delle competenze richieste. Il tempo ci dir\u00e0 se sar\u00e0 necessario strutturare con regole pi\u00f9 precise questo riconoscimento che oggi \u00e8 lasciato in termini discrezionali al Direttore del Dipartimento Cultura FIAF che a sua volta, per giungere alle proprie conclusioni, potr\u00e0 avvalersi anche di strumenti consultivi dei propri iscritti.<\/p>\n<p style=\"text-align: justify\">Silvano Bicocchi<br \/>\nil Direttore del <strong>Dipartimento Cultura FIAF<\/strong><\/p>\n<p>&nbsp;<br \/>\n<figure id=\"attachment_9555\" aria-describedby=\"caption-attachment-9555\" style=\"width: 580px\" class=\"wp-caption aligncenter\"><a href=\"https:\/\/fiaf.net\/agoradicult\/wp-content\/uploads\/sites\/23\/2015\/05\/52_DiCultTxT_01.jpg\"><img loading=\"lazy\" decoding=\"async\" class=\"size-full wp-image-9555\" src=\"https:\/\/fiaf.net\/agoradicult\/wp-content\/uploads\/sites\/23\/2015\/05\/52_DiCultTxT_01.jpg\" alt=\"Festa del Volontariato 09\/05\/2015, foto Silvano Bicocchi\" width=\"580\" height=\"580\" srcset=\"https:\/\/fiaf.net\/agoradicult\/wp-content\/uploads\/sites\/23\/2015\/05\/52_DiCultTxT_01.jpg 580w, https:\/\/fiaf.net\/agoradicult\/wp-content\/uploads\/sites\/23\/2015\/05\/52_DiCultTxT_01-300x300.jpg 300w, https:\/\/fiaf.net\/agoradicult\/wp-content\/uploads\/sites\/23\/2015\/05\/52_DiCultTxT_01-150x150.jpg 150w\" sizes=\"auto, (max-width: 580px) 100vw, 580px\" \/><\/a><figcaption id=\"caption-attachment-9555\" class=\"wp-caption-text\">Festa del Volontariato 09\/05\/2015, foto Silvano Bicocchi<\/figcaption><\/figure>\n<h5>Iscrivetevi al progetto nazionale TANTI per TUTTI,<br \/>\nseguite le attivit\u00e0 di elaborazione sul blog\u00a0 <a href=\"https:\/\/fiaf.net\/tantipertutti\/\" target=\"_blank\" rel=\"noopener\"><strong>https:\/\/fiaf.net\/tantipertutti\/<\/strong><\/a><\/h5>\n\n    <div class=\"xs_social_share_widget xs_share_url after_content \t\tmain_content  wslu-style-1 wslu-share-box-shaped wslu-fill-colored wslu-none wslu-share-horizontal wslu-theme-font-no wslu-main_content\">\n\n\t\t\n        <ul>\n\t\t\t        <\/ul>\n    <\/div> \n","protected":false},"excerpt":{"rendered":"<p>Dipartimento Cultura FIAF Carissimi, Con specifica delibera il Consiglio Nazionale della FIAF presieduto dal Presidente Roberto Rossi ha approvato la &hellip;<\/p>\n","protected":false},"author":3,"featured_media":9555,"comment_status":"open","ping_status":"open","sticky":false,"template":"","format":"standard","meta":{"_acf_changed":false,"footnotes":""},"categories":[7,11],"tags":[],"class_list":["post-9554","post","type-post","status-publish","format-standard","has-post-thumbnail","hentry","category-archivio","category-comunicazioni-del-dipartimento"],"acf":[],"_links":{"self":[{"href":"https:\/\/fiaf.net\/agoradicult\/wp-json\/wp\/v2\/posts\/9554","targetHints":{"allow":["GET"]}}],"collection":[{"href":"https:\/\/fiaf.net\/agoradicult\/wp-json\/wp\/v2\/posts"}],"about":[{"href":"https:\/\/fiaf.net\/agoradicult\/wp-json\/wp\/v2\/types\/post"}],"author":[{"embeddable":true,"href":"https:\/\/fiaf.net\/agoradicult\/wp-json\/wp\/v2\/users\/3"}],"replies":[{"embeddable":true,"href":"https:\/\/fiaf.net\/agoradicult\/wp-json\/wp\/v2\/comments?post=9554"}],"version-history":[{"count":0,"href":"https:\/\/fiaf.net\/agoradicult\/wp-json\/wp\/v2\/posts\/9554\/revisions"}],"wp:featuredmedia":[{"embeddable":true,"href":"https:\/\/fiaf.net\/agoradicult\/wp-json\/wp\/v2\/media\/9555"}],"wp:attachment":[{"href":"https:\/\/fiaf.net\/agoradicult\/wp-json\/wp\/v2\/media?parent=9554"}],"wp:term":[{"taxonomy":"category","embeddable":true,"href":"https:\/\/fiaf.net\/agoradicult\/wp-json\/wp\/v2\/categories?post=9554"},{"taxonomy":"post_tag","embeddable":true,"href":"https:\/\/fiaf.net\/agoradicult\/wp-json\/wp\/v2\/tags?post=9554"}],"curies":[{"name":"wp","href":"https:\/\/api.w.org\/{rel}","templated":true}]}}