{"id":1495,"date":"2021-10-12T10:22:56","date_gmt":"2021-10-12T08:22:56","guid":{"rendered":"https:\/\/ambientefuturo.fiaf.net\/?p=1495"},"modified":"2022-01-17T12:30:03","modified_gmt":"2022-01-17T11:30:03","slug":"il-mondo-della-non-violenza-di-nicola-perfetto","status":"publish","type":"post","link":"https:\/\/fiaf.net\/ambientefuturo\/2021\/10\/12\/il-mondo-della-non-violenza-di-nicola-perfetto\/","title":{"rendered":"\u201cIl mondo della non violenza\u201d di Nicola Perfetto"},"content":{"rendered":"\n<p style=\"text-align: center\">Quando i rifiuti creano un mondo immaginario:<br \/><strong>\u201cIl mondo della non violenza\u201d\u00a0 di Nicola Perfetto.<\/strong><\/p>\n<p>Dopo il reportage sulla Terra dei fuochi, pubblicato nell\u2019aprile del 2020, torno al tema dei rifiuti, tra i principali responsabili della crisi ambientale. Un mondo senza rifiuti \u00e8 l\u2019obiettivo ideale e quindi anche \u201cutopico\u201d della sostenibilit\u00e0, concetto oggi sostituito da quello di economia circolare. La fotografia permette di richiamare l\u2019attenzione percorrendo vie diverse, da\u00a0 giornalistiche ad artistiche. \u00c8 in queste ultime che rientra la serie di Nicola Perfetto, la cui delicatezza poetica sollecita la riflessione sul destino dei rifiuti. L\u2019autore non illustra come le nuove tecnologie possano aiutarci nello smaltimento senza danneggiare l\u2019ambiente e neanche quanto sia importante la gestione della differenziata ma ci porta in un mondo immaginario. Di questo sentiamo il bisogno, quando di fronte alle ripetute sciagure, le parole vengono meno e\u00a0 ricorriamo all\u2019arte e alla poesia.<\/p>\n<p>Il \u2018900 \u00e8 stato il secolo della plastica. Negli anni \u201960 irrompe nella vita quotidiana, nelle cucine, nei salotti, nel design e nella moda, diventando accessibile a tutti. Colora lo stile di vita moderno fino a essere un materiale sempre pi\u00f9 sofisticato che invade infiniti campi di utilizzo. E oggi? Ne documentiamo gli scarti. Le plastiche e molti altri materiali li raccogliamo in uno sterminato elenco di disastri ambientali. Le fotografie si prestano alla denuncia e alla riflessione sull\u2019Antropocene ma i fatti recenti, ovviamente la pandemia, sono nuovi e la fotografia deve esplorare altre piste narrative, raccontare il proprio tempo e immaginare ci\u00f2 che appena si intravede. Non \u00e8 nuova l\u2019idea dei rifiuti che diventano arte. Picasso, Alberto Burri, Rotella, Boltansky, Spoerri, Duchamp e quanti altri artisti si potrebbero citare, con intenti simili ma diversi, dalla protesta verso il consumismo al nobilitare materiali poveri. C\u2019\u00e8 per\u00f2 un nesso comune: sta nella natura umana il disperato tentativo di ricomporre i propri frammenti, forse col desiderio impossibile di immortalit\u00e0 e noi con la fotografia ne sappiamo qualcosa. L\u2019immaginazione \u00e8 una risorsa di cui disporre e Perfetto la racchiude nei suoi fotogrammi dove riporta a nuova vita lo spreco, lo scarto, il rimosso, creando poeticamente la fiaba di un mondo che non esiste, che chiama \u201cIl mondo della non violenza\u201d. \u00c8 cos\u00ec che la narrazione diventa sentimentale e si alleggerisce di quel senso di sopraffazione dagli oggetti di consumo, di cui non sappiamo che farcene se non saranno la tecnologia e il nostro buon senso a liberarcene o a riutilizzarli. Nel mondo di Perfetto, visibile sulla sua pagina Facebook, i personaggi che inventa hanno un nome e ogni immagine \u00e8 accompagnata da parole buone, empatiche, utopiche che evocano la nostra umanit\u00e0 e la necessit\u00e0 di una mobilitazione collettiva.<\/p>\n<p><strong>Piera Cavalieri<\/strong><\/p>\n\n    <div class=\"xs_social_share_widget xs_share_url after_content \t\tmain_content  wslu-style-1 wslu-share-box-shaped wslu-fill-colored wslu-none wslu-share-horizontal wslu-theme-font-no wslu-main_content\">\n\n\t\t\n        <ul>\n\t\t\t        <\/ul>\n    <\/div> \n","protected":false},"excerpt":{"rendered":"<p>Quando i rifiuti creano un mondo immaginario:\u201cIl mondo della non violenza\u201d\u00a0 di Nicola Perfetto. Dopo il reportage sulla Terra dei fuochi, pubblicato nell\u2019aprile del 2020, torno al tema dei rifiuti, tra i principali responsabili della crisi ambientale. Un mondo senza rifiuti \u00e8 l\u2019obiettivo ideale e quindi anche \u201cutopico\u201d della sostenibilit\u00e0, concetto oggi sostituito da quello di economia circolare. La fotografia permette di richiamare l\u2019attenzione percorrendo vie diverse, da\u00a0 giornalistiche ad artistiche. \u00c8 in queste ultime che rientra la serie di Nicola Perfetto, la cui delicatezza poetica sollecita la riflessione sul destino dei rifiuti. L\u2019autore non illustra come le nuove tecnologie possano aiutarci nello smaltimento senza danneggiare l\u2019ambiente e neanche quanto sia importante la gestione della differenziata ma ci porta in un mondo immaginario. Di questo sentiamo il bisogno, quando di fronte alle ripetute sciagure, le [&hellip;]<\/p>\n","protected":false},"author":1,"featured_media":1521,"comment_status":"open","ping_status":"open","sticky":false,"template":"","format":"gallery","meta":{"_acf_changed":false,"footnotes":""},"categories":[2],"tags":[50,67,70],"class_list":["post-1495","post","type-post","status-publish","format-gallery","has-post-thumbnail","hentry","category-blog","tag-economia-circolare","tag-plastica","tag-rifiuti","post_format-post-format-gallery"],"acf":[],"_links":{"self":[{"href":"https:\/\/fiaf.net\/ambientefuturo\/wp-json\/wp\/v2\/posts\/1495","targetHints":{"allow":["GET"]}}],"collection":[{"href":"https:\/\/fiaf.net\/ambientefuturo\/wp-json\/wp\/v2\/posts"}],"about":[{"href":"https:\/\/fiaf.net\/ambientefuturo\/wp-json\/wp\/v2\/types\/post"}],"author":[{"embeddable":true,"href":"https:\/\/fiaf.net\/ambientefuturo\/wp-json\/wp\/v2\/users\/1"}],"replies":[{"embeddable":true,"href":"https:\/\/fiaf.net\/ambientefuturo\/wp-json\/wp\/v2\/comments?post=1495"}],"version-history":[{"count":1,"href":"https:\/\/fiaf.net\/ambientefuturo\/wp-json\/wp\/v2\/posts\/1495\/revisions"}],"predecessor-version":[{"id":1929,"href":"https:\/\/fiaf.net\/ambientefuturo\/wp-json\/wp\/v2\/posts\/1495\/revisions\/1929"}],"wp:featuredmedia":[{"embeddable":true,"href":"https:\/\/fiaf.net\/ambientefuturo\/wp-json\/wp\/v2\/media\/1521"}],"wp:attachment":[{"href":"https:\/\/fiaf.net\/ambientefuturo\/wp-json\/wp\/v2\/media?parent=1495"}],"wp:term":[{"taxonomy":"category","embeddable":true,"href":"https:\/\/fiaf.net\/ambientefuturo\/wp-json\/wp\/v2\/categories?post=1495"},{"taxonomy":"post_tag","embeddable":true,"href":"https:\/\/fiaf.net\/ambientefuturo\/wp-json\/wp\/v2\/tags?post=1495"}],"curies":[{"name":"wp","href":"https:\/\/api.w.org\/{rel}","templated":true}]}}