{"id":2252,"date":"2022-05-02T10:41:11","date_gmt":"2022-05-02T08:41:11","guid":{"rendered":"https:\/\/fiaf.net\/ambientefuturo\/?p=2252"},"modified":"2022-05-02T10:41:11","modified_gmt":"2022-05-02T08:41:11","slug":"aria-acqua-terra-fuoco-simona-bertarelli","status":"publish","type":"post","link":"https:\/\/fiaf.net\/ambientefuturo\/2022\/05\/02\/aria-acqua-terra-fuoco-simona-bertarelli\/","title":{"rendered":"Aria. Acqua. Terra. Fuoco.  &#8211;  Simona Bertarelli"},"content":{"rendered":"<p>Immagini surreali che attraverso la finzione esplorano la realt\u00e0 della crisi ambientale. Il tema, che \u00e8 quanto di pi\u00f9 concreto e visibile agli occhi di tutti, ha offerto all\u2019autrice la possibilit\u00e0 di un\u2019interpretazione insolita. Il risultato \u00e8 un lirismo moderno ed enigmatico che suscita interrogativi. Il titolo allude, come indica l\u2019autrice, al principio di tutte le cosmogonie: l\u2019equilibrio tra i quattro elementi, necessario per la sopravvivenza del cosmo. La campagna crevalcorese fornisce la suggestione del macrocosmo naturale, in cui il microcosmo umano, i suoi autoscatti, \u00e8 in cerca di una stabilit\u00e0 incerta. In un paesaggio in via di desertificazione, di rifiuti, di plastica, di aria inquinata, lei, minuscola, si destreggia con la delicatezza di un funambolo.<\/p>\n<p><strong>Piera Cavalieri<\/strong><\/p>\n<p>\u00a0<\/p>\n<p>\u00a0<\/p>\n<p>\u00a0<\/p>\n\n    <div class=\"xs_social_share_widget xs_share_url after_content \t\tmain_content  wslu-style-1 wslu-share-box-shaped wslu-fill-colored wslu-none wslu-share-horizontal wslu-theme-font-no wslu-main_content\">\n\n\t\t\n        <ul>\n\t\t\t        <\/ul>\n    <\/div> \n","protected":false},"excerpt":{"rendered":"<p>Immagini surreali che attraverso la finzione esplorano la realt\u00e0 della crisi ambientale. Il tema, che \u00e8 quanto di pi\u00f9 concreto e visibile agli occhi di tutti, ha offerto all\u2019autrice la possibilit\u00e0 di un\u2019interpretazione insolita. Il risultato \u00e8 un lirismo moderno ed enigmatico che suscita interrogativi. Il titolo allude, come indica l\u2019autrice, al principio di tutte le cosmogonie: l\u2019equilibrio tra i quattro elementi, necessario per la sopravvivenza del cosmo. La campagna crevalcorese fornisce la suggestione del macrocosmo naturale, in cui il microcosmo umano, i suoi autoscatti, \u00e8 in cerca di una stabilit\u00e0 incerta. In un paesaggio in via di desertificazione, di rifiuti, di plastica, di aria inquinata, lei, minuscola, si destreggia con la delicatezza di un funambolo. Piera Cavalieri \u00a0 \u00a0 \u00a0<\/p>\n","protected":false},"author":64,"featured_media":2253,"comment_status":"open","ping_status":"open","sticky":false,"template":"","format":"gallery","meta":{"_acf_changed":false,"footnotes":""},"categories":[2],"tags":[59,70],"class_list":["post-2252","post","type-post","status-publish","format-gallery","has-post-thumbnail","hentry","category-blog","tag-inquinamento","tag-rifiuti","post_format-post-format-gallery"],"acf":[],"_links":{"self":[{"href":"https:\/\/fiaf.net\/ambientefuturo\/wp-json\/wp\/v2\/posts\/2252","targetHints":{"allow":["GET"]}}],"collection":[{"href":"https:\/\/fiaf.net\/ambientefuturo\/wp-json\/wp\/v2\/posts"}],"about":[{"href":"https:\/\/fiaf.net\/ambientefuturo\/wp-json\/wp\/v2\/types\/post"}],"author":[{"embeddable":true,"href":"https:\/\/fiaf.net\/ambientefuturo\/wp-json\/wp\/v2\/users\/64"}],"replies":[{"embeddable":true,"href":"https:\/\/fiaf.net\/ambientefuturo\/wp-json\/wp\/v2\/comments?post=2252"}],"version-history":[{"count":1,"href":"https:\/\/fiaf.net\/ambientefuturo\/wp-json\/wp\/v2\/posts\/2252\/revisions"}],"predecessor-version":[{"id":2257,"href":"https:\/\/fiaf.net\/ambientefuturo\/wp-json\/wp\/v2\/posts\/2252\/revisions\/2257"}],"wp:featuredmedia":[{"embeddable":true,"href":"https:\/\/fiaf.net\/ambientefuturo\/wp-json\/wp\/v2\/media\/2253"}],"wp:attachment":[{"href":"https:\/\/fiaf.net\/ambientefuturo\/wp-json\/wp\/v2\/media?parent=2252"}],"wp:term":[{"taxonomy":"category","embeddable":true,"href":"https:\/\/fiaf.net\/ambientefuturo\/wp-json\/wp\/v2\/categories?post=2252"},{"taxonomy":"post_tag","embeddable":true,"href":"https:\/\/fiaf.net\/ambientefuturo\/wp-json\/wp\/v2\/tags?post=2252"}],"curies":[{"name":"wp","href":"https:\/\/api.w.org\/{rel}","templated":true}]}}