{"id":2409,"date":"2022-06-07T20:16:26","date_gmt":"2022-06-07T18:16:26","guid":{"rendered":"https:\/\/fiaf.net\/ambientefuturo\/?p=2409"},"modified":"2022-06-07T20:16:26","modified_gmt":"2022-06-07T18:16:26","slug":"inquinamento-luminoso-dove-finiscono-le-stelle-flavio-ghiretti","status":"publish","type":"post","link":"https:\/\/fiaf.net\/ambientefuturo\/2022\/06\/07\/inquinamento-luminoso-dove-finiscono-le-stelle-flavio-ghiretti\/","title":{"rendered":"Inquinamento luminoso, dove finiscono le stelle \u2013 Flavio Ghiretti"},"content":{"rendered":"<p>La notte, nero inchiostro, quella in cui splende la via lattea, pare sia \u00a0diventata una rarit\u00e0 o un ricordo e a esserne la causa \u00e8 il nostro mondo sempre pi\u00f9 illuminato. Nelle raffinate fotografie di Flavio Ghiretti, realizzate di notte, lungo le rive del Po, cogliamo quanto il bagliore delle luci artificiali nasconda le stelle, restituendoci un\u2019idea di giorno perpetuo. L\u2019inquinamento luminoso non \u00e8 affatto irrilevante. Il nostro pianeta per buona parte non \u00e8 pi\u00f9 sotto un cielo completamente scuro, un problema che non riguarda solo gli astronomi. L\u2019eccesso di illuminazione artificiale comporta conseguenze sulla nostra salute, altera gli ecosistemi e la stessa percezione del cosmo, che accompagna\u00a0 da sempre la vita dell\u2019uomo, potrebbe indebolirsi.<\/p>\n<p><strong>Piera Cavalieri<\/strong><\/p>\n<p>&nbsp;<\/p>\n<p>&nbsp;<\/p>\n<p>&nbsp;<\/p>\n\n    <div class=\"xs_social_share_widget xs_share_url after_content \t\tmain_content  wslu-style-1 wslu-share-box-shaped wslu-fill-colored wslu-none wslu-share-horizontal wslu-theme-font-no wslu-main_content\">\n\n\t\t\n        <ul>\n\t\t\t        <\/ul>\n    <\/div> \n","protected":false},"excerpt":{"rendered":"<p>La notte, nero inchiostro, quella in cui splende la via lattea, pare sia \u00a0diventata una rarit\u00e0 o un ricordo e a esserne la causa \u00e8 il nostro mondo sempre pi\u00f9 illuminato. Nelle raffinate fotografie di Flavio Ghiretti, realizzate di notte, lungo le rive del Po, cogliamo quanto il bagliore delle luci artificiali nasconda le stelle, restituendoci un\u2019idea di giorno perpetuo. L\u2019inquinamento luminoso non \u00e8 affatto irrilevante. Il nostro pianeta per buona parte non \u00e8 pi\u00f9 sotto un cielo completamente scuro, un problema che non riguarda solo gli astronomi. L\u2019eccesso di illuminazione artificiale comporta conseguenze sulla nostra salute, altera gli ecosistemi e la stessa percezione del cosmo, che accompagna\u00a0 da sempre la vita dell\u2019uomo, potrebbe indebolirsi. Piera Cavalieri &nbsp; &nbsp; &nbsp;<\/p>\n","protected":false},"author":64,"featured_media":2410,"comment_status":"open","ping_status":"open","sticky":false,"template":"","format":"gallery","meta":{"_acf_changed":false,"footnotes":""},"categories":[2],"tags":[59],"class_list":["post-2409","post","type-post","status-publish","format-gallery","has-post-thumbnail","hentry","category-blog","tag-inquinamento","post_format-post-format-gallery"],"acf":[],"_links":{"self":[{"href":"https:\/\/fiaf.net\/ambientefuturo\/wp-json\/wp\/v2\/posts\/2409","targetHints":{"allow":["GET"]}}],"collection":[{"href":"https:\/\/fiaf.net\/ambientefuturo\/wp-json\/wp\/v2\/posts"}],"about":[{"href":"https:\/\/fiaf.net\/ambientefuturo\/wp-json\/wp\/v2\/types\/post"}],"author":[{"embeddable":true,"href":"https:\/\/fiaf.net\/ambientefuturo\/wp-json\/wp\/v2\/users\/64"}],"replies":[{"embeddable":true,"href":"https:\/\/fiaf.net\/ambientefuturo\/wp-json\/wp\/v2\/comments?post=2409"}],"version-history":[{"count":1,"href":"https:\/\/fiaf.net\/ambientefuturo\/wp-json\/wp\/v2\/posts\/2409\/revisions"}],"predecessor-version":[{"id":2424,"href":"https:\/\/fiaf.net\/ambientefuturo\/wp-json\/wp\/v2\/posts\/2409\/revisions\/2424"}],"wp:featuredmedia":[{"embeddable":true,"href":"https:\/\/fiaf.net\/ambientefuturo\/wp-json\/wp\/v2\/media\/2410"}],"wp:attachment":[{"href":"https:\/\/fiaf.net\/ambientefuturo\/wp-json\/wp\/v2\/media?parent=2409"}],"wp:term":[{"taxonomy":"category","embeddable":true,"href":"https:\/\/fiaf.net\/ambientefuturo\/wp-json\/wp\/v2\/categories?post=2409"},{"taxonomy":"post_tag","embeddable":true,"href":"https:\/\/fiaf.net\/ambientefuturo\/wp-json\/wp\/v2\/tags?post=2409"}],"curies":[{"name":"wp","href":"https:\/\/api.w.org\/{rel}","templated":true}]}}