{"id":2425,"date":"2022-06-09T09:45:06","date_gmt":"2022-06-09T07:45:06","guid":{"rendered":"https:\/\/fiaf.net\/ambientefuturo\/?p=2425"},"modified":"2022-06-09T09:45:06","modified_gmt":"2022-06-09T07:45:06","slug":"la-mostra-del-circolo-punti-di-vista-di-san-pietro-in-casale-bo","status":"publish","type":"post","link":"https:\/\/fiaf.net\/ambientefuturo\/2022\/06\/09\/la-mostra-del-circolo-punti-di-vista-di-san-pietro-in-casale-bo\/","title":{"rendered":"La mostra del Circolo \u201cPunti di Vista\u201d di San Pietro in Casale (BO)"},"content":{"rendered":"<p class=\"p1\">Una mostra fotografica estremamente interessante, che ha colto in pieno lo spirito del progetto collettivo nazionale AMBIENTE CLIMA FUTURO per avere coinvolto giovani studenti, quella del <b>Circolo \u201cPunti di Vista\u201d di San Pietro in Casale (BO)<\/b>.<br \/>\nL\u2019inaugurazione c\u2019\u00e8 stata lo scorso 31 maggio per esigenze \u201cdi calendario scolastico\u201d, visto che doveva essere visitata da scolaresche della zona. Uno dei due progetti esposti, infatti, \u00e8 legato a due uscite didattiche che i ragazzi hanno effettuato presso una discarica locale.<br \/>\nAl taglio del nastro era presente l\u2019Amministrazione comunale al completo, cos\u00ec come in occasione delle visite delle classi dei ragazzi.<\/p>\n<p class=\"p1\">La mostra \u00e8 visitabile presso l\u2019atrio del Comune di Galliera, Piazza Eroi della Libert\u00e0 1, Galliera (BO) e si protrarr\u00e0 con certezza sino al 25 giugno, con i seguenti orari: marted\u00ec 14-17, mercoled\u00ec 9-13.30, sabato 9-12.30. Il presidente del circolo Punti di Vista, Andrea Marcuz, non esclude che la mostra possa rimanere aperta oltre quella data ed essere anche esportata in altre realt\u00e0 del territorio.<\/p>\n<p class=\"p1\">I progetti esposti sono due: 15 dittici dal titolo \u201cDAI DIAMANTI NON NASCE NIENTE, DAL LETAME NASCONO I FIOR\u2026\u201d, cui hanno aderito diversi soci del Circolo con il coordinamento di Lucia Sciuto; l\u2019altro \u00e8 \u201cUN MONDO DA SALVARE\u201d di Valentino Brunelli.<\/p>\n<p class=\"p2\">Questa \u00e8 la descrizione che accompagna il progetto \u201cDai diamanti non nasce niente, dal letame nascono i fior\u2026\u201d:<br \/>\n\u201cIl progetto \u00e8 stato realizzato in collaborazione con il Distretto scolastico del Comune di Galliera. Sono state coinvolte due classi della scuola primaria che in due uscite hanno visitato una ex discarica, accompagnati oltre che da alcuni fotografi del Circolo, da un botanico di grande esperienza, un vivaista di piante autoctone e da un tecnico di hera, la societ\u00e0 che gestisce la ex discarica. I ragazzi hanno scattato foto ascoltato con attenzione le spiegazioni date loro e successivamente hanno prodotto disegni, pensieri e riflessioni sull\u2019ambiente da loro visto. Uno sguardo al presente proiettato sul futuro. Nella mostra sono state esposte anche altre due immagini di un esponente del Circolo che ha partecipato al progetto\u201d.<\/p>\n\n    <div class=\"xs_social_share_widget xs_share_url after_content \t\tmain_content  wslu-style-1 wslu-share-box-shaped wslu-fill-colored wslu-none wslu-share-horizontal wslu-theme-font-no wslu-main_content\">\n\n\t\t\n        <ul>\n\t\t\t        <\/ul>\n    <\/div> \n","protected":false},"excerpt":{"rendered":"<p>Una mostra fotografica estremamente interessante, che ha colto in pieno lo spirito del progetto collettivo nazionale AMBIENTE CLIMA FUTURO per avere coinvolto giovani studenti, quella del Circolo \u201cPunti di Vista\u201d di San Pietro in Casale (BO). L\u2019inaugurazione c\u2019\u00e8 stata lo scorso 31 maggio per esigenze \u201cdi calendario scolastico\u201d, visto che doveva essere visitata da scolaresche della zona. Uno dei due progetti esposti, infatti, \u00e8 legato a due uscite didattiche che i ragazzi hanno effettuato presso una discarica locale. Al taglio del nastro era presente l\u2019Amministrazione comunale al completo, cos\u00ec come in occasione delle visite delle classi dei ragazzi. La mostra \u00e8 visitabile presso l\u2019atrio del Comune di Galliera, Piazza Eroi della Libert\u00e0 1, Galliera (BO) e si protrarr\u00e0 con certezza sino al 25 giugno, con i seguenti orari: marted\u00ec 14-17, mercoled\u00ec 9-13.30, sabato 9-12.30. Il [&hellip;]<\/p>\n","protected":false},"author":64,"featured_media":2434,"comment_status":"open","ping_status":"open","sticky":false,"template":"","format":"gallery","meta":{"_acf_changed":false,"footnotes":""},"categories":[4],"tags":[99],"class_list":["post-2425","post","type-post","status-publish","format-gallery","has-post-thumbnail","hentry","category-news","tag-mostre-locali","post_format-post-format-gallery"],"acf":[],"_links":{"self":[{"href":"https:\/\/fiaf.net\/ambientefuturo\/wp-json\/wp\/v2\/posts\/2425","targetHints":{"allow":["GET"]}}],"collection":[{"href":"https:\/\/fiaf.net\/ambientefuturo\/wp-json\/wp\/v2\/posts"}],"about":[{"href":"https:\/\/fiaf.net\/ambientefuturo\/wp-json\/wp\/v2\/types\/post"}],"author":[{"embeddable":true,"href":"https:\/\/fiaf.net\/ambientefuturo\/wp-json\/wp\/v2\/users\/64"}],"replies":[{"embeddable":true,"href":"https:\/\/fiaf.net\/ambientefuturo\/wp-json\/wp\/v2\/comments?post=2425"}],"version-history":[{"count":1,"href":"https:\/\/fiaf.net\/ambientefuturo\/wp-json\/wp\/v2\/posts\/2425\/revisions"}],"predecessor-version":[{"id":2441,"href":"https:\/\/fiaf.net\/ambientefuturo\/wp-json\/wp\/v2\/posts\/2425\/revisions\/2441"}],"wp:featuredmedia":[{"embeddable":true,"href":"https:\/\/fiaf.net\/ambientefuturo\/wp-json\/wp\/v2\/media\/2434"}],"wp:attachment":[{"href":"https:\/\/fiaf.net\/ambientefuturo\/wp-json\/wp\/v2\/media?parent=2425"}],"wp:term":[{"taxonomy":"category","embeddable":true,"href":"https:\/\/fiaf.net\/ambientefuturo\/wp-json\/wp\/v2\/categories?post=2425"},{"taxonomy":"post_tag","embeddable":true,"href":"https:\/\/fiaf.net\/ambientefuturo\/wp-json\/wp\/v2\/tags?post=2425"}],"curies":[{"name":"wp","href":"https:\/\/api.w.org\/{rel}","templated":true}]}}