{"id":1425,"date":"2025-09-25T17:16:21","date_gmt":"2025-09-25T15:16:21","guid":{"rendered":"https:\/\/fiaf.net\/basilicata\/?p=1425"},"modified":"2025-09-25T17:16:21","modified_gmt":"2025-09-25T15:16:21","slug":"a-matera-la-mostra-fotografica-i-paesi-e-le-radici","status":"publish","type":"post","link":"https:\/\/fiaf.net\/basilicata\/a-matera-la-mostra-fotografica-i-paesi-e-le-radici\/","title":{"rendered":"A MATERA LA MOSTRA FOTOGRAFICA \u201cI PAESI E LE RADICI\u201d"},"content":{"rendered":"<p style=\"font-weight: 400\">\u00c8 stata inaugurata lo scorso 24 settembre a Matera, presso l\u2019Open Space dell\u2019Agenzia di Promozione Territoriale della Basilicata in piazza Vittorio Veneto a Matera, la mostra fotografica \u201cI peasi e le radici\u201d organizzata da Italea Basilicata nell\u2019ambito del progetto Turismo delle Radici voluto dal Ministero per gli Affari Esteri e Cooperazione Internazionale, finanziato dall\u2019Unione Europea e in collaborazione con il Ministero della Cultura.<\/p>\n<p><img loading=\"lazy\" decoding=\"async\" class=\"wp-image-1426 aligncenter\" src=\"https:\/\/fiaf.net\/basilicata\/wp-content\/uploads\/sites\/16\/2025\/09\/07_Paesi_Radici-212x300.jpeg\" alt=\"\" width=\"420\" height=\"594\" srcset=\"https:\/\/fiaf.net\/basilicata\/wp-content\/uploads\/sites\/16\/2025\/09\/07_Paesi_Radici-212x300.jpeg 212w, https:\/\/fiaf.net\/basilicata\/wp-content\/uploads\/sites\/16\/2025\/09\/07_Paesi_Radici-724x1024.jpeg 724w, https:\/\/fiaf.net\/basilicata\/wp-content\/uploads\/sites\/16\/2025\/09\/07_Paesi_Radici-768x1086.jpeg 768w, https:\/\/fiaf.net\/basilicata\/wp-content\/uploads\/sites\/16\/2025\/09\/07_Paesi_Radici-1086x1536.jpeg 1086w, https:\/\/fiaf.net\/basilicata\/wp-content\/uploads\/sites\/16\/2025\/09\/07_Paesi_Radici.jpeg 1131w\" sizes=\"auto, (max-width: 420px) 100vw, 420px\" \/><\/p>\n<p style=\"font-weight: 400\">Italea Basilicata \u00e8 la declinazione lucana del progetto nazionale di Italea, gestito dalla societ\u00e0 Paesi e Radici, vincitore del bando del Maeci per le attivit\u00e0 regionali sul turismo delle origini, e questo evento chiude di fatto le attivit\u00e0 dedicate al progetto.<\/p>\n<p style=\"font-weight: 400\">Attivit\u00e0 che per circa due anni hanno visto la compagine lucana occuparsi di partnership, laboratori, workshop ed eventi nei comuni lucani e all\u2019estero, oltre che partecipazione a seminari e produzione di ricerche genealogiche, fino a culminare nella mostra fotografica curata dall\u2019Associazione Fotoclub Matera, che rimarr\u00e0 in esposizione fino all\u201911 ottobre 2025.<\/p>\n<p style=\"font-weight: 400\">Al vernissage hanno preso parte il presidente di Paesi e Radici, Michele Cappiello, la coordinatrice di Italea per la Basilicata Elvira De Giacomo, il rappresentante dell\u2019APT Basilicata, Giovanni De Santis.<\/p>\n<p>Vi aspettiamo!<\/p>\n<p style=\"font-weight: 400\">\n\n    <div class=\"xs_social_share_widget xs_share_url after_content \t\tmain_content  wslu-style-1 wslu-share-box-shaped wslu-fill-colored wslu-none wslu-share-horizontal wslu-theme-font-no wslu-main_content\">\n\n\t\t\n        <ul>\n\t\t\t        <\/ul>\n    <\/div> \n","protected":false},"excerpt":{"rendered":"<p>\u00c8 stata inaugurata lo scorso 24 settembre a Matera, presso l\u2019Open Space dell\u2019Agenzia di Promozione Territoriale della Basilicata in piazza &hellip;<\/p>\n","protected":false},"author":97,"featured_media":1426,"comment_status":"closed","ping_status":"closed","sticky":false,"template":"","format":"standard","meta":{"_acf_changed":false,"footnotes":""},"categories":[6],"tags":[],"class_list":["post-1425","post","type-post","status-publish","format-standard","has-post-thumbnail","hentry","category-mostre"],"acf":[],"_links":{"self":[{"href":"https:\/\/fiaf.net\/basilicata\/wp-json\/wp\/v2\/posts\/1425","targetHints":{"allow":["GET"]}}],"collection":[{"href":"https:\/\/fiaf.net\/basilicata\/wp-json\/wp\/v2\/posts"}],"about":[{"href":"https:\/\/fiaf.net\/basilicata\/wp-json\/wp\/v2\/types\/post"}],"author":[{"embeddable":true,"href":"https:\/\/fiaf.net\/basilicata\/wp-json\/wp\/v2\/users\/97"}],"replies":[{"embeddable":true,"href":"https:\/\/fiaf.net\/basilicata\/wp-json\/wp\/v2\/comments?post=1425"}],"version-history":[{"count":1,"href":"https:\/\/fiaf.net\/basilicata\/wp-json\/wp\/v2\/posts\/1425\/revisions"}],"predecessor-version":[{"id":1427,"href":"https:\/\/fiaf.net\/basilicata\/wp-json\/wp\/v2\/posts\/1425\/revisions\/1427"}],"wp:featuredmedia":[{"embeddable":true,"href":"https:\/\/fiaf.net\/basilicata\/wp-json\/wp\/v2\/media\/1426"}],"wp:attachment":[{"href":"https:\/\/fiaf.net\/basilicata\/wp-json\/wp\/v2\/media?parent=1425"}],"wp:term":[{"taxonomy":"category","embeddable":true,"href":"https:\/\/fiaf.net\/basilicata\/wp-json\/wp\/v2\/categories?post=1425"},{"taxonomy":"post_tag","embeddable":true,"href":"https:\/\/fiaf.net\/basilicata\/wp-json\/wp\/v2\/tags?post=1425"}],"curies":[{"name":"wp","href":"https:\/\/api.w.org\/{rel}","templated":true}]}}