{"id":1127,"date":"2017-11-25T00:44:41","date_gmt":"2017-11-24T22:44:41","guid":{"rendered":"https:\/\/fiaf.net\/regioni\/calabria\/?p=1127"},"modified":"2017-11-25T00:44:41","modified_gmt":"2017-11-24T22:44:41","slug":"prima-leggiamo-poi-parliamo-di","status":"publish","type":"post","link":"https:\/\/fiaf.net\/calabria\/prima-leggiamo-poi-parliamo-di\/","title":{"rendered":"Prima Leggiamo&#8230;Poi Parliamo di&#8230;"},"content":{"rendered":"<p>Francesco Mazza promuove un evento dal titolo &#8220;Prima Leggiamo&#8230;Poi Parliamo di&#8230;&#8221; che ha come scopo fornire un approccio consapevole alla fotografia, e per farlo ha chiamato Maurizio Rebuzzini, editore della rivista FOTOgraphia nonch\u00e8 autorevole esperto della materia, invitando alcune tra le pi\u00f9 autorevoli associazioni fotografiche operanti nel sud Italia.<\/p>\n<p>&#8220;L&#8217;iniziativa &#8211; si legge nel comunicato di Mazza &#8211; si propone di fare in modo che chi si avvicina alla fotografia abbia contezza del valore dello strumento, che prenda coscienza di cosa pu\u00f2 e deve fare, che dia spazio alla propria sensibilit\u00e0 e che soprattutto la sua fotografia dica qualcosa e possibilmente contro qualcuno!<\/p>\n<p>Da e con Edward Steichen, considerevole autore del primo Novecento: \u00abMissione della fotografia \u00e8 spiegare l\u2019Uomo all\u2019Uomo, e ogni Uomo a se stesso\u00bb. (1969, in occasione del suo novantesimo compleanno). La fotografia \u00e8 un hobby diverso dagli altri. Diverso, perch\u00e9 migliore: sempre e comunque attivo e non passivo. Il valore del Tempo che l\u2019attraversa non \u00e8 certo questione da poco.<\/p>\n<p>\u201cIl 5 dicembre \u2013 prosegue il comunicato di Mazza &#8211; la data d&#8217;inizio di un possibile cambiamento nella Fotografia moderna! (Quella di Oggi) Il mondo fotografico di oggi necessit\u00e0 di uno scossone non da poco, c&#8217;\u00e8 bisogno di consapevolezza, molti sono stati gli errori compiuti specialmente negli ultimi 20 anni, si \u00e8 fotografato tanto, mai come in questo periodo, ma non si \u00e8 detto nulla o quasi nulla. Il potenziale della fotografia \u00e8 simile a quello della bomba atomica, se si usa in modo corretto non pu\u00f2 che produrre il bene di tutti gli addetti al settore, primi fra tutti le centinaia di migliaia di giovani che nonostante la passione con cui si approcciano alla fotografia dopo pochissimo tempo ripongono la fotocamera nell&#8217;armadio o la immettono sul mercato dell&#8217;usato&#8230; non li ha appagati!\u201d<\/p>\n<p>L&#8217;appuntamento \u00e8 il 5 dicembre alle 17.30 presso l&#8217;Associazione Culturale Sezione Aurea di Lamezia Terme (CZ)<\/p>\n<p>&#8220;La fotografia non serve a niente&#8230; come la musica di Mozart!\u201d<\/p>\n<p><a href=\"https:\/\/fiaf.net\/calabria\/wp-content\/uploads\/sites\/19\/2017\/11\/prima-leggiamo1.jpg\"><img loading=\"lazy\" decoding=\"async\" class=\"alignnone size-thumbnail wp-image-1134\" alt=\"prima leggiamo\" src=\"https:\/\/fiaf.net\/calabria\/wp-content\/uploads\/sites\/19\/2017\/11\/prima-leggiamo1-150x150.jpg\" width=\"150\" height=\"150\" \/><\/a><\/p>\n\n    <div class=\"xs_social_share_widget xs_share_url after_content \t\tmain_content  wslu-style-1 wslu-share-box-shaped wslu-fill-colored wslu-none wslu-share-horizontal wslu-theme-font-no wslu-main_content\">\n\n\t\t\n        <ul>\n\t\t\t        <\/ul>\n    <\/div> \n","protected":false},"excerpt":{"rendered":"<p>Francesco Mazza promuove un evento dal titolo &#8220;Prima Leggiamo&#8230;Poi Parliamo di&#8230;&#8221; che ha come scopo fornire un approccio consapevole alla &hellip;<\/p>\n","protected":false},"author":64,"featured_media":1130,"comment_status":"closed","ping_status":"closed","sticky":false,"template":"","format":"standard","meta":{"_acf_changed":false,"footnotes":""},"categories":[8],"tags":[],"class_list":["post-1127","post","type-post","status-publish","format-standard","has-post-thumbnail","hentry","category-news-regionali"],"acf":[],"_links":{"self":[{"href":"https:\/\/fiaf.net\/calabria\/wp-json\/wp\/v2\/posts\/1127","targetHints":{"allow":["GET"]}}],"collection":[{"href":"https:\/\/fiaf.net\/calabria\/wp-json\/wp\/v2\/posts"}],"about":[{"href":"https:\/\/fiaf.net\/calabria\/wp-json\/wp\/v2\/types\/post"}],"author":[{"embeddable":true,"href":"https:\/\/fiaf.net\/calabria\/wp-json\/wp\/v2\/users\/64"}],"replies":[{"embeddable":true,"href":"https:\/\/fiaf.net\/calabria\/wp-json\/wp\/v2\/comments?post=1127"}],"version-history":[{"count":0,"href":"https:\/\/fiaf.net\/calabria\/wp-json\/wp\/v2\/posts\/1127\/revisions"}],"wp:featuredmedia":[{"embeddable":true,"href":"https:\/\/fiaf.net\/calabria\/wp-json\/wp\/v2\/media\/1130"}],"wp:attachment":[{"href":"https:\/\/fiaf.net\/calabria\/wp-json\/wp\/v2\/media?parent=1127"}],"wp:term":[{"taxonomy":"category","embeddable":true,"href":"https:\/\/fiaf.net\/calabria\/wp-json\/wp\/v2\/categories?post=1127"},{"taxonomy":"post_tag","embeddable":true,"href":"https:\/\/fiaf.net\/calabria\/wp-json\/wp\/v2\/tags?post=1127"}],"curies":[{"name":"wp","href":"https:\/\/api.w.org\/{rel}","templated":true}]}}