{"id":1150,"date":"2018-01-27T00:38:20","date_gmt":"2018-01-26T22:38:20","guid":{"rendered":"https:\/\/fiaf.net\/regioni\/calabria\/?p=1150"},"modified":"2018-01-27T00:38:20","modified_gmt":"2018-01-26T22:38:20","slug":"52-corso-fotografico-cfc-vanni-andreoni-bfi","status":"publish","type":"post","link":"https:\/\/fiaf.net\/calabria\/52-corso-fotografico-cfc-vanni-andreoni-bfi\/","title":{"rendered":"52\u00b0 Corso Fotografico CFC Vanni Andreoni BFI"},"content":{"rendered":"<p>E\u2019 fissato per marted\u00ec 20 febbraio ore 19:00, l\u2019inizio del 52\u00b0 corso fotografico di base del Cine Foto Club Vanni Andreoni di Reggio Calabria.<\/p>\n<p>Il corso \u00e8 articolato in due incontri settimanali, marted\u00ec e venerd\u00ec ore 19:00 \u2013 20:30 c.a, oltre alcune uscite domenicali. Sono previste un minimo di10 lezioni teoriche e due pratiche.<\/p>\n<p>A richiesta, potranno essere aggiunte alcune lezioni di approfondimento su temi specifici e il trattamento, teorico-pratico, del procedimento chimico bianconero a pellicola.<\/p>\n<p>Il corso \u00e8 gratuito ed \u00e8 rivolto ai soci regolarmente iscritti al Club per l\u2019anno in corso.<\/p>\n<p>Le lezioni si svolgeranno presso la sede sociale del CFCVA, sita in Reggio Calabria via Sbarre Superiori Diramazione Marconi 32, di recente ribattezzata via Gaetano Marrari.<\/p>\n<p>Per informazioni: 347-4328969 \u2013 427-3658053 &#8211; <a href=\"mailto:info@fotoclubandreoni.it\">info@fotoclubandreoni.it<\/a>.<\/p>\n<p><a href=\"https:\/\/fiaf.net\/calabria\/wp-content\/uploads\/sites\/19\/2018\/01\/Senza-titolo-1.jpg\"><img loading=\"lazy\" decoding=\"async\" class=\"alignnone size-thumbnail wp-image-1151\" alt=\"Senza titolo-1\" src=\"https:\/\/fiaf.net\/calabria\/wp-content\/uploads\/sites\/19\/2018\/01\/Senza-titolo-1-150x150.jpg\" width=\"150\" height=\"150\" \/><\/a><\/p>\n\n    <div class=\"xs_social_share_widget xs_share_url after_content \t\tmain_content  wslu-style-1 wslu-share-box-shaped wslu-fill-colored wslu-none wslu-share-horizontal wslu-theme-font-no wslu-main_content\">\n\n\t\t\n        <ul>\n\t\t\t        <\/ul>\n    <\/div> \n","protected":false},"excerpt":{"rendered":"<p>E\u2019 fissato per marted\u00ec 20 febbraio ore 19:00, l\u2019inizio del 52\u00b0 corso fotografico di base del Cine Foto Club Vanni &hellip;<\/p>\n","protected":false},"author":64,"featured_media":1118,"comment_status":"closed","ping_status":"closed","sticky":false,"template":"","format":"standard","meta":{"_acf_changed":false,"footnotes":""},"categories":[2],"tags":[],"class_list":["post-1150","post","type-post","status-publish","format-standard","has-post-thumbnail","hentry","category-attivita-circoli"],"acf":[],"_links":{"self":[{"href":"https:\/\/fiaf.net\/calabria\/wp-json\/wp\/v2\/posts\/1150","targetHints":{"allow":["GET"]}}],"collection":[{"href":"https:\/\/fiaf.net\/calabria\/wp-json\/wp\/v2\/posts"}],"about":[{"href":"https:\/\/fiaf.net\/calabria\/wp-json\/wp\/v2\/types\/post"}],"author":[{"embeddable":true,"href":"https:\/\/fiaf.net\/calabria\/wp-json\/wp\/v2\/users\/64"}],"replies":[{"embeddable":true,"href":"https:\/\/fiaf.net\/calabria\/wp-json\/wp\/v2\/comments?post=1150"}],"version-history":[{"count":0,"href":"https:\/\/fiaf.net\/calabria\/wp-json\/wp\/v2\/posts\/1150\/revisions"}],"wp:featuredmedia":[{"embeddable":true,"href":"https:\/\/fiaf.net\/calabria\/wp-json\/wp\/v2\/media\/1118"}],"wp:attachment":[{"href":"https:\/\/fiaf.net\/calabria\/wp-json\/wp\/v2\/media?parent=1150"}],"wp:term":[{"taxonomy":"category","embeddable":true,"href":"https:\/\/fiaf.net\/calabria\/wp-json\/wp\/v2\/categories?post=1150"},{"taxonomy":"post_tag","embeddable":true,"href":"https:\/\/fiaf.net\/calabria\/wp-json\/wp\/v2\/tags?post=1150"}],"curies":[{"name":"wp","href":"https:\/\/api.w.org\/{rel}","templated":true}]}}