{"id":1318,"date":"2019-09-24T11:32:49","date_gmt":"2019-09-24T09:32:49","guid":{"rendered":"https:\/\/fiaf.net\/regioni\/calabria\/?p=1318"},"modified":"2019-09-24T11:32:49","modified_gmt":"2019-09-24T09:32:49","slug":"scatti-mediterranei-4","status":"publish","type":"post","link":"https:\/\/fiaf.net\/calabria\/scatti-mediterranei-4\/","title":{"rendered":"Scatti Mediterranei"},"content":{"rendered":"<p>Il Cine Foto Club Vanni Andreoni, comunica che la manifestazione \u201cScatti Mediterranei \u2013 50\u00b0 Incontro d\u2019Arte Fotografica 2019\u201d, si svolger\u00e0 dal 5 al 13 ottobre 2019 anche per questa edizione al Palazzo della Cultura \u201cPasquino Crupi\u201d \u2013 via Emilio Cuzzocrea, 48 &#8211; Reggio Calabria, orari 08:30 \u2013 18:30, luned\u00ec chiuso.<br \/>\nLa manifestazione \u00e8 volta alla divulgazione dell\u2019arte fotografica e, con essa, la produzione fotografica di autori calabresi, siciliani e di altre regioni italiane, prevalentemente proveniente dalle attivit\u00e0 promosse dai circoli aderenti alla FIAF (Federazione Italiana Associazioni Fotografiche). In quest\u2019ottica, tre sono i circoli invitati ad esporre le seguenti mostre fotografiche:<br \/>\n&#8211; \u201cNuova genesi \u2013 Sierra Leone\u201d di Sebastiano Cosimo Auteri del \u201cCircolo Fotografico Le Gru\u201d di Valverde (CT);<br \/>\n&#8211; \u201cOrizzonti Paralleli\u201d di Autori Vari del circolo \u201cVenetofotografia\u201d di Ponzano Veneto (TV);<br \/>\n&#8211; \u201cPaese\/Persone. Statte, 2015-2018\u201d di Autori Vari del \u201cCircolo Fotografico Controluce\u201d di Statte (TA).<br \/>\nCome sua consuetudine, la manifestazione concentra i momenti di maggiore interesse in un fine settimana, quindi nei giorni di:<br \/>\nSabato 12 ottobre, dalle ore 15:45, i rispettivi autori (gi\u00e0 soci del CFCVA) presenteranno due libri fotografici:<br \/>\n&#8211; \u201cPentidattilo tra storia e ricordi\u201d di Ferdinando Tropea;<br \/>\n&#8211; \u201cRoghudi e Ghorio\u201d di Francesco Turano;<br \/>\n&#8211; Seguir\u00e0 l\u2019approfondimento fotografico \u201cIl fattore C\u201d a cura di Pippo Pappalardo;<br \/>\nDomenica 13 ottobre,<br \/>\n&#8211; dalle ore 09:00 alle ore 13:00, si svolger\u00e0 il concorso fotografico nazionale \u201c16\u00b0 Portfolio Vanni Andreoni\u201d, incluso nel \u201c1\u00b0 Trofeo Vanni Andreoni\u201d;<br \/>\n&#8211; dalle 10:30 sar\u00e0 proiettato l\u2019audiovisivo multimediale FIAF dedicato a Ivano Bolondi;<br \/>\n&#8211; dalle ore 15:30, saranno proiettati due audiovisivi fotografici di Ivano Bolondi: \u201cAtmosfere sospese\u201d e \u201cCome in una favola\u201d;<br \/>\n&#8211; seguir\u00e0 la presentazione delle mostre in esposizione, a cura dei rispettivi autori intervenuti;<br \/>\n&#8211; alle ore 17:00, si terr\u00e0 la cerimonia di premiazione del concorso fotografico.<br \/>\nSono, inoltre, previsti altri eventi che si svolgeranno fuori dalla suddetta sede del Palazzo della Cultura. Domenica 6 e luned\u00ec 7 ottobre, dalle ore 18:00 presso la sede sociale del CFCVA, Giancarlo Torresani presenter\u00e0 due approfondimenti fotografici dal tema: \u201cFotografia e respiro\u201d e \u201cFotografare la memoria\u201d. Luned\u00ec dalle ore 07:30 alle ore 16:00 \u00e8 prevista una escursione in Aspromonte. Venerd\u00ec 10 ottobre, ore 07:30 \u2013 18:00, \u00e8 prevista una escursione nell\u2019area grecanica della provincia di Reggio, escursione richiesta dai soci del circolo ospite Controluce di Statte (TA).<\/p>\n<p><a href=\"https:\/\/fiaf.net\/calabria\/wp-content\/uploads\/sites\/19\/2019\/09\/sc-med.jpg\"><img loading=\"lazy\" decoding=\"async\" class=\"alignnone size-thumbnail wp-image-1319\" alt=\"sc med\" src=\"https:\/\/fiaf.net\/calabria\/wp-content\/uploads\/sites\/19\/2019\/09\/sc-med-150x150.jpg\" width=\"150\" height=\"150\" \/><\/a><\/p>\n\n    <div class=\"xs_social_share_widget xs_share_url after_content \t\tmain_content  wslu-style-1 wslu-share-box-shaped wslu-fill-colored wslu-none wslu-share-horizontal wslu-theme-font-no wslu-main_content\">\n\n\t\t\n        <ul>\n\t\t\t        <\/ul>\n    <\/div> \n","protected":false},"excerpt":{"rendered":"<p>Il Cine Foto Club Vanni Andreoni, comunica che la manifestazione \u201cScatti Mediterranei \u2013 50\u00b0 Incontro d\u2019Arte Fotografica 2019\u201d, si svolger\u00e0 &hellip;<\/p>\n","protected":false},"author":64,"featured_media":1118,"comment_status":"closed","ping_status":"closed","sticky":false,"template":"","format":"standard","meta":{"_acf_changed":false,"footnotes":""},"categories":[2],"tags":[],"class_list":["post-1318","post","type-post","status-publish","format-standard","has-post-thumbnail","hentry","category-attivita-circoli"],"acf":[],"_links":{"self":[{"href":"https:\/\/fiaf.net\/calabria\/wp-json\/wp\/v2\/posts\/1318","targetHints":{"allow":["GET"]}}],"collection":[{"href":"https:\/\/fiaf.net\/calabria\/wp-json\/wp\/v2\/posts"}],"about":[{"href":"https:\/\/fiaf.net\/calabria\/wp-json\/wp\/v2\/types\/post"}],"author":[{"embeddable":true,"href":"https:\/\/fiaf.net\/calabria\/wp-json\/wp\/v2\/users\/64"}],"replies":[{"embeddable":true,"href":"https:\/\/fiaf.net\/calabria\/wp-json\/wp\/v2\/comments?post=1318"}],"version-history":[{"count":0,"href":"https:\/\/fiaf.net\/calabria\/wp-json\/wp\/v2\/posts\/1318\/revisions"}],"wp:featuredmedia":[{"embeddable":true,"href":"https:\/\/fiaf.net\/calabria\/wp-json\/wp\/v2\/media\/1118"}],"wp:attachment":[{"href":"https:\/\/fiaf.net\/calabria\/wp-json\/wp\/v2\/media?parent=1318"}],"wp:term":[{"taxonomy":"category","embeddable":true,"href":"https:\/\/fiaf.net\/calabria\/wp-json\/wp\/v2\/categories?post=1318"},{"taxonomy":"post_tag","embeddable":true,"href":"https:\/\/fiaf.net\/calabria\/wp-json\/wp\/v2\/tags?post=1318"}],"curies":[{"name":"wp","href":"https:\/\/api.w.org\/{rel}","templated":true}]}}