{"id":1677,"date":"2022-10-14T21:38:57","date_gmt":"2022-10-14T19:38:57","guid":{"rendered":"https:\/\/fiaf.net\/calabria\/?p=1677"},"modified":"2022-10-14T21:47:14","modified_gmt":"2022-10-14T19:47:14","slug":"workshop-di-ritratto-con-lorenzo-poli","status":"publish","type":"post","link":"https:\/\/fiaf.net\/calabria\/workshop-di-ritratto-con-lorenzo-poli\/","title":{"rendered":"Workshop di Ritratto con Lorenzo Poli"},"content":{"rendered":"<p>Sabato 29 e domenica 30 ottobre l\u2019associazione fotografica NITIDA di Cosenza terr\u00e0 un workshop di ritratto con Lorenzo Poli. Nelle due giornate il fotografo romano accompagner\u00e0 i partecipanti in un percorso che andr\u00e0 dall\u2019introduzione del concetto di \u201cRitratto\u201d sia in Arte che in Fotografia, al metodo, alla tecnica fotografica, passando dalla preparazione di un set fotografico\/di schemi di luce. Si passer\u00e0 cos\u00ec da un\u2019introduzione teorica alla sessione pratica con la presenza di due modell* e, durante la seconda giornata, ci si sposter\u00e0 in un ambiente con luce mista per una sessione pratica di ritratto corporate. Il workshop si concluder\u00e0 con l\u2019editing e la post-produzione dei ritratti.<\/p>\n<p>Obiettivi principali del workshop:<br \/>\nRiconoscere e saper gestire i diversi tipi di illuminazione;<br \/>\nOrganizzazione e gestione del set e dei soggetti fotografici;<br \/>\nPadronanza nella gestione digitale dei files scattati.<\/p>\n<p>A chi \u00e8 rivolto:<br \/>\nA chi vuole approfondire il livello acquisito e a chi gi\u00e0 possiede nozioni intermedie\/avanzate nel settore.<\/p>\n<p>Materiale necessario:<br \/>\nFotocamera;<br \/>\nComputer portatile munito di Adobe Photoshop;<br \/>\nMemory card SD\/chiavetta USB.<\/p>\n<p>Per informazioni sul programma dettagliato, costi e prenotazioni contattare NITIDA all\u2019indirizzo e-mail info@nitida.photo oppure su WhatsApp al numero 3394684425.<\/p>\n\n    <div class=\"xs_social_share_widget xs_share_url after_content \t\tmain_content  wslu-style-1 wslu-share-box-shaped wslu-fill-colored wslu-none wslu-share-horizontal wslu-theme-font-no wslu-main_content\">\n\n\t\t\n        <ul>\n\t\t\t        <\/ul>\n    <\/div> \n","protected":false},"excerpt":{"rendered":"<p>Sabato 29 e domenica 30 ottobre l\u2019associazione fotografica NITIDA di Cosenza terr\u00e0 un workshop di ritratto con Lorenzo Poli. Nelle &hellip;<\/p>\n","protected":false},"author":77,"featured_media":1680,"comment_status":"closed","ping_status":"closed","sticky":false,"template":"","format":"standard","meta":{"_acf_changed":false,"footnotes":""},"categories":[2,5,6,8,13],"tags":[],"class_list":["post-1677","post","type-post","status-publish","format-standard","has-post-thumbnail","hentry","category-attivita-circoli","category-generale","category-manifestazioni","category-news-regionali","category-workshop-corsi"],"acf":[],"_links":{"self":[{"href":"https:\/\/fiaf.net\/calabria\/wp-json\/wp\/v2\/posts\/1677","targetHints":{"allow":["GET"]}}],"collection":[{"href":"https:\/\/fiaf.net\/calabria\/wp-json\/wp\/v2\/posts"}],"about":[{"href":"https:\/\/fiaf.net\/calabria\/wp-json\/wp\/v2\/types\/post"}],"author":[{"embeddable":true,"href":"https:\/\/fiaf.net\/calabria\/wp-json\/wp\/v2\/users\/77"}],"replies":[{"embeddable":true,"href":"https:\/\/fiaf.net\/calabria\/wp-json\/wp\/v2\/comments?post=1677"}],"version-history":[{"count":8,"href":"https:\/\/fiaf.net\/calabria\/wp-json\/wp\/v2\/posts\/1677\/revisions"}],"predecessor-version":[{"id":1682,"href":"https:\/\/fiaf.net\/calabria\/wp-json\/wp\/v2\/posts\/1677\/revisions\/1682"}],"wp:featuredmedia":[{"embeddable":true,"href":"https:\/\/fiaf.net\/calabria\/wp-json\/wp\/v2\/media\/1680"}],"wp:attachment":[{"href":"https:\/\/fiaf.net\/calabria\/wp-json\/wp\/v2\/media?parent=1677"}],"wp:term":[{"taxonomy":"category","embeddable":true,"href":"https:\/\/fiaf.net\/calabria\/wp-json\/wp\/v2\/categories?post=1677"},{"taxonomy":"post_tag","embeddable":true,"href":"https:\/\/fiaf.net\/calabria\/wp-json\/wp\/v2\/tags?post=1677"}],"curies":[{"name":"wp","href":"https:\/\/api.w.org\/{rel}","templated":true}]}}