{"id":1775,"date":"2023-06-17T23:26:08","date_gmt":"2023-06-17T21:26:08","guid":{"rendered":"https:\/\/fiaf.net\/calabria\/?p=1775"},"modified":"2023-06-17T23:27:11","modified_gmt":"2023-06-17T21:27:11","slug":"open","status":"publish","type":"post","link":"https:\/\/fiaf.net\/calabria\/open\/","title":{"rendered":"Open!"},"content":{"rendered":"<p>In occasione di OPEN! Studi Aperti la corte di Palazzo Alemanni ospiter\u00e0 la Mostra Fotografica &#8220;Immagini Urbane: Saul Greco e Catanzaro&#8221; &#8211; una selezione di scatti pensati e realizzati da Marco Scarpino per diventare il pretesto di riflessioni e confronti informali sull\u2019architettura nella citt\u00e0. L&#8217;iniziativa \u00e8 promossa in forma collettiva da Giulia Brutto (Barbaro 18), Angelo Cafiso e Barbara Corasaniti (ArKstudiodesign+), Vincenzo Guarini, Pasquale Iaconantonio e Fabio Lamanna (Istmo Architecture), Luca Provenzano (Studio Provenzano srl), Marco Scarpino, Vincenzo Renda ed Oreste Vartellini, ed \u00e8 patrocinata da ADI Calabria, FIAF, IN\/ARCH Calabria e dall&#8217;Ordine degli Architetti di Catanzaro. L&#8217;evento sar\u00e0 aperto al pubblico venerd\u00ec 23 giugno, dalle 18:00 alle 21:00, con un aperitivo d&#8217;architettura. La mostra fotografica sar\u00e0 visitabile anche sabato 24 giugno dalle 10:00 alle 12:00 e dalle 18:00 alle 20:00.<img loading=\"lazy\" decoding=\"async\" class=\"alignleft size-medium wp-image-1776\" src=\"https:\/\/fiaf.net\/calabria\/wp-content\/uploads\/sites\/19\/2023\/06\/46D669B3-41FD-44FD-B192-EB2FD93CD933-214x300.jpg\" alt=\"\" width=\"214\" height=\"300\" srcset=\"https:\/\/fiaf.net\/calabria\/wp-content\/uploads\/sites\/19\/2023\/06\/46D669B3-41FD-44FD-B192-EB2FD93CD933-214x300.jpg 214w, https:\/\/fiaf.net\/calabria\/wp-content\/uploads\/sites\/19\/2023\/06\/46D669B3-41FD-44FD-B192-EB2FD93CD933-732x1024.jpg 732w, https:\/\/fiaf.net\/calabria\/wp-content\/uploads\/sites\/19\/2023\/06\/46D669B3-41FD-44FD-B192-EB2FD93CD933-768x1075.jpg 768w, https:\/\/fiaf.net\/calabria\/wp-content\/uploads\/sites\/19\/2023\/06\/46D669B3-41FD-44FD-B192-EB2FD93CD933-1098x1536.jpg 1098w, https:\/\/fiaf.net\/calabria\/wp-content\/uploads\/sites\/19\/2023\/06\/46D669B3-41FD-44FD-B192-EB2FD93CD933.jpg 1125w\" sizes=\"auto, (max-width: 214px) 100vw, 214px\" \/><\/p>\n\n    <div class=\"xs_social_share_widget xs_share_url after_content \t\tmain_content  wslu-style-1 wslu-share-box-shaped wslu-fill-colored wslu-none wslu-share-horizontal wslu-theme-font-no wslu-main_content\">\n\n\t\t\n        <ul>\n\t\t\t        <\/ul>\n    <\/div> \n","protected":false},"excerpt":{"rendered":"<p>In occasione di OPEN! Studi Aperti la corte di Palazzo Alemanni ospiter\u00e0 la Mostra Fotografica &#8220;Immagini Urbane: Saul Greco e &hellip;<\/p>\n","protected":false},"author":77,"featured_media":1776,"comment_status":"closed","ping_status":"closed","sticky":false,"template":"","format":"standard","meta":{"_acf_changed":false,"footnotes":""},"categories":[4,6,7,8],"tags":[],"class_list":["post-1775","post","type-post","status-publish","format-standard","has-post-thumbnail","hentry","category-gallerie","category-manifestazioni","category-mostre","category-news-regionali"],"acf":[],"_links":{"self":[{"href":"https:\/\/fiaf.net\/calabria\/wp-json\/wp\/v2\/posts\/1775","targetHints":{"allow":["GET"]}}],"collection":[{"href":"https:\/\/fiaf.net\/calabria\/wp-json\/wp\/v2\/posts"}],"about":[{"href":"https:\/\/fiaf.net\/calabria\/wp-json\/wp\/v2\/types\/post"}],"author":[{"embeddable":true,"href":"https:\/\/fiaf.net\/calabria\/wp-json\/wp\/v2\/users\/77"}],"replies":[{"embeddable":true,"href":"https:\/\/fiaf.net\/calabria\/wp-json\/wp\/v2\/comments?post=1775"}],"version-history":[{"count":2,"href":"https:\/\/fiaf.net\/calabria\/wp-json\/wp\/v2\/posts\/1775\/revisions"}],"predecessor-version":[{"id":1778,"href":"https:\/\/fiaf.net\/calabria\/wp-json\/wp\/v2\/posts\/1775\/revisions\/1778"}],"wp:featuredmedia":[{"embeddable":true,"href":"https:\/\/fiaf.net\/calabria\/wp-json\/wp\/v2\/media\/1776"}],"wp:attachment":[{"href":"https:\/\/fiaf.net\/calabria\/wp-json\/wp\/v2\/media?parent=1775"}],"wp:term":[{"taxonomy":"category","embeddable":true,"href":"https:\/\/fiaf.net\/calabria\/wp-json\/wp\/v2\/categories?post=1775"},{"taxonomy":"post_tag","embeddable":true,"href":"https:\/\/fiaf.net\/calabria\/wp-json\/wp\/v2\/tags?post=1775"}],"curies":[{"name":"wp","href":"https:\/\/api.w.org\/{rel}","templated":true}]}}