{"id":829,"date":"2016-04-29T19:59:12","date_gmt":"2016-04-29T17:59:12","guid":{"rendered":"https:\/\/fiaf.net\/regioni\/calabria\/?p=829"},"modified":"2016-04-29T19:59:12","modified_gmt":"2016-04-29T17:59:12","slug":"autori-calabresi-crescono","status":"publish","type":"post","link":"https:\/\/fiaf.net\/calabria\/autori-calabresi-crescono\/","title":{"rendered":"Autori calabresi crescono"},"content":{"rendered":"<p>Il Progetto Talent ha decretato i migliori Autori nazionali, e nelle due cinquine dei Senior e Junior ci sono due Autori calabresi!<\/p>\n<p>Si tratta di \u00a0<strong>Pasqualino Caparello<\/strong> del <strong>Circolo Fotografico Lametino<\/strong>, e <strong>Paolo Troilo<\/strong> del <strong>Gruppo Fotoamatori Crotone Bfi<\/strong>.<\/p>\n<p>A questi due Autori si aggiunge un altro Autore tra quelli segnalati, <strong>Marco Scarpino<\/strong> del <strong>Circolo Fotografico Lametino<\/strong>.<\/p>\n<p>Complimenti vivissimi a tutti gli Autori, e ai Presidenti dei rispettivi Circoli, per aver saputo valorizzare questi talenti! Mi auguro che questi risultati possano essere di sprone anche per i Presidenti degli altri Circoli, nel segnalare nuovi Autori.<\/p>\n<p>Riporto di seguito il verbale della Commissione:<\/p>\n<p>&#8221;\u00a0La Commissione di selezione, composta da: Roberto Rossi, Cristina Paglionico, Massimo Agus, Fabio Del\u00a0Ghianda e Antonio Presta , ha esaminato le opere pervenute da 65 autori (di cui 17 appartenenti alla sezione\u00a0GIOVANI e 48 appartenenti alla sezione SENIOR) ed ha cos\u00ec deciso:<\/p>\n<p><b>SEZIONE GIOVANI<\/b><\/p>\n<p>MIGLIORI AUTORI<\/p>\n<p><i>LINDA BONZAGNI del CIRCOLO PETRONIANO DELLE ARTI AVIS BFI di Bologna<\/i><\/p>\n<p><i>PAOLO TROILO del GRUPPO FOTOAMATORI CROTONE BFI di Crotone<\/i><\/p>\n<p><i>GRETA MUNEROTTO dell\u2019ASSOCIAZIONE CULTURALE EZZELINO FOTOCLUB BFI di Romano d\u2019Ezzelino (Vi)<\/i><\/p>\n<p><i>SARA BERTEI del FOTOCLUB NOVE di Livorno<\/i><\/p>\n<p><i>SIMONA SABADINI del circolo OLTRE LO SGUARDO &#8211; ERBUSCO di Erbusco (Bs)<\/i><\/p>\n<p>A questi autori sar\u00e0 dedicato un articolo sulla rivista Fotoit. Una selezione delle loro opere sar\u00e0 inoltre<\/p>\n<p>esposta in occasione del 68\u00b0 Congresso Nazionale FIAF a Merano. Gli autori saranno inoltre esposti presso il<\/p>\n<p>CIFA di Bibbiena in occasione della Biennale dei Giovani Autori che si terr\u00e0 nel 2016.<\/p>\n<p>AUTORI SEGNALATI<\/p>\n<p><i>NADIA GUIDOTTI del CLUB FOTOGRAFICO AVIS BIBBIENA EFI di Bibbiena (Ar)<\/i><\/p>\n<p><i>FRANCESCO BARSACCHI del circolo FBN CECINA BFI di Cecina (Li)<\/i><\/p>\n<p><i>SILVIA ZANASI del circolo FOTOAMATORI SAN VINCENZO BFI di San Vincenzo (Li)<\/i><\/p>\n<p><i>MARCO SCARPINO del CIRCOLO FOTOGRAFICO LAMETINO di Lamezia Terme (Cz)<\/i><\/p>\n<p>Agli autori verr\u00e0 comunicato il percorso di visibilit\u00e0 e crescita a loro dedicato.<\/p>\n<p><b>SEZIONE SENIOR<\/b><\/p>\n<p>MIGLIORI AUTORI<\/p>\n<p><i>RENZA GROSSI del GRUPPO FOTOGRAFICO GRANDANGOLO BFI di Carpi (Mo)<\/i><\/p>\n<p><i>MASSIMO TABELLA del CLUB FOTOGRAFICO AVIS BIBBIENA EFI di Bibbiena (Ar)<\/i><\/p>\n<p><i>LORENZO LESSI del circolo FBN CECINA BFI di Cecina (LI)<\/i><\/p>\n<p><i>ANDREA BONAVITA del circolo TANK SVILUPPO IMMAGINE BFI di Forl\u00ec (Fc)<\/i><\/p>\n<p><i>PASQUALINO CAPARELLO del CIRCOLO FOTOGRAFICO LAMETINO di Lamezia Terme (Cz)<\/i><\/p>\n<p>A questi autori sar\u00e0 dedicato un articolo sulla rivista Fotoit. Una selezione delle loro opere sar\u00e0 inoltre<\/p>\n<p>esposta in occasione del 68\u00b0 Congresso Nazionale FIAF a Merano.<\/p>\n<p>AUTORI SEGNALATI<\/p>\n<p><i>ALBERTO ANDREINI del CIRCOLO FOTOGRAFICO MILANESE EFI di Milano<\/i><\/p>\n<p><i>ALFIO BOTTINO del GRUPPO FOTOGRAFICO LE GRU BFI di Viagrande (Ct)<\/i><\/p>\n<p><i>FEDERICO BIAGIOLI del CIRCOLO FOTOGRAFICO AVIS M. GIACOMELLI di Osimo (An)<\/i><\/p>\n<p><i>MARIANGELA TRIPIEDI del GRUPPO FOTOGRAFICO MAGAZZINO 120 di Viterbo<\/i><\/p>\n<p>Agli autori verr\u00e0 comunicato il percorso di visibilit\u00e0 e crescita a loro dedicato.<\/p>\n<p>&nbsp;<\/p>\n<p><strong>Paolo Troilo<\/strong><\/p>\n<p>Nasce a Crotone nel 1992, inizia a fotografare a pellicola all\u2019et\u00e0 di 11 anni con una vecchia Yashica fx-3 super e un 50mm, passione che gli \u00e8 stata trasmessa dal padre, anche lui vecchio fotoamatore socio Fiaf da ormai pi\u00f9 di 40 anni. Dal padre ha sempre ricevuto una critica abbastanza severa con il fine di migliorare l\u2019occhio fotografico e l\u2019approccio ai soggetti, questo insegnamento lo ha portato a prediligere una visione fotografica molto \u201cclassica\u201d che cerca di dare ad ogni foto un messaggio o un sentimento interpretato unicamente da soggetti umani. Il suo autore preferito \u00e8 il grande maestro Gianni Berengo Gardin del quale condivide in pieno il pensiero e lo stile fotografico. Dopo anni di pausa in et\u00e0 liceale, ha ripreso a fotografare da quando si \u00e8 trasferito a La Spezia per proseguire gli studi universitari in ingegneria nautica, grazie allo splendore del territorio e della cultura di tutti i paesi circostanti ha ritrovato la grinta di catturare istantanee. Preferisce fotografare in bianco e nero, data anche una breve esperienza in passato di sviluppo e stampa in camera oscura. Della post-produzione cerca di usare solo il basilare sviluppo in lightroom dei file raw. Inizialmente si dedica alla street photography, poi pian piano inizia a maturare nuove idee e a studiare per la redazione di un portfolio fotografico.<\/p>\n<p>Descrizione<\/p>\n<p>Il primo portfolio realizzato \u00e8 quello proposto come \u201cprogetto ballerina\u201d al quale sta ancora lavorando, l\u2019idea nasce dalla voglia di portare la fotografia di danza al di fuori del classico balletto e teatro, animando cos\u00ec con l\u2019eleganza della danza luoghi comuni o abbandonati che offrano una particolare geometria e contorno al soggetto, in questo \u00e8 presente una lunga ricerca dei luoghi, della luce e composizione.<\/p>\n<p><a href=\"https:\/\/fiaf.net\/calabria\/wp-content\/uploads\/sites\/19\/2016\/04\/paolo-troilo.jpeg\"><img loading=\"lazy\" decoding=\"async\" class=\"size-thumbnail wp-image-830 aligncenter\" alt=\"paolo troilo\" src=\"https:\/\/fiaf.net\/calabria\/wp-content\/uploads\/sites\/19\/2016\/04\/paolo-troilo-150x150.jpeg\" width=\"150\" height=\"150\" srcset=\"https:\/\/fiaf.net\/calabria\/wp-content\/uploads\/sites\/19\/2016\/04\/paolo-troilo-150x150.jpeg 150w, https:\/\/fiaf.net\/calabria\/wp-content\/uploads\/sites\/19\/2016\/04\/paolo-troilo-300x300.jpeg 300w, https:\/\/fiaf.net\/calabria\/wp-content\/uploads\/sites\/19\/2016\/04\/paolo-troilo-768x768.jpeg 768w, https:\/\/fiaf.net\/calabria\/wp-content\/uploads\/sites\/19\/2016\/04\/paolo-troilo.jpeg 960w\" sizes=\"auto, (max-width: 150px) 100vw, 150px\" \/><\/a><\/p>\n<p>&nbsp;<\/p>\n<p>&nbsp;<\/p>\n<p>&nbsp;<\/p>\n<p><strong>Pasqualino Caparello<\/strong><\/p>\n<p>E\u2019 nato a Catanzaro nel giugno del 1977.\u00a0Dopo anni trascorsi prima a Roma e dopo ad Urbino per motivi di studio, attualmente vive e lavora a Lamezia Terme.\u00a0Autodidatta, ha iniziato a fotografare tardi, esattamente l\u2019anno prima di entrare a far parte del Circolo Fotografico Lametino avvenuto nel 2013, del quale attualmente \u00e8 socio.\u00a0Socio F.I.A.F. dal 2014 espone una propria personale a tema musicale col titolo \u201cSudore con sudore. Scatti di un fan tra i fan.\u201d in diversi luoghi regionali tra i quali quella pi\u00f9 importante al Teatro Auditorium Unical di Cosenza (CAMS) durante la stagione musicale del 2014 con artisti del calibro di Brunori SAS, Massimo Volume, Le Luci della Centrale Elettrica.\u00a0 Tra le band importanti internazionali che ha fotografato, per questo suo progetto che attualmente porta avanti e che \u00e8 in continua evoluzione, ci sono i Pearl Jam, Nick Cave, Sigur Ros, Mogwai, Pere Ubu, Pj Harvey, Mum, Shellac, Blonde Red Head, Mark Lanegan, Low, Patti Smith e tanti altri.\u00a0Per le sue foto usa lo pseudonimo di LeCap.<\/p>\n<p>Descrizione<\/p>\n<p>La fotografia \u00e8 stata una sorta di distrazione dalla realt\u00e0 nella quale era ed \u00e8 proiettato.. Quindi per lui \u00e8 diventata una vera e propria terapia.. Un modo per allontanarsi da tutto ci\u00f2 che riguarda il suo privato, perdersi ore e ore, sia materialmente che mentalmente.. Una sorta di meditazione con se stesso.. Ed \u00e8 sempre pi\u00f9 convinto che ognuno di noi proietta nelle cose che fa i propri stati d&#8217;animo.. Per cui ora come ora non pu\u00f2 starne senza.. \u00c8 diventata una parte di se.. E come tutte le cose che riguardano la &#8220;persona&#8221; di un essere umano possono essere belle o brutte, possono piacere o no.. Ma fin quando si raggiunge con l\u2019umilt\u00e0 un proprio equilibrio, sofferto che sia, tutto ci\u00f2 ha davvero &#8220;senso&#8221;!\u00a0Ha iniziato cos\u00ec quindi, stando ore e ore su una spiaggia a osservare il mare tanto amato dal fratello o nei luoghi dove \u00e8 stato per una vita intera suo padre, respirando la loro aria e immedesimandosi con loro ora che non ci sono pi\u00f9.. Le sue fotografie quindi nascono da queste basi, e la strada e gli incontri casuali sono il suo scenario prediletto.<\/p>\n<p><a href=\"https:\/\/fiaf.net\/calabria\/wp-content\/uploads\/sites\/19\/2016\/04\/PCaparello-Senza-Titolo-9-9.jpg\"><img loading=\"lazy\" decoding=\"async\" class=\"size-thumbnail wp-image-831 aligncenter\" alt=\"PCaparello-Senza Titolo 9-9\" src=\"https:\/\/fiaf.net\/calabria\/wp-content\/uploads\/sites\/19\/2016\/04\/PCaparello-Senza-Titolo-9-9-150x150.jpg\" width=\"150\" height=\"150\" srcset=\"https:\/\/fiaf.net\/calabria\/wp-content\/uploads\/sites\/19\/2016\/04\/PCaparello-Senza-Titolo-9-9-150x150.jpg 150w, https:\/\/fiaf.net\/calabria\/wp-content\/uploads\/sites\/19\/2016\/04\/PCaparello-Senza-Titolo-9-9-300x300.jpg 300w, https:\/\/fiaf.net\/calabria\/wp-content\/uploads\/sites\/19\/2016\/04\/PCaparello-Senza-Titolo-9-9-1024x1024.jpg 1024w, https:\/\/fiaf.net\/calabria\/wp-content\/uploads\/sites\/19\/2016\/04\/PCaparello-Senza-Titolo-9-9-768x768.jpg 768w, https:\/\/fiaf.net\/calabria\/wp-content\/uploads\/sites\/19\/2016\/04\/PCaparello-Senza-Titolo-9-9-1536x1536.jpg 1536w, https:\/\/fiaf.net\/calabria\/wp-content\/uploads\/sites\/19\/2016\/04\/PCaparello-Senza-Titolo-9-9-2048x2048.jpg 2048w\" sizes=\"auto, (max-width: 150px) 100vw, 150px\" \/><\/a><\/p>\n<p>&nbsp;<\/p>\n<p><strong>Marco Scarpino<\/strong><\/p>\n<p>si approccia alla fotografia come autodidatta, affidandosi a passione e istinto. Rivolge lo sguardo alla sua terra, la Calabria, cercando di coglierne\u00a0 l&#8217;essenza sotto ogni punto di vista. Il biennio 2014-2015 \u00e8 un anno rigoglioso, durante il quale ottiene qualche successo. Vince il primo premio nei seguenti contest fotografici:<\/p>\n<p>il concorso fotografico indetto dall&#8217;Agenzia spaziale italiana ASI;<\/p>\n<p>il concorso fotografico indetto da RED NOTES Paliano Jazz Festival (FR);<\/p>\n<p>il concorso fotografico indetto dall&#8217;Associazione Parchi Nazionali e Regionali APGI (Federazione Italiana Parchi e Riserve Naturali) in seguito al quale espone una sua foto a Manhattan presso il Palazzo delle Nazioni Unite.<\/p>\n<p>Sue diverse foto sono state pubblicate su Photo Vogue Italia.<\/p>\n<p>L&#8217;autore continua a documentarsi sulla produzione fotografica dei padri fondatori della fotografia a colori e tutto ci\u00f2 che \u00e8 venuto a seguire.<\/p>\n<p>&nbsp;<\/p>\n<p>Descrizione<\/p>\n<p>Nella selvaggia corsa all&#8217;industrializzazione, la vegetazione che doveva soccombere \u00e8, invece, riemersa. La natura riacquista terreno: niente pu\u00f2 domare le sue chiome verde acido, neppure la forza umana. La raccolta non \u00e8 una denuncia, ma una presa di coscienza della forza selvatica della terra di Calabria, terra che respinge indifferente i soprusi, li evidenzia, trasformandoli nell&#8217; emblematica esigenza di ripartire dal principio. Primario.<\/p>\n<p><a href=\"https:\/\/fiaf.net\/calabria\/wp-content\/uploads\/sites\/19\/2016\/04\/MScarpino-Lopinione-pubblica-approva-10.jpg\"><img loading=\"lazy\" decoding=\"async\" class=\"size-thumbnail wp-image-832 aligncenter\" alt=\"MScarpino-L'opinione pubblica approva-10\" src=\"https:\/\/fiaf.net\/calabria\/wp-content\/uploads\/sites\/19\/2016\/04\/MScarpino-Lopinione-pubblica-approva-10-150x150.jpg\" width=\"150\" height=\"150\" \/><\/a><\/p>\n<p>&nbsp;<\/p>\n<p>&nbsp;<\/p>\n<p>&nbsp;<\/p>\n<p>&nbsp;<\/p>\n\n    <div class=\"xs_social_share_widget xs_share_url after_content \t\tmain_content  wslu-style-1 wslu-share-box-shaped wslu-fill-colored wslu-none wslu-share-horizontal wslu-theme-font-no wslu-main_content\">\n\n\t\t\n        <ul>\n\t\t\t        <\/ul>\n    <\/div> \n","protected":false},"excerpt":{"rendered":"<p>Il Progetto Talent ha decretato i migliori Autori nazionali, e nelle due cinquine dei Senior e Junior ci sono due &hellip;<\/p>\n","protected":false},"author":64,"featured_media":833,"comment_status":"closed","ping_status":"closed","sticky":false,"template":"","format":"standard","meta":{"_acf_changed":false,"footnotes":""},"categories":[8],"tags":[],"class_list":["post-829","post","type-post","status-publish","format-standard","has-post-thumbnail","hentry","category-news-regionali"],"acf":[],"_links":{"self":[{"href":"https:\/\/fiaf.net\/calabria\/wp-json\/wp\/v2\/posts\/829","targetHints":{"allow":["GET"]}}],"collection":[{"href":"https:\/\/fiaf.net\/calabria\/wp-json\/wp\/v2\/posts"}],"about":[{"href":"https:\/\/fiaf.net\/calabria\/wp-json\/wp\/v2\/types\/post"}],"author":[{"embeddable":true,"href":"https:\/\/fiaf.net\/calabria\/wp-json\/wp\/v2\/users\/64"}],"replies":[{"embeddable":true,"href":"https:\/\/fiaf.net\/calabria\/wp-json\/wp\/v2\/comments?post=829"}],"version-history":[{"count":0,"href":"https:\/\/fiaf.net\/calabria\/wp-json\/wp\/v2\/posts\/829\/revisions"}],"wp:featuredmedia":[{"embeddable":true,"href":"https:\/\/fiaf.net\/calabria\/wp-json\/wp\/v2\/media\/833"}],"wp:attachment":[{"href":"https:\/\/fiaf.net\/calabria\/wp-json\/wp\/v2\/media?parent=829"}],"wp:term":[{"taxonomy":"category","embeddable":true,"href":"https:\/\/fiaf.net\/calabria\/wp-json\/wp\/v2\/categories?post=829"},{"taxonomy":"post_tag","embeddable":true,"href":"https:\/\/fiaf.net\/calabria\/wp-json\/wp\/v2\/tags?post=829"}],"curies":[{"name":"wp","href":"https:\/\/api.w.org\/{rel}","templated":true}]}}