{"id":1822,"date":"2023-11-14T07:30:08","date_gmt":"2023-11-14T06:30:08","guid":{"rendered":"https:\/\/fiaf.net\/campania\/?p=1822"},"modified":"2023-11-14T07:30:08","modified_gmt":"2023-11-14T06:30:08","slug":"tempi-diaframmi-presentazione-nuovo-circolo-fotografico","status":"publish","type":"post","link":"https:\/\/fiaf.net\/campania\/tempi-diaframmi-presentazione-nuovo-circolo-fotografico\/","title":{"rendered":"TEMPI &amp; DIAFRAMMI | presentazione Nuovo Circolo Fotografico"},"content":{"rendered":"<p><strong>TEMPI &amp; DIAFRAMMI | presentazione Nuovo Circolo Fotografico<\/strong>\u00a0| 19 novembre 2023 ore 11:00 nel palazzo della Cultura di Qualiano (NA), importante momento, unico circolo fotografico nell&#8217;area Agro Giuglianese che comprende una popolazione di circa 250.000 abitanti, \u00a0una sfida per noi molto importante per creare un riferimento fotografico in questa vasta area della provincia di Napoli | abbiamo sicuramente bisogno del vostro sostegno, della vostra esperienza e della vostra presenza per supportarci anche se solo moralmente in questa nostra nuova avventura, da soli si va pi\u00f9 veloci ma INSIEME SI VA PI\u00d9 LONTANO | saranno presenti le pi\u00f9 alte cariche istituzionali \u00a0del nostro territorio proprio per far conoscere a tutti che vogliamo fare tante cose e fatte bene<\/p>\n<p><strong>INFORMAZIONI UTILI |<\/strong> il Palazzo della cultura si trova ad angolo tra Piazza G. D&#8217;Annunzio e Via Roma dove vi \u00e8 l&#8217;ingresso, ed \u00e8 isola pedonale, un riferimento importante \u00e8 la chiesa S. Stefano | dove parcheggiare: Via Manzoni, Via Cavour; Via Villa; Piazzetta Madonna delle Grazie, Via De Gasperi, Via Carducci | per chi arriva in autostrada: uscita Afragola direzione Giugliano\/Lago Patria uscita Qualiano<\/p>\n<p><strong>BUONA LUCE | GIUSEPPE RICCIARDIELLO |<\/strong> <strong>Presidente Tempi e Diaframmi\u00a0<\/strong><\/p>\n<p><img loading=\"lazy\" decoding=\"async\" class=\"alignleft size-full wp-image-1823\" src=\"https:\/\/fiaf.net\/campania\/wp-content\/uploads\/sites\/17\/2023\/11\/banner_presentazione-700.jpg\" alt=\"\" width=\"700\" height=\"580\" srcset=\"https:\/\/fiaf.net\/campania\/wp-content\/uploads\/sites\/17\/2023\/11\/banner_presentazione-700.jpg 700w, https:\/\/fiaf.net\/campania\/wp-content\/uploads\/sites\/17\/2023\/11\/banner_presentazione-700-300x249.jpg 300w\" sizes=\"auto, (max-width: 700px) 100vw, 700px\" \/><\/p>\n\n    <div class=\"xs_social_share_widget xs_share_url after_content \t\tmain_content  wslu-style-1 wslu-share-box-shaped wslu-fill-colored wslu-none wslu-share-horizontal wslu-theme-font-no wslu-main_content\">\n\n\t\t\n        <ul>\n\t\t\t        <\/ul>\n    <\/div> \n","protected":false},"excerpt":{"rendered":"<p>TEMPI &amp; DIAFRAMMI | presentazione Nuovo Circolo Fotografico\u00a0| 19 novembre 2023 ore 11:00 nel palazzo della Cultura di Qualiano (NA), &hellip;<\/p>\n","protected":false},"author":81,"featured_media":1825,"comment_status":"closed","ping_status":"closed","sticky":false,"template":"","format":"standard","meta":{"_acf_changed":false,"footnotes":""},"categories":[2],"tags":[],"class_list":["post-1822","post","type-post","status-publish","format-standard","has-post-thumbnail","hentry","category-attivita-circoli"],"acf":[],"_links":{"self":[{"href":"https:\/\/fiaf.net\/campania\/wp-json\/wp\/v2\/posts\/1822","targetHints":{"allow":["GET"]}}],"collection":[{"href":"https:\/\/fiaf.net\/campania\/wp-json\/wp\/v2\/posts"}],"about":[{"href":"https:\/\/fiaf.net\/campania\/wp-json\/wp\/v2\/types\/post"}],"author":[{"embeddable":true,"href":"https:\/\/fiaf.net\/campania\/wp-json\/wp\/v2\/users\/81"}],"replies":[{"embeddable":true,"href":"https:\/\/fiaf.net\/campania\/wp-json\/wp\/v2\/comments?post=1822"}],"version-history":[{"count":1,"href":"https:\/\/fiaf.net\/campania\/wp-json\/wp\/v2\/posts\/1822\/revisions"}],"predecessor-version":[{"id":1824,"href":"https:\/\/fiaf.net\/campania\/wp-json\/wp\/v2\/posts\/1822\/revisions\/1824"}],"wp:featuredmedia":[{"embeddable":true,"href":"https:\/\/fiaf.net\/campania\/wp-json\/wp\/v2\/media\/1825"}],"wp:attachment":[{"href":"https:\/\/fiaf.net\/campania\/wp-json\/wp\/v2\/media?parent=1822"}],"wp:term":[{"taxonomy":"category","embeddable":true,"href":"https:\/\/fiaf.net\/campania\/wp-json\/wp\/v2\/categories?post=1822"},{"taxonomy":"post_tag","embeddable":true,"href":"https:\/\/fiaf.net\/campania\/wp-json\/wp\/v2\/tags?post=1822"}],"curies":[{"name":"wp","href":"https:\/\/api.w.org\/{rel}","templated":true}]}}