{"id":2311,"date":"2024-10-27T08:50:40","date_gmt":"2024-10-27T07:50:40","guid":{"rendered":"https:\/\/fiaf.net\/campania\/?p=2311"},"modified":"2024-10-27T08:53:00","modified_gmt":"2024-10-27T07:53:00","slug":"arkeda-2024-edizione-xi","status":"publish","type":"post","link":"https:\/\/fiaf.net\/campania\/arkeda-2024-edizione-xi\/","title":{"rendered":"ARKEDA 2024 edizione XI"},"content":{"rendered":"<p><strong>ARKEDA 2024 edizione XI<\/strong><br \/>\n<strong>29\/30 novembre &#8211; 1 dicembre<\/strong><br \/>\n<strong>selezione fotografica \u201cIL TEMPO\u201d<\/strong><br \/>\n<strong>mostra conclusiva presso Mostra d\u2019Oltremare<\/strong><br \/>\n1| finalit\u00e0<br \/>\nL\u2019Associazione Flegrea PHOTO, in collaborazione con l\u2019Ordine degli Architetti, bandisce una selezione fotografica finalizzata alla ricerca del rapporto tra tempo e architettura, tra l\u2019uomo e gli spazi di vita che ha creato per la sua esistenza. Tempo e architettura sono termini di una potente dicotomia che considera, insieme, le opere e la loro durata, la loro permanenza e le mutazioni di forma e immagine, la loro conservazione e le trasformazioni sociali, produttive e urbane della citt\u00e0 e del paesaggio.<br \/>\n2| tema<br \/>\nChe cosa \u00e8 il tempo. A questa domanda la filosofia ha dato varie risposte. Per Martin Heidegger \u201cIl tempo \u00e8&#8221; quello dell\u2019esistenza. Lo impieghiamo per agire e lo utilizziamo per realizzare le nostre azioni.Nel lavoro dell\u2019architetto, ingegnere e designer questo \u00e8 molto visibile e pu\u00f2 determinarne fama imperitura o oblio profondo\u201d. Il tempo ha tre declinazioni: passato, presente e futuro. Il passato determina letture diverse ma tutte rassicuranti. Il presente \u00e8 il pi\u00f9 enigmatico e di difficile interpretazione. Il futuro divide i pensatori. Ma il tempo dell\u2019architettura \u00e8 il tempo dell\u2019uomo. Il tempo della follia, della sperimentazione, dell\u2019innovazione, della crescita, della consapevolezza, dell\u2019uguaglianza sono tutte declinazioni che potranno essere individuate nell\u2019ottica del rapporto tra uomo e architettura.<br \/>\n3 | modalit\u00e0 di partecipazione<br \/>\nLa selezione \u00e8 aperta a tutti gli appassionati di fotografia, senza limiti di nazionalit\u00e0, et\u00e0 e professione, ogni autore pu\u00f2 inviare massimo 3 fotografie; la partecipazione comporta una quota di adesione di 10\u20ac, a titolo di parziale contributo alle spese di allestimento della mostra, che potr\u00e0 essere versata in uno nei seguenti modi:<br \/>\n-bonifico bancario a favore di Flegrea Photo IBAN IT83E0306967684510749156633 Intesa Sanpaolo;<br \/>\n-con Paypal accreditando contact@flegreaphoto.it.<br \/>\nSono ammesse fotografie in bianco e nero o a colori, da inviare in formato JPG lato lungo 2500px con risoluzione 300dpi. I file dovranno essere obbligatoriamente denominati nel seguente modo: Cognome-Nome-progressivo (es. Rossi-Mario-01).<br \/>\nLe immagini non devono contenere alcun segno di riconoscimento, quali ad esempio firme o cornici, da inviare in formato digitale all\u2019indirizzo concorsi@flegreaphoto.it allegando la scheda di partecipazione, compilata con i dati richiesti, scaricabile su www.flegreaphoto.it.<\/p>\n<p>&nbsp;<\/p>\n<p><img loading=\"lazy\" decoding=\"async\" class=\"alignleft size-full wp-image-2317\" src=\"https:\/\/fiaf.net\/campania\/wp-content\/uploads\/sites\/17\/2024\/10\/ARKEDA-2024-2.jpg\" alt=\"\" width=\"800\" height=\"260\" srcset=\"https:\/\/fiaf.net\/campania\/wp-content\/uploads\/sites\/17\/2024\/10\/ARKEDA-2024-2.jpg 800w, https:\/\/fiaf.net\/campania\/wp-content\/uploads\/sites\/17\/2024\/10\/ARKEDA-2024-2-300x98.jpg 300w, https:\/\/fiaf.net\/campania\/wp-content\/uploads\/sites\/17\/2024\/10\/ARKEDA-2024-2-768x250.jpg 768w\" sizes=\"auto, (max-width: 800px) 100vw, 800px\" \/><\/p>\n\n    <div class=\"xs_social_share_widget xs_share_url after_content \t\tmain_content  wslu-style-1 wslu-share-box-shaped wslu-fill-colored wslu-none wslu-share-horizontal wslu-theme-font-no wslu-main_content\">\n\n\t\t\n        <ul>\n\t\t\t        <\/ul>\n    <\/div> \n","protected":false},"excerpt":{"rendered":"<p>ARKEDA 2024 edizione XI 29\/30 novembre &#8211; 1 dicembre selezione fotografica \u201cIL TEMPO\u201d mostra conclusiva presso Mostra d\u2019Oltremare 1| finalit\u00e0 &hellip;<\/p>\n","protected":false},"author":81,"featured_media":2317,"comment_status":"closed","ping_status":"closed","sticky":false,"template":"","format":"standard","meta":{"_acf_changed":false,"footnotes":""},"categories":[2,4,5,19],"tags":[],"class_list":["post-2311","post","type-post","status-publish","format-standard","has-post-thumbnail","hentry","category-attivita-circoli","category-generale","category-manifestazioni","category-iniziativa-fiaf-campania"],"acf":[],"_links":{"self":[{"href":"https:\/\/fiaf.net\/campania\/wp-json\/wp\/v2\/posts\/2311","targetHints":{"allow":["GET"]}}],"collection":[{"href":"https:\/\/fiaf.net\/campania\/wp-json\/wp\/v2\/posts"}],"about":[{"href":"https:\/\/fiaf.net\/campania\/wp-json\/wp\/v2\/types\/post"}],"author":[{"embeddable":true,"href":"https:\/\/fiaf.net\/campania\/wp-json\/wp\/v2\/users\/81"}],"replies":[{"embeddable":true,"href":"https:\/\/fiaf.net\/campania\/wp-json\/wp\/v2\/comments?post=2311"}],"version-history":[{"count":4,"href":"https:\/\/fiaf.net\/campania\/wp-json\/wp\/v2\/posts\/2311\/revisions"}],"predecessor-version":[{"id":2318,"href":"https:\/\/fiaf.net\/campania\/wp-json\/wp\/v2\/posts\/2311\/revisions\/2318"}],"wp:featuredmedia":[{"embeddable":true,"href":"https:\/\/fiaf.net\/campania\/wp-json\/wp\/v2\/media\/2317"}],"wp:attachment":[{"href":"https:\/\/fiaf.net\/campania\/wp-json\/wp\/v2\/media?parent=2311"}],"wp:term":[{"taxonomy":"category","embeddable":true,"href":"https:\/\/fiaf.net\/campania\/wp-json\/wp\/v2\/categories?post=2311"},{"taxonomy":"post_tag","embeddable":true,"href":"https:\/\/fiaf.net\/campania\/wp-json\/wp\/v2\/tags?post=2311"}],"curies":[{"name":"wp","href":"https:\/\/api.w.org\/{rel}","templated":true}]}}