{"id":3251,"date":"2026-08-31T19:42:05","date_gmt":"2026-08-31T17:42:05","guid":{"rendered":"https:\/\/fiaf.net\/campania\/?p=3251"},"modified":"2026-08-31T21:04:07","modified_gmt":"2026-08-31T19:04:07","slug":"mostra-il-profilo-della-citta-la-metafisica-dello-sguardo","status":"publish","type":"post","link":"https:\/\/fiaf.net\/campania\/mostra-il-profilo-della-citta-la-metafisica-dello-sguardo\/","title":{"rendered":"Mostra: IL PROFILO DELLA CITT\u00c0 &#8220;La metafisica dello sguardo&#8221;"},"content":{"rendered":"<h1 class=\"PDq2pG_selectionAnchorContainer\" data-section-id=\"tkx0nq\" data-start=\"0\" data-end=\"57\"><span role=\"text\"><strong data-start=\"2\" data-end=\"57\">Il profilo della citt\u00e0. La metafisica dello sguardo<\/strong><\/span><\/h1>\n<h3 class=\"PDq2pG_selectionAnchorContainer\" data-section-id=\"tkx0nq\" data-start=\"0\" data-end=\"57\"><span role=\"text\"><strong data-start=\"62\" data-end=\"144\">La fotografia d\u2019autore di Franco Sortini in mostra al Museo Irpino di Avellino<\/strong><\/span><\/h3>\n<p>&nbsp;<\/p>\n<p><img loading=\"lazy\" decoding=\"async\" class=\" wp-image-3253 alignleft\" src=\"https:\/\/fiaf.net\/campania\/wp-content\/uploads\/sites\/17\/2026\/08\/PHOTO-2026-08-31-16-25-46-819x1024.jpg\" alt=\"\" width=\"478\" height=\"598\" srcset=\"https:\/\/fiaf.net\/campania\/wp-content\/uploads\/sites\/17\/2026\/08\/PHOTO-2026-08-31-16-25-46-819x1024.jpg 819w, https:\/\/fiaf.net\/campania\/wp-content\/uploads\/sites\/17\/2026\/08\/PHOTO-2026-08-31-16-25-46-240x300.jpg 240w, https:\/\/fiaf.net\/campania\/wp-content\/uploads\/sites\/17\/2026\/08\/PHOTO-2026-08-31-16-25-46-768x960.jpg 768w, https:\/\/fiaf.net\/campania\/wp-content\/uploads\/sites\/17\/2026\/08\/PHOTO-2026-08-31-16-25-46.jpg 1080w\" sizes=\"auto, (max-width: 478px) 100vw, 478px\" \/><\/p>\n<p class=\"PDq2pG_selectionAnchorContainer\" style=\"text-align: justify\" data-start=\"188\" data-end=\"404\">Dal <strong data-start=\"192\" data-end=\"225\">4 settembre al 3 ottobre 2026<\/strong>, il <strong data-start=\"230\" data-end=\"300\">Museo Irpino \u2013 Complesso Monumentale Carcere Borbonico di Avellino<\/strong>ospita <em data-start=\"308\" data-end=\"361\">Il profilo della citt\u00e0. La metafisica dello sguardo<\/em>, mostra fotografica di <strong data-start=\"385\" data-end=\"403\">Franco Sortini<\/strong>.<\/p>\n<p style=\"text-align: justify\" data-start=\"406\" data-end=\"694\">L&#8217;esposizione propone un percorso attraverso la citt\u00e0 osservata non tanto nella sua dimensione monumentale o documentaria, quanto attraverso ci\u00f2 che normalmente sfugge allo sguardo: <strong data-start=\"588\" data-end=\"693\">le geometrie, i silenzi, le superfici, le architetture anonime e gli spazi sospesi della quotidianit\u00e0<\/strong>.<\/p>\n<p style=\"text-align: justify\" data-start=\"696\" data-end=\"1086\">Sortini costruisce una fotografia nella quale la citt\u00e0 sembra perdere la propria funzione abituale per trasformarsi in una sorta di <strong data-start=\"828\" data-end=\"849\">paesaggio mentale<\/strong>. Le facciate, le finestre, i margini degli edifici, le strade e gli spazi vuoti diventano elementi di una composizione rigorosa, nella quale la realt\u00e0 viene sottratta al rumore della vita quotidiana e ricondotta alla sua essenza visiva.<\/p>\n<p style=\"text-align: justify\" data-start=\"1088\" data-end=\"1531\">\u00c8 proprio in questa sottrazione che nasce la dimensione <strong data-start=\"1144\" data-end=\"1158\">metafisica<\/strong> del lavoro. L&#8217;assenza o la rarefazione della presenza umana non significa infatti assenza di vita: al contrario, invita lo spettatore a interrogarsi su ci\u00f2 che resta quando la citt\u00e0 viene osservata oltre la sua funzione pratica. L&#8217;architettura diventa cos\u00ec una presenza, quasi un personaggio; le forme acquistano un carattere autonomo e il vuoto assume un ruolo narrativo.<\/p>\n<p style=\"text-align: justify\" data-start=\"1533\" data-end=\"1943\">Il titolo <em data-start=\"1543\" data-end=\"1567\">Il profilo della citt\u00e0<\/em> suggerisce una lettura precisa del progetto: non la citt\u00e0 nel suo insieme, ma il suo <strong data-start=\"1653\" data-end=\"1664\">profilo<\/strong>, ci\u00f2 che emerge attraverso frammenti e dettagli. Una citt\u00e0 pu\u00f2 essere raccontata anche attraverso una parete, una linea prospettica, una finestra chiusa, una porzione di cielo. Sono immagini apparentemente semplici, ma capaci di restituire una sensazione pi\u00f9 profonda del luogo.<\/p>\n<p style=\"text-align: justify\" data-start=\"1945\" data-end=\"2311\">Nelle fotografie di Sortini, inoltre, <strong data-start=\"1983\" data-end=\"2041\">la luce e il colore assumono un&#8217;importanza strutturale<\/strong>. Le superfici architettoniche diventano campi cromatici, mentre le linee e le geometrie organizzano lo spazio dell&#8217;immagine. Il risultato \u00e8 una fotografia essenziale, nella quale il dato reale rimane riconoscibile ma viene trasformato attraverso lo sguardo dell&#8217;autore.<\/p>\n<p style=\"text-align: justify\" data-start=\"2313\" data-end=\"2652\">La mostra invita quindi il pubblico a compiere un&#8217;operazione apparentemente semplice ma tutt&#8217;altro che scontata: <strong data-start=\"2426\" data-end=\"2482\">guardare la citt\u00e0 senza attraversarla distrattamente<\/strong>. Fermarsi davanti a ci\u00f2 che normalmente non merita attenzione e scoprire che, dentro la normalit\u00e0 del paesaggio urbano, possono nascondersi equilibrio, mistero e poesia.<\/p>\n<p style=\"text-align: justify\" data-start=\"2654\" data-end=\"2959\"><em data-start=\"2654\" data-end=\"2678\">Il profilo della citt\u00e0<\/em> non \u00e8 dunque soltanto un racconto fotografico del paesaggio urbano. \u00c8 soprattutto una riflessione sul <strong data-start=\"2795\" data-end=\"2831\">potere dello sguardo fotografico<\/strong>: la capacit\u00e0 di trasformare il quotidiano in qualcosa di inatteso, di isolare un frammento e restituirgli un significato nuovo.<\/p>\n<p style=\"text-align: justify\" data-start=\"2961\" data-end=\"3142\">La mostra sar\u00e0 inaugurata <strong data-start=\"2987\" data-end=\"3030\">venerd\u00ec 4 settembre 2026 alle ore 17.30<\/strong> e rester\u00e0 aperta fino al <strong data-start=\"3056\" data-end=\"3074\">3 ottobre 2026<\/strong> presso il Complesso Monumentale Carcere Borbonico del Museo Irpino.<\/p>\n<p data-start=\"3144\" data-end=\"3390\" data-is-last-node=\"\" data-is-only-node=\"\"><strong data-start=\"3144\" data-end=\"3199\">Il profilo della citt\u00e0. La metafisica dello sguardo<\/strong><br data-start=\"3199\" data-end=\"3202\" \/><strong data-start=\"3202\" data-end=\"3234\">Fotografie di Franco Sortini<\/strong><br data-start=\"3234\" data-end=\"3237\" \/>\ud83d\udccd Museo Irpino \u2013 Complesso Monumentale Carcere Borbonico, Avellino<br data-start=\"3304\" data-end=\"3307\" \/>\ud83d\udcc5 4 settembre \u2013 3 ottobre 2026<br data-start=\"3338\" data-end=\"3341\" \/>\ud83c\udf9e\ufe0f Inaugurazione: venerd\u00ec 4 settembre, ore 17.30<\/p>\n\n    <div class=\"xs_social_share_widget xs_share_url after_content \t\tmain_content  wslu-style-1 wslu-share-box-shaped wslu-fill-colored wslu-none wslu-share-horizontal wslu-theme-font-no wslu-main_content\">\n\n\t\t\n        <ul>\n\t\t\t        <\/ul>\n    <\/div> \n","protected":false},"excerpt":{"rendered":"<p>Il profilo della citt\u00e0. La metafisica dello sguardo La fotografia d\u2019autore di Franco Sortini in mostra al Museo Irpino di &hellip;<\/p>\n","protected":false},"author":81,"featured_media":3256,"comment_status":"closed","ping_status":"closed","sticky":false,"template":"","format":"standard","meta":{"_acf_changed":false,"footnotes":""},"categories":[2,5,6,36],"tags":[],"class_list":["post-3251","post","type-post","status-publish","format-standard","has-post-thumbnail","hentry","category-attivita-circoli","category-manifestazioni","category-personali-fotografiche","category-mostre-fotografiche"],"acf":[],"_links":{"self":[{"href":"https:\/\/fiaf.net\/campania\/wp-json\/wp\/v2\/posts\/3251","targetHints":{"allow":["GET"]}}],"collection":[{"href":"https:\/\/fiaf.net\/campania\/wp-json\/wp\/v2\/posts"}],"about":[{"href":"https:\/\/fiaf.net\/campania\/wp-json\/wp\/v2\/types\/post"}],"author":[{"embeddable":true,"href":"https:\/\/fiaf.net\/campania\/wp-json\/wp\/v2\/users\/81"}],"replies":[{"embeddable":true,"href":"https:\/\/fiaf.net\/campania\/wp-json\/wp\/v2\/comments?post=3251"}],"version-history":[{"count":4,"href":"https:\/\/fiaf.net\/campania\/wp-json\/wp\/v2\/posts\/3251\/revisions"}],"predecessor-version":[{"id":3258,"href":"https:\/\/fiaf.net\/campania\/wp-json\/wp\/v2\/posts\/3251\/revisions\/3258"}],"wp:featuredmedia":[{"embeddable":true,"href":"https:\/\/fiaf.net\/campania\/wp-json\/wp\/v2\/media\/3256"}],"wp:attachment":[{"href":"https:\/\/fiaf.net\/campania\/wp-json\/wp\/v2\/media?parent=3251"}],"wp:term":[{"taxonomy":"category","embeddable":true,"href":"https:\/\/fiaf.net\/campania\/wp-json\/wp\/v2\/categories?post=3251"},{"taxonomy":"post_tag","embeddable":true,"href":"https:\/\/fiaf.net\/campania\/wp-json\/wp\/v2\/tags?post=3251"}],"curies":[{"name":"wp","href":"https:\/\/api.w.org\/{rel}","templated":true}]}}