{"id":1504,"date":"2015-05-06T15:20:09","date_gmt":"2015-05-06T13:20:09","guid":{"rendered":"https:\/\/fiaf.net\/diaf\/?p=1504"},"modified":"2015-05-06T15:20:09","modified_gmt":"2015-05-06T13:20:09","slug":"3-concorso-internazionale-audiovisivi-citta-di-garda","status":"publish","type":"post","link":"https:\/\/fiaf.net\/diaf\/3-concorso-internazionale-audiovisivi-citta-di-garda\/","title":{"rendered":"3\u00b0 Concorso Internazionale Audiovisivi \u201cCitt\u00e0 di Garda\u201d"},"content":{"rendered":"<p>&nbsp;<\/p>\n<p><strong><a href=\"https:\/\/fiaf.net\/diaf\/wp-content\/uploads\/sites\/26\/2013\/01\/Scatto-Garda.jpg\"><img loading=\"lazy\" decoding=\"async\" class=\"alignleft size-full wp-image-281\" src=\"https:\/\/fiaf.net\/diaf\/wp-content\/uploads\/sites\/26\/2013\/01\/Scatto-Garda.jpg\" alt=\"Scatto-Garda\" width=\"170\" height=\"170\" srcset=\"https:\/\/fiaf.net\/diaf\/wp-content\/uploads\/sites\/26\/2013\/01\/Scatto-Garda.jpg 170w, https:\/\/fiaf.net\/diaf\/wp-content\/uploads\/sites\/26\/2013\/01\/Scatto-Garda-150x150.jpg 150w\" sizes=\"auto, (max-width: 170px) 100vw, 170px\" \/><\/a><\/strong><\/p>\n<p>&nbsp;<\/p>\n<p>&nbsp;<\/p>\n<p><strong>Il Gruppo Fotografico Lo Scatto di Garda<\/strong> (Verona)\u00a0 prosegue nella tradizione del Concorso Internazionale Audiovisivi \u201cCitt\u00e0 di Garda\u201d, giunto quest\u2019anno alla terza edizione; aperto agli autori di tutto il mondo, Patrocinio FIAF 15AVF04- FIAP in corso<br \/>\nIl Concorso si svolger\u00e0 dal 26 al 27 maggio 2015 nell\u2019incantevole cornice della sponda veronese del lago di Garda, rinomata localit\u00e0 turistica internazionale in una regione ricca di testimonianze storico\/artistiche e culturali. In palio tre soggiorni a Garda in Hotel cat. 3 stelle o superiore.<br \/>\n<a href=\"https:\/\/fiaf.net\/diaf\/wp-content\/uploads\/sites\/26\/2015\/03\/Regola-Garda_I-2015-1.pdf\" target=\"_blank\" rel=\"noopener\">Regolamento e scheda di iscrizione<\/a> \u2013 <a href=\"https:\/\/fiaf.net\/diaf\/wp-content\/uploads\/sites\/26\/2015\/03\/Fiche-AV-FIAP_editabile.pdf\" target=\"_blank\" rel=\"noopener\"><em>Fiche di identificazione AV<\/em><\/a><\/p>\n<p>&nbsp;<\/p>\n<p><strong>The Photographic Group\u00a0 \u201cLo Scatto\u201d &#8211; Garda<\/strong> (Verona) continues the tradition of the International Audiovisual \u201cCitt\u00e0 di Garda\u201d, now in its third edition ; open to authors from around the world, Patronage FIAF 15AVF04-FIAP being assigned<br \/>\nThe competition will be held 26 to May 27, 2015 in the beautiful setting of the Verona side of Lake Garda, a renowned international tourist destination in a region rich in historical, cultural and artistic heritage.<br \/>\nWinners will be prized with free stays in hotels in Garda cat 3 stars or higher.<br \/>\n<a href=\"https:\/\/fiaf.net\/diaf\/wp-content\/uploads\/sites\/26\/2015\/03\/Regul-Garda_E-2015.pdf\" target=\"_blank\" rel=\"noopener\">Rules and entry form<\/a> \u2013 <a href=\"https:\/\/fiaf.net\/diaf\/wp-content\/uploads\/sites\/26\/2015\/03\/Fiche-AV-FIAP_editabile.pdf\" target=\"_blank\" rel=\"noopener\"><em>AV Identification Fiche<\/em><\/a><\/p>\n<p>&nbsp;<\/p>\n<p><strong>L\u2019Equipe \u00a0photo \u00ab\u00a0Lo Scatto\u00a0\u00bb &#8211; Garda<\/strong> (V\u00e9rone), continue l\u2019organisation du Salon International Audiovisuel \u201cCitt\u00e0 di Garda\u201d, cet ann\u00e9e \u00e0 sa troisi\u00e8me \u00e9dition , ouvert aux auteurs du monde entier, Patronage \u00a0FIAF 15AVF04- FIAP en cours<br \/>\nLa comp\u00e9tition se tiendra du 26 au 27 Mai 2015 dans le cadre magnifique du c\u00f4t\u00e9 de V\u00e9rone Lac de Garde, une destination touristique prestigieuse au niveau international dans une r\u00e9gion avec un riche patrimoine historique, culturel et artistique.<br \/>\nOn pourra gagner \u00a0trois s\u00e9jours dans des h\u00f4tels \u00e0 Garda chat 3 \u00e9toiles ou plus.<br \/>\n<a href=\"https:\/\/fiaf.net\/diaf\/wp-content\/uploads\/sites\/26\/2015\/03\/Re\u0300glem-Garda_F-2015.pdf\" target=\"_blank\" rel=\"noopener\">R\u00e8gles et fiche d\u2019 inscription<\/a> \u2013 <a href=\"https:\/\/fiaf.net\/diaf\/wp-content\/uploads\/sites\/26\/2015\/03\/Fiche-AV-FIAP_editabile.pdf\" target=\"_blank\" rel=\"noopener\"><em>Fiche d\u2019identification AV<\/em><\/a><\/p>\n<p>&#8212;&#8212;&#8212;&#8211;<\/p>\n<p><a href=\"https:\/\/fiaf.net\/diaf\/wp-content\/uploads\/sites\/26\/2015\/05\/Citta-di-GARDA-2015-AV-RICEVUTI-Received-AV-AV-rec\u0327us.pdf\" target=\"_blank\" rel=\"noopener\"><strong>06 maggio 2015: a questo LINK, l&#8217;elenco dei lavori ricevuti &#8211; Received AV &#8211; AV re\u00e7us<\/strong><\/a><\/p>\n\n    <div class=\"xs_social_share_widget xs_share_url after_content \t\tmain_content  wslu-style-1 wslu-share-box-shaped wslu-fill-colored wslu-none wslu-share-horizontal wslu-theme-font-no wslu-main_content\">\n\n\t\t\n        <ul>\n\t\t\t        <\/ul>\n    <\/div> \n","protected":false},"excerpt":{"rendered":"<p>&nbsp; &nbsp; &nbsp; Il Gruppo Fotografico Lo Scatto di Garda (Verona)\u00a0 prosegue nella tradizione del Concorso Internazionale Audiovisivi \u201cCitt\u00e0 di &hellip;<\/p>\n","protected":false},"author":64,"featured_media":0,"comment_status":"closed","ping_status":"open","sticky":false,"template":"","format":"standard","meta":{"_acf_changed":false,"footnotes":""},"categories":[9],"tags":[],"class_list":["post-1504","post","type-post","status-publish","format-standard","hentry","category-attivita"],"acf":[],"_links":{"self":[{"href":"https:\/\/fiaf.net\/diaf\/wp-json\/wp\/v2\/posts\/1504","targetHints":{"allow":["GET"]}}],"collection":[{"href":"https:\/\/fiaf.net\/diaf\/wp-json\/wp\/v2\/posts"}],"about":[{"href":"https:\/\/fiaf.net\/diaf\/wp-json\/wp\/v2\/types\/post"}],"author":[{"embeddable":true,"href":"https:\/\/fiaf.net\/diaf\/wp-json\/wp\/v2\/users\/64"}],"replies":[{"embeddable":true,"href":"https:\/\/fiaf.net\/diaf\/wp-json\/wp\/v2\/comments?post=1504"}],"version-history":[{"count":0,"href":"https:\/\/fiaf.net\/diaf\/wp-json\/wp\/v2\/posts\/1504\/revisions"}],"wp:attachment":[{"href":"https:\/\/fiaf.net\/diaf\/wp-json\/wp\/v2\/media?parent=1504"}],"wp:term":[{"taxonomy":"category","embeddable":true,"href":"https:\/\/fiaf.net\/diaf\/wp-json\/wp\/v2\/categories?post=1504"},{"taxonomy":"post_tag","embeddable":true,"href":"https:\/\/fiaf.net\/diaf\/wp-json\/wp\/v2\/tags?post=1504"}],"curies":[{"name":"wp","href":"https:\/\/api.w.org\/{rel}","templated":true}]}}